{"id":286734,"date":"2025-07-31T12:59:13","date_gmt":"2025-07-31T12:59:13","guid":{"rendered":"https:\/\/www.europesays.com\/fr\/286734\/"},"modified":"2025-07-31T12:59:13","modified_gmt":"2025-07-31T12:59:13","slug":"les-francais-respireraient-plusieurs-dizaines-de-milliers-de-microplastiques-chaque-jour","status":"publish","type":"post","link":"https:\/\/www.europesays.com\/fr\/286734\/","title":{"rendered":"Les Fran\u00e7ais respireraient plusieurs dizaines de milliers de microplastiques chaque jour"},"content":{"rendered":"<p>Une \u00e9tude in\u00e9dite de l\u2019Institut g\u00e9oscientifique de l\u2019Universit\u00e9 de Toulouse, publi\u00e9e ce jeudi 31\u00a0juillet 2025 dans <a href=\"https:\/\/journals.plos.org\/plosone\/\" target=\"_self\" rel=\"noopener\">la revue <\/a>  <a href=\"https:\/\/journals.plos.org\/plosone\/\" target=\"_self\" rel=\"noopener\">Plos One<\/a>  et consult\u00e9e par Franceinfo, r\u00e9v\u00e8le que <strong>\u00ab\u00a0la charge r\u00e9elle des microplastiques inhal\u00e9s a jusqu\u2019\u00e0 pr\u00e9sent \u00e9t\u00e9 massivement sous-estim\u00e9e\u00a0\u00bb<\/strong>.<\/p>\n<p>Chaque jour en France, les adultes respirent en moyenne 68\u00a0000\u00a0microplastiques\u00a0; environ 47\u00a0000\u00a0pour les enfants. Pas plus grandes que 10\u00a0microm\u00e8tres, invisibles \u00e0 l\u2019\u0153il nu, ces particules flottent dans les endroits clos dans lesquels nous passons 94\u00a0% de notre temps\u00a0: appartements, bureaux, voitures,\u00a0etc.<\/p>\n<p>2\u00a0238\u00a0particules par m\u00e8tre cube d\u2019air<\/p>\n<p><a href=\"https:\/\/www.ouest-france.fr\/leditiondusoir\/2025-03-27\/les-microplastiques-sont-partout-on-en-ingererait-meme-avec-les-chewing-gums-selon-une-etude-602cb4aa-77c3-40c8-bb7d-a0f75040d141?utm_source=troove&amp;utm_medium=site\" target=\"_self\" rel=\"noopener\">Ces microplastiques viendraient des mat\u00e9riaux utilis\u00e9s<\/a> dans ces espaces clos. L\u2019\u00e9tude toulousaine rel\u00e8ve particuli\u00e8rement la pr\u00e9sence de poly\u00e9thyl\u00e8ne et de polyamide, pr\u00e9sents autant dans les textiles, que les meubles ou les rev\u00eatements des voitures. D\u2019apr\u00e8s ces r\u00e9sultats, dirig\u00e9s par\u00a0Nadiia Yakovenko, les salons contiendraient 528\u00a0particules par m\u00e8tre cube d\u2019air\u00a0; dans les habitacles de voitures, cela avoisine plut\u00f4t les 2\u00a0238\u00a0microplastiques.<\/p>\n<p>Ces calculs, r\u00e9alis\u00e9s dans un large \u00e9chantillon de <a href=\"https:\/\/aurillac.maville.com\/actu\/actudet_-des-microplastiques-intraitables-et-potentiellement-dangereux-decouverts-dans-les-eaux-de-toulouse-_53511-6638171_actu.Htm?utm_source=troove&amp;utm_medium=site\" target=\"_self\" rel=\"noopener\">foyers du sud de la France<\/a>, sont <strong>\u00ab\u00a0100\u00a0fois plus \u00e9lev\u00e9s\u00a0\u00bb<\/strong> que les pr\u00e9c\u00e9dentes estimations, alertent les chercheurs.<\/p>\n<p><strong>Lire aussi\u00a0:<\/strong>\u00a0<a href=\"https:\/\/rennes.maville.com\/actu\/actudet_-le-big-bang-des-tarifs-de-l-eau-se-traduira-t-il-dans-vos-factures-_53511-6891356_actu.Htm?utm_source=troove&amp;utm_medium=site\" target=\"_self\" rel=\"noopener\">Le big bang des tarifs de l\u2019eau se traduira-t-il dans vos factures\u00a0?<\/a><\/p>\n<p>Des risques pour la sant\u00e9<\/p>\n<p>D\u2019apr\u00e8s les scientifiques toulousains, le risque pour la sant\u00e9 est r\u00e9el. Ces microplastiques, principalement des fibres ou des fragments irr\u00e9guliers, ont plus de facilit\u00e9 \u00e0 se d\u00e9poser sur les voies respiratoires humaines. <strong>\u00ab\u00a0Les additifs contenus dans ces microplastiques leur permettent de circuler facilement dans le corps, en se d\u00e9posant dans le sang\u00a0\u00bb<\/strong>, d\u00e9taille au micro de Franceinfo l\u2019un des chercheurs de l\u2019Universit\u00e9 de Toulouse.<\/p>\n<p>D\u2019autant que les poumons ne sont pas capables d\u2019\u00e9liminer ces particules, les laissant stagner des ann\u00e9es dans l\u2019organisme. Cela peut donc autant \u00eatre \u00e0 l\u2019origine qu\u2019augmenter les risques d\u2019inflammations et de cancers.<\/p>\n<p>\u00a0<\/p>\n","protected":false},"excerpt":{"rendered":"Une \u00e9tude in\u00e9dite de l\u2019Institut g\u00e9oscientifique de l\u2019Universit\u00e9 de Toulouse, publi\u00e9e ce jeudi 31\u00a0juillet 2025 dans la revue&hellip;\n","protected":false},"author":2,"featured_media":286735,"comment_status":"","ping_status":"","sticky":false,"template":"","format":"standard","meta":{"footnotes":""},"categories":[9619],"tags":[1111,11,4656,1777,674,1011,3844,27,4432,4855,16755,12,882,25,42561,2310],"class_list":{"0":"post-286734","1":"post","2":"type-post","3":"status-publish","4":"format-standard","5":"has-post-thumbnail","7":"category-toulon","8":"tag-actu","9":"tag-actualites","10":"tag-dizaines","11":"tag-eu","12":"tag-europe","13":"tag-fr","14":"tag-francais","15":"tag-france","16":"tag-jour","17":"tag-microplastiques","18":"tag-milliers","19":"tag-news","20":"tag-provence-alpes-cote-dazur","21":"tag-republique-francaise","22":"tag-respireraient","23":"tag-toulon"},"share_on_mastodon":{"url":"","error":""},"_links":{"self":[{"href":"https:\/\/www.europesays.com\/fr\/wp-json\/wp\/v2\/posts\/286734","targetHints":{"allow":["GET"]}}],"collection":[{"href":"https:\/\/www.europesays.com\/fr\/wp-json\/wp\/v2\/posts"}],"about":[{"href":"https:\/\/www.europesays.com\/fr\/wp-json\/wp\/v2\/types\/post"}],"author":[{"embeddable":true,"href":"https:\/\/www.europesays.com\/fr\/wp-json\/wp\/v2\/users\/2"}],"replies":[{"embeddable":true,"href":"https:\/\/www.europesays.com\/fr\/wp-json\/wp\/v2\/comments?post=286734"}],"version-history":[{"count":0,"href":"https:\/\/www.europesays.com\/fr\/wp-json\/wp\/v2\/posts\/286734\/revisions"}],"wp:featuredmedia":[{"embeddable":true,"href":"https:\/\/www.europesays.com\/fr\/wp-json\/wp\/v2\/media\/286735"}],"wp:attachment":[{"href":"https:\/\/www.europesays.com\/fr\/wp-json\/wp\/v2\/media?parent=286734"}],"wp:term":[{"taxonomy":"category","embeddable":true,"href":"https:\/\/www.europesays.com\/fr\/wp-json\/wp\/v2\/categories?post=286734"},{"taxonomy":"post_tag","embeddable":true,"href":"https:\/\/www.europesays.com\/fr\/wp-json\/wp\/v2\/tags?post=286734"}],"curies":[{"name":"wp","href":"https:\/\/api.w.org\/{rel}","templated":true}]}}