{"id":286749,"date":"2025-07-31T13:09:10","date_gmt":"2025-07-31T13:09:10","guid":{"rendered":"https:\/\/www.europesays.com\/fr\/286749\/"},"modified":"2025-07-31T13:09:10","modified_gmt":"2025-07-31T13:09:10","slug":"rennes-lyon-real-sociedad-du-beau-mond-au-tournoi-de-football-europeen-u21-a-ploufragan","status":"publish","type":"post","link":"https:\/\/www.europesays.com\/fr\/286749\/","title":{"rendered":"Rennes, Lyon, Real Sociedad\u2026 Du beau mond au tournoi de football europ\u00e9en U21 \u00e0 Ploufragan"},"content":{"rendered":"<p>La 27e \u00e9dition du tournoi de football europ\u00e9en U21 des clubs pros, se d\u00e9roulera du 1er au 3 ao\u00fbt, de 9\u00a0h \u00e0 19\u00a0h, au Centre technique Henri-Gu\u00e9rin \u00e0 Ploufragan. La comp\u00e9tition est compos\u00e9e de deux groupes, le A avec Hambourg, Paris Saint-Germain, Saint-\u00c9tienne, Caen et le B avec Rennes, Lyon, Guingamp et la Real Sociedad.<\/p>\n<p>Pour mieux comprendre l\u2019\u00e9volution des rencontres, voici le contenu de la formule. Les deux premi\u00e8res journ\u00e9es sont consacr\u00e9es aux matchs de qualification soit trois matchs par \u00e9quipe de deux fois 25 minutes. La victoire donne trois points. Une victoire avec deux buts d\u2019\u00e9cart vaut quatre points. Une victoire aux tirs au but apr\u00e8s match nul, deux points. Une d\u00e9faite aux tirs au but un point. Une d\u00e9faite 0 point.<\/p>\n<p>Les finales dimanche<\/p>\n<p>La journ\u00e9e du dimanche 3 ao\u00fbt sera d\u00e9di\u00e9e aux finales directes de deux fois 30 minutes. Les premiers du groupe A et groupe B joueront pour le titre supr\u00eame, pour la troisi\u00e8me place seront oppos\u00e9es les deuxi\u00e8mes de chaque groupe, pour la place de cinqui\u00e8me les troisi\u00e8mes de chaque groupe enfin pour la place de septi\u00e8me, les quatri\u00e8mes de chaque groupe.<\/p>\n<p><b>Pratique<\/b><\/p>\n<p class=\"note\">Vendredi 1er ao\u00fbt\u00a0: 10\u00a0h, Saint-Etienne-Caen terrain de la Ville (TV)\u00a0; 11\u00a0h\u00a015, Hambourg-PSG terrain Breizh Park (BP)\u00a0; 12\u00a0h\u00a030, Stade Rennais-OL (BP)\u00a0; 15\u00a0h\u00a030, Guingamp-Real Sociedad (TV)\u00a0; 16\u00a0h\u00a045, Hambourg-Caen (TB)\u00a0; 18\u00a0h, PSG-Saint-Etienne (TB).<\/p>\n","protected":false},"excerpt":{"rendered":"La 27e \u00e9dition du tournoi de football europ\u00e9en U21 des clubs pros, se d\u00e9roulera du 1er au 3&hellip;\n","protected":false},"author":2,"featured_media":286750,"comment_status":"","ping_status":"","sticky":false,"template":"","format":"standard","meta":{"footnotes":""},"categories":[2821],"tags":[1111,11,829,2171,1777,674,63,1011,27,12,9328,584,25,4937],"class_list":{"0":"post-286749","1":"post","2":"type-post","3":"status-publish","4":"format-standard","5":"has-post-thumbnail","7":"category-rennes","8":"tag-actu","9":"tag-actualites","10":"tag-bretagne","11":"tag-cotes-darmor","12":"tag-eu","13":"tag-europe","14":"tag-football","15":"tag-fr","16":"tag-france","17":"tag-news","18":"tag-ploufragan","19":"tag-rennes","20":"tag-republique-francaise","21":"tag-saint-brieuc"},"share_on_mastodon":{"url":"https:\/\/pubeurope.com\/@fr\/114948011916590318","error":""},"_links":{"self":[{"href":"https:\/\/www.europesays.com\/fr\/wp-json\/wp\/v2\/posts\/286749","targetHints":{"allow":["GET"]}}],"collection":[{"href":"https:\/\/www.europesays.com\/fr\/wp-json\/wp\/v2\/posts"}],"about":[{"href":"https:\/\/www.europesays.com\/fr\/wp-json\/wp\/v2\/types\/post"}],"author":[{"embeddable":true,"href":"https:\/\/www.europesays.com\/fr\/wp-json\/wp\/v2\/users\/2"}],"replies":[{"embeddable":true,"href":"https:\/\/www.europesays.com\/fr\/wp-json\/wp\/v2\/comments?post=286749"}],"version-history":[{"count":0,"href":"https:\/\/www.europesays.com\/fr\/wp-json\/wp\/v2\/posts\/286749\/revisions"}],"wp:featuredmedia":[{"embeddable":true,"href":"https:\/\/www.europesays.com\/fr\/wp-json\/wp\/v2\/media\/286750"}],"wp:attachment":[{"href":"https:\/\/www.europesays.com\/fr\/wp-json\/wp\/v2\/media?parent=286749"}],"wp:term":[{"taxonomy":"category","embeddable":true,"href":"https:\/\/www.europesays.com\/fr\/wp-json\/wp\/v2\/categories?post=286749"},{"taxonomy":"post_tag","embeddable":true,"href":"https:\/\/www.europesays.com\/fr\/wp-json\/wp\/v2\/tags?post=286749"}],"curies":[{"name":"wp","href":"https:\/\/api.w.org\/{rel}","templated":true}]}}