{"id":286761,"date":"2025-07-31T13:15:40","date_gmt":"2025-07-31T13:15:40","guid":{"rendered":"https:\/\/www.europesays.com\/fr\/286761\/"},"modified":"2025-07-31T13:15:40","modified_gmt":"2025-07-31T13:15:40","slug":"un-appartement-prend-feu-dans-le-centre-ville-de-nantes-20-sapeurs-pompiers-mobilises","status":"publish","type":"post","link":"https:\/\/www.europesays.com\/fr\/286761\/","title":{"rendered":"Un appartement prend feu dans le centre-ville de Nantes, 20 sapeurs-pompiers mobilis\u00e9s"},"content":{"rendered":"<p>            Par<br \/>\n        <strong><br \/>\n            <a href=\"https:\/\/actu.fr\/auteur\/clemence-pays02-actu-fr\" title=\"Consulter tous les articles de Cl\u00e9mence Pays\" rel=\"nofollow noopener\" target=\"_blank\">Cl\u00e9mence Pays<\/a><br \/>\n        <\/strong><\/p>\n<p>        Publi\u00e9 le<\/p>\n<p>            31 juil. 2025 \u00e0 9h36        <\/p>\n<p>Dans la soir\u00e9e du mercredi 30\u00a0juillet 2025, \u00e0 22h29, les sapeurs-pompiers de <a href=\"https:\/\/actu.fr\/pays-de-la-loire\/loire-atlantique_44\" rel=\"nofollow noopener\" target=\"_blank\">Loire-Atlantique<\/a> sont intervenus \u00e0 <a href=\"https:\/\/actu.fr\/nantes\/\" rel=\"nofollow noopener\" target=\"_blank\">Nantes<\/a> pour un <strong>feu d\u2019appartement,<\/strong> rue Saint-Charles, non loin du complexe sportif Gaston-Turpin.<\/p>\n<p class=\" wall-content\">L\u2019incendie a pris dans ce logement situ\u00e9 <strong>au 2e \u00e9tage et dernier \u00e9tage d\u2019un immeuble<\/strong> d\u2019habitation.<\/p>\n<p class=\" wall-content\">\u00ab\u2009Le <strong>foyer principal<\/strong> a \u00e9t\u00e9 \u00e9teint au moyen d\u2019une lance \u00e0 incendie\u2009\u00bb, annonce le Centre op\u00e9rationnel d\u00e9partemental d\u2019incendie et de secours (Codis).<\/p>\n<p>Des fissures dans les logements voisins<\/p>\n<p class=\" wall-content\">\u00ab\u2009L\u2019<strong>habitant<\/strong> de l\u2019appartement a \u00e9t\u00e9 pris en charge par les autorit\u00e9s sur place\u2009\u00bb, poursuit le Codis.<\/p>\n<p class=\" wall-content\">Lors de la reconnaissance, les sapeurs-pompiers ont constat\u00e9 la <strong>pr\u00e9sence de fissures<\/strong> dans les appartements contigus, \u00ab\u2009ne n\u00e9cessitant pas n\u00e9anmoins le relogement des locataires\u2009\u00bb.<\/p>\n<p class=\" wall-content\">Au total, <strong>20 soldats du feu<\/strong> ont \u00e9t\u00e9 mobilis\u00e9s.<\/p>\n<p class=\" wall-content\">Suivez toute l\u2019actualit\u00e9 de vos villes et m\u00e9dias favoris en vous inscrivant \u00e0 <a href=\"https:\/\/moncompte.actu.fr\" title=\"D\u00e9couvez Mon Actu\" rel=\"nofollow noopener\" data-trk=\"{&quot;cta&quot;:{&quot;action&quot;:&quot;https:\\\/\\\/moncompte.actu.fr&quot;,&quot;category&quot;:&quot;mon compte&quot;,&quot;from&quot;:&quot;article footer&quot;,&quot;name&quot;:&quot;Mon actu&quot;,&quot;type&quot;:&quot;cta&quot;}}\" target=\"_blank\">Mon Actu<\/a>.<\/p>\n","protected":false},"excerpt":{"rendered":"Par Cl\u00e9mence Pays Publi\u00e9 le 31 juil. 2025 \u00e0 9h36 Dans la soir\u00e9e du mercredi 30\u00a0juillet 2025, \u00e0&hellip;\n","protected":false},"author":2,"featured_media":272285,"comment_status":"","ping_status":"","sticky":false,"template":"","format":"standard","meta":{"footnotes":""},"categories":[2818],"tags":[1111,11,1777,674,118,1011,27,1310,766,12,2636,1311,25],"class_list":{"0":"post-286761","1":"post","2":"type-post","3":"status-publish","4":"format-standard","5":"has-post-thumbnail","7":"category-nantes","8":"tag-actu","9":"tag-actualites","10":"tag-eu","11":"tag-europe","12":"tag-faits-divers","13":"tag-fr","14":"tag-france","15":"tag-incendie","16":"tag-nantes","17":"tag-news","18":"tag-pays-de-la-loire","19":"tag-pompiers","20":"tag-republique-francaise"},"share_on_mastodon":{"url":"https:\/\/pubeurope.com\/@fr\/114948035289044995","error":""},"_links":{"self":[{"href":"https:\/\/www.europesays.com\/fr\/wp-json\/wp\/v2\/posts\/286761","targetHints":{"allow":["GET"]}}],"collection":[{"href":"https:\/\/www.europesays.com\/fr\/wp-json\/wp\/v2\/posts"}],"about":[{"href":"https:\/\/www.europesays.com\/fr\/wp-json\/wp\/v2\/types\/post"}],"author":[{"embeddable":true,"href":"https:\/\/www.europesays.com\/fr\/wp-json\/wp\/v2\/users\/2"}],"replies":[{"embeddable":true,"href":"https:\/\/www.europesays.com\/fr\/wp-json\/wp\/v2\/comments?post=286761"}],"version-history":[{"count":0,"href":"https:\/\/www.europesays.com\/fr\/wp-json\/wp\/v2\/posts\/286761\/revisions"}],"wp:featuredmedia":[{"embeddable":true,"href":"https:\/\/www.europesays.com\/fr\/wp-json\/wp\/v2\/media\/272285"}],"wp:attachment":[{"href":"https:\/\/www.europesays.com\/fr\/wp-json\/wp\/v2\/media?parent=286761"}],"wp:term":[{"taxonomy":"category","embeddable":true,"href":"https:\/\/www.europesays.com\/fr\/wp-json\/wp\/v2\/categories?post=286761"},{"taxonomy":"post_tag","embeddable":true,"href":"https:\/\/www.europesays.com\/fr\/wp-json\/wp\/v2\/tags?post=286761"}],"curies":[{"name":"wp","href":"https:\/\/api.w.org\/{rel}","templated":true}]}}