{"id":286770,"date":"2025-07-31T13:21:10","date_gmt":"2025-07-31T13:21:10","guid":{"rendered":"https:\/\/www.europesays.com\/fr\/286770\/"},"modified":"2025-07-31T13:21:10","modified_gmt":"2025-07-31T13:21:10","slug":"letudiante-gazaouie-accusee-de-propos-antisemites-a-vocation-a-quitter-le-territoire-national-liberation","status":"publish","type":"post","link":"https:\/\/www.europesays.com\/fr\/286770\/","title":{"rendered":"l\u2019\u00e9tudiante gazaouie accus\u00e9e de propos antis\u00e9mites \u00aba vocation \u00e0 quitter le territoire national\u00bb \u2013 Lib\u00e9ration"},"content":{"rendered":"<p class=\"sc-ksZaOG ehjQrN text-element\">D\u00e9sinscrite puis expuls\u00e9e. Une \u00e9tudiante gazaouie vis\u00e9e par une enqu\u00eate judiciaire pour \u00abapologie du terrorisme et apologie de crime contre l\u2019humanit\u00e9\u00bb apr\u00e8s des publications violemment antis\u00e9mites, \u00aba vocation \u00e0 quitter le territoire national\u00bb, a d\u00e9clar\u00e9 ce jeudi 31 juillet \u00e0 l\u2019AFP une source diplomatique fran\u00e7aise. Des captures d\u2019\u00e9cran circulant sur les r\u00e9seaux sociaux montrent qu\u2019un compte \u2013 attribu\u00e9 \u00e0 cette \u00e9tudiante par des internautes et ferm\u00e9 depuis \u2013 a notamment repartag\u00e9 des messages appelant \u00e0 tuer des Juifs.<\/p>\n<p class=\"sc-ksZaOG ehjQrN text-element\">Arriv\u00e9e en France le 11 juillet, la jeune femme avait b\u00e9n\u00e9fici\u00e9 d\u2019une bourse du gouvernement pour pouvoir \u00e9tudier \u00e0<a href=\"https:\/\/www.liberation.fr\/idees-et-debats\/tribunes\/reforme-des-admissions-a-sciences-po-non-au-retour-du-concours-ecrit-20250415_IQV344XATBD3RKNNX6BLDLNC2Q\/\" target=\"_blank\" rel=\"noreferrer noopener\" title=\"https:\/\/www.liberation.fr\/idees-et-debats\/tribunes\/reforme-des-admissions-a-sciences-po-non-au-retour-du-concours-ecrit-20250415_IQV344XATBD3RKNNX6BLDLNC2Q\/\"> l\u2019\u00e9cole d\u2019enseignement sup\u00e9rieur Sciences-Po Lille<\/a>, dans le nord de la France, dans le cadre d\u2019un programme destin\u00e9s aux \u00e9tudiants gazaouis cr\u00e9\u00e9 il y a un an, a pr\u00e9cis\u00e9 cette source.<\/p>\n<p class=\"sc-ksZaOG ehjQrN text-element\">Les boursiers \u00absont s\u00e9lectionn\u00e9s sur des crit\u00e8res d\u2019excellence acad\u00e9mique et font l\u2019objet de v\u00e9rifications de s\u00e9curit\u00e9 par les services comp\u00e9tents avant leur arriv\u00e9e en France\u00bb, selon la m\u00eame source. \u00abLe ministre de l\u2019Europe et des affaires \u00e9trang\u00e8res et le ministre de l\u2019Int\u00e9rieur ont demand\u00e9 le lancement d\u2019une enqu\u00eate interne, afin que cette situation ne se reproduise plus\u00bb, a-t-elle dit. La destination vers laquelle pourrait \u00eatre renvoy\u00e9e l\u2019\u00e9tudiante n\u2019a pas \u00e9t\u00e9 pr\u00e9cis\u00e9e.<\/p>\n<p class=\"sc-ksZaOG ehjQrN text-element\">Le parquet de Lille a annonc\u00e9 jeudi l\u2019ouverture d\u2019une enqu\u00eate pour \u00abapologie du terrorisme, apologie de crime contre l\u2019humanit\u00e9 avec utilisation d\u2019un service de communication au public en ligne\u00bb.<\/p>\n<p class=\"sc-ksZaOG ehjQrN text-element\">La jeune femme <a href=\"https:\/\/www.liberation.fr\/societe\/education\/sciences-po-lille-linscription-dune-etudiante-gazaouie-annulee-apres-la-decouverte-de-propos-antisemites-sur-internet-20250730_TFFIEFXZENH25JP46AY4NUJTNA\/?redirected=1\" target=\"_blank\" rel=\"noreferrer noopener\" title=\"https:\/\/www.liberation.fr\/societe\/education\/sciences-po-lille-linscription-dune-etudiante-gazaouie-annulee-apres-la-decouverte-de-propos-antisemites-sur-internet-20250730_TFFIEFXZENH25JP46AY4NUJTNA\/?redirected=1\">a \u00e9t\u00e9 d\u00e9sinscrite mercredi de l\u2019IEP<\/a>, o\u00f9 elle devait \u00e9tudier \u00e0 partir de septembre, car le contenu de certaines de ses publications \u00abentre en contradiction frontale avec les valeurs port\u00e9es par Sciences-Po Lille\u00bb, a par ailleurs indiqu\u00e9 l\u2019\u00e9tablissement.<\/p>\n<p class=\"sc-ksZaOG ehjQrN text-element\">Plusieurs centaines de personnes &#8211; ressortissants fran\u00e7ais, boursiers, artistes ou chercheurs notamment &#8211; ont \u00e9t\u00e9 \u00e9vacu\u00e9es de Gaza par la France depuis le d\u00e9but de la guerre lanc\u00e9e en repr\u00e9sailles \u00e0 l\u2019attaque du Hamas en Isra\u00ebl le 7 octobre 2023, selon la source diplomatique.<\/p>\n","protected":false},"excerpt":{"rendered":"D\u00e9sinscrite puis expuls\u00e9e. Une \u00e9tudiante gazaouie vis\u00e9e par une enqu\u00eate judiciaire pour \u00abapologie du terrorisme et apologie de&hellip;\n","protected":false},"author":2,"featured_media":286771,"comment_status":"","ping_status":"","sticky":false,"template":"","format":"standard","meta":{"footnotes":""},"categories":[2815],"tags":[1111,11,1777,674,1011,27,3517,811,664,1307,12,25,5516],"class_list":{"0":"post-286770","1":"post","2":"type-post","3":"status-publish","4":"format-standard","5":"has-post-thumbnail","7":"category-lille","8":"tag-actu","9":"tag-actualites","10":"tag-eu","11":"tag-europe","12":"tag-fr","13":"tag-france","14":"tag-gaza-l-escalade","15":"tag-hauts-de-france","16":"tag-israel","17":"tag-lille","18":"tag-news","19":"tag-republique-francaise","20":"tag-sciences-po"},"share_on_mastodon":{"url":"https:\/\/pubeurope.com\/@fr\/114948058850606257","error":""},"_links":{"self":[{"href":"https:\/\/www.europesays.com\/fr\/wp-json\/wp\/v2\/posts\/286770","targetHints":{"allow":["GET"]}}],"collection":[{"href":"https:\/\/www.europesays.com\/fr\/wp-json\/wp\/v2\/posts"}],"about":[{"href":"https:\/\/www.europesays.com\/fr\/wp-json\/wp\/v2\/types\/post"}],"author":[{"embeddable":true,"href":"https:\/\/www.europesays.com\/fr\/wp-json\/wp\/v2\/users\/2"}],"replies":[{"embeddable":true,"href":"https:\/\/www.europesays.com\/fr\/wp-json\/wp\/v2\/comments?post=286770"}],"version-history":[{"count":0,"href":"https:\/\/www.europesays.com\/fr\/wp-json\/wp\/v2\/posts\/286770\/revisions"}],"wp:featuredmedia":[{"embeddable":true,"href":"https:\/\/www.europesays.com\/fr\/wp-json\/wp\/v2\/media\/286771"}],"wp:attachment":[{"href":"https:\/\/www.europesays.com\/fr\/wp-json\/wp\/v2\/media?parent=286770"}],"wp:term":[{"taxonomy":"category","embeddable":true,"href":"https:\/\/www.europesays.com\/fr\/wp-json\/wp\/v2\/categories?post=286770"},{"taxonomy":"post_tag","embeddable":true,"href":"https:\/\/www.europesays.com\/fr\/wp-json\/wp\/v2\/tags?post=286770"}],"curies":[{"name":"wp","href":"https:\/\/api.w.org\/{rel}","templated":true}]}}