{"id":286784,"date":"2025-07-31T13:28:11","date_gmt":"2025-07-31T13:28:11","guid":{"rendered":"https:\/\/www.europesays.com\/fr\/286784\/"},"modified":"2025-07-31T13:28:11","modified_gmt":"2025-07-31T13:28:11","slug":"une-greve-perturbe-la-collecte-des-dechets","status":"publish","type":"post","link":"https:\/\/www.europesays.com\/fr\/286784\/","title":{"rendered":"une gr\u00e8ve perturbe la collecte des d\u00e9chets"},"content":{"rendered":"<p>            Par<br \/>\n        <strong><br \/>\n            <a href=\"https:\/\/actu.fr\/auteur\/sarah-coulet\" title=\"Consulter tous les articles de Sarah Coulet\" rel=\"nofollow noopener\" target=\"_blank\">Sarah Coulet<\/a><br \/>\n        <\/strong><\/p>\n<p>        Publi\u00e9 le<\/p>\n<p>            31 juil. 2025 \u00e0 14h12        <\/p>\n<p>Les riverains ont d\u00fb le remarquer\u2009: dans certains arrondissements de Paris, les poubelles n\u2019ont pas \u00e9t\u00e9 ramass\u00e9es, mercredi 30 juillet 2025. Une <a href=\"https:\/\/actu.fr\/tag\/greve\" rel=\"nofollow noopener\" target=\"_blank\">gr\u00e8ve<\/a> initi\u00e9e par les conducteurs de bennes d\u2019ordure m\u00e9nag\u00e8re en soutien \u00e0 leurs coll\u00e8gues impliqu\u00e9s dans <strong>deux accidents<\/strong> survenus quelques jours plus t\u00f4t \u2014 dont l\u2019un, mortel, a co\u00fbt\u00e9 la vie \u00e0 <a href=\"https:\/\/actu.fr\/ile-de-france\/paris_75056\/mort-d-un-petit-garcon-ecrase-par-un-camion-poubelle-a-paris-ce-que-l-on-sait_62936717.html\" rel=\"nofollow noopener\" target=\"_blank\">un petit gar\u00e7on de trois ans<\/a> dans le 12e arrondissement de Paris le 20\u00a0juillet 2025.<\/p>\n<p class=\" wall-content\">Quelques jours plus tard, le conducteur du v\u00e9hicule a \u00e9t\u00e9 mis en examen pour homicide routier et violation manifestement d\u00e9lib\u00e9r\u00e9e d\u2019une obligation de s\u00e9curit\u00e9 ou de prudence. Dans la foul\u00e9e, la <a href=\"https:\/\/actu.fr\/tag\/mairie-de-paris\" rel=\"nofollow noopener\" target=\"_blank\">mairie de Paris<\/a> a pris la d\u00e9cision de le suspendre.<\/p>\n<p>\u00ab\u00a0Remise en cause grave de la pr\u00e9somption d\u2019innocence\u00a0\u00bb<\/p>\n<p class=\" wall-content\">Une d\u00e9cision qui a indign\u00e9 les syndicats de la profession. Le mardi 29\u00a0juillet 2025, dans une lettre adress\u00e9e \u00e0 Olivia Polski, maire adjointe charg\u00e9e des ressources humaines, du dialogue social et de la qualit\u00e9 du service public de la Ville de Paris, la CGT FTDNEEA d\u00e9non\u00e7ait \u00ab\u2009une <strong>remise en cause grave de la pr\u00e9somption d\u2019innocence<\/strong>\u2009\u00bb et une mise en difficult\u00e9 de l\u2019agent \u00ab\u2009pour assurer le soutien psychologique dont il peut avoir besoin\u2009\u00bb.<\/p>\n<p class=\" wall-content\">Plut\u00f4t qu\u2019une suspension, la CGT demande qu\u2019il \u00ab\u2009soit plac\u00e9 en <strong>accident de travail<\/strong> avec effet r\u00e9troactif\u2009\u00bb et que \u00ab\u2009la protection fonctionnelle\u2009\u00bb soit maintenue pour sa d\u00e9fense.<\/p>\n<p class=\" wall-content\">Contact\u00e9e par <a href=\"https:\/\/actu.fr\/paris\/dernieres-actus\" rel=\"nofollow noopener\" target=\"_blank\">actu Paris<\/a>, la mairie pr\u00e9cise que cette suspension \u00ab\u2009le temps de l\u2019enqu\u00eate\u2009\u00bb fait partie \u00ab\u2009de la <strong>proc\u00e9dure habituelle<\/strong>\u2009\u00bb. Une gr\u00e8ve d\u2019une journ\u00e9e qui n\u2019aurait, par ailleurs, pas eu beaucoup d\u2019impact, le retard ayant pu \u00eatre rattrap\u00e9 ce jeudi 31\u00a0juillet 2025.<\/p>\n<p class=\" wall-content\">En parall\u00e8le de l\u2019enqu\u00eate judiciaire qui se poursuit, la CGT FTDNEEA a demand\u00e9 l\u2019ouverture d\u2019une <strong>enqu\u00eate sur les conditions de travail<\/strong> et de s\u00e9curit\u00e9 des agents de propret\u00e9 de la Ville de Paris. Des informations \u00ab\u2009fournies par l\u2019administration\u2009\u00bb, lors d\u2019une r\u00e9union de la formation sp\u00e9cialis\u00e9e en sant\u00e9, s\u00e9curit\u00e9 et conditions de travail (F3SCT), feraient appara\u00eetre \u00ab\u2009de vraies probl\u00e9matiques sur les conditions de travail de certains des agents concern\u00e9s\u2009\u00bb lors des accidents.<\/p>\n<p class=\" wall-content\">Suivez toute l\u2019actualit\u00e9 de vos villes et m\u00e9dias favoris en vous inscrivant \u00e0 <a href=\"https:\/\/moncompte.actu.fr\" title=\"D\u00e9couvez Mon Actu\" rel=\"nofollow noopener\" data-trk=\"{&quot;cta&quot;:{&quot;action&quot;:&quot;https:\\\/\\\/moncompte.actu.fr&quot;,&quot;category&quot;:&quot;mon compte&quot;,&quot;from&quot;:&quot;article footer&quot;,&quot;name&quot;:&quot;Mon actu&quot;,&quot;type&quot;:&quot;cta&quot;}}\" target=\"_blank\">Mon Actu<\/a>.<\/p>\n<ul class=\"ac-article-tag wall-content\">\n<li><a href=\"https:\/\/actu.fr\/tag\/accident\" data-trk=\"{&quot;cta&quot;:{&quot;action&quot;:&quot;Accident&quot;,&quot;category&quot;:&quot;tag&quot;,&quot;from&quot;:&quot;article footer&quot;,&quot;name&quot;:&quot;Accident&quot;,&quot;type&quot;:&quot;cta&quot;}}\" rel=\"nofollow noopener\" target=\"_blank\">#Accident<\/a><\/li>\n<li><a href=\"https:\/\/actu.fr\/tag\/mairie-de-paris\" data-trk=\"{&quot;cta&quot;:{&quot;action&quot;:&quot;Mairie de Paris&quot;,&quot;category&quot;:&quot;tag&quot;,&quot;from&quot;:&quot;article footer&quot;,&quot;name&quot;:&quot;Mairie de Paris&quot;,&quot;type&quot;:&quot;cta&quot;}}\" rel=\"nofollow noopener\" target=\"_blank\">#Mairie de Paris<\/a><\/li>\n<\/ul>\n","protected":false},"excerpt":{"rendered":"Par Sarah Coulet Publi\u00e9 le 31 juil. 2025 \u00e0 14h12 Les riverains ont d\u00fb le remarquer\u2009: dans certains&hellip;\n","protected":false},"author":2,"featured_media":286785,"comment_status":"","ping_status":"","sticky":false,"template":"","format":"standard","meta":{"footnotes":""},"categories":[1888],"tags":[119,1111,1928,11,1927,1777,674,1011,27,2381,12,1926,626,1925,25,104],"class_list":{"0":"post-286784","1":"post","2":"type-post","3":"status-publish","4":"format-standard","5":"has-post-thumbnail","7":"category-paris","8":"tag-accident","9":"tag-actu","10":"tag-actu-paris","11":"tag-actualites","12":"tag-actualites-paris","13":"tag-eu","14":"tag-europe","15":"tag-fr","16":"tag-france","17":"tag-mairie-de-paris","18":"tag-news","19":"tag-news-paris","20":"tag-paris","21":"tag-paris-news","22":"tag-republique-francaise","23":"tag-societe"},"share_on_mastodon":{"url":"https:\/\/pubeurope.com\/@fr\/114948086404403196","error":""},"_links":{"self":[{"href":"https:\/\/www.europesays.com\/fr\/wp-json\/wp\/v2\/posts\/286784","targetHints":{"allow":["GET"]}}],"collection":[{"href":"https:\/\/www.europesays.com\/fr\/wp-json\/wp\/v2\/posts"}],"about":[{"href":"https:\/\/www.europesays.com\/fr\/wp-json\/wp\/v2\/types\/post"}],"author":[{"embeddable":true,"href":"https:\/\/www.europesays.com\/fr\/wp-json\/wp\/v2\/users\/2"}],"replies":[{"embeddable":true,"href":"https:\/\/www.europesays.com\/fr\/wp-json\/wp\/v2\/comments?post=286784"}],"version-history":[{"count":0,"href":"https:\/\/www.europesays.com\/fr\/wp-json\/wp\/v2\/posts\/286784\/revisions"}],"wp:featuredmedia":[{"embeddable":true,"href":"https:\/\/www.europesays.com\/fr\/wp-json\/wp\/v2\/media\/286785"}],"wp:attachment":[{"href":"https:\/\/www.europesays.com\/fr\/wp-json\/wp\/v2\/media?parent=286784"}],"wp:term":[{"taxonomy":"category","embeddable":true,"href":"https:\/\/www.europesays.com\/fr\/wp-json\/wp\/v2\/categories?post=286784"},{"taxonomy":"post_tag","embeddable":true,"href":"https:\/\/www.europesays.com\/fr\/wp-json\/wp\/v2\/tags?post=286784"}],"curies":[{"name":"wp","href":"https:\/\/api.w.org\/{rel}","templated":true}]}}