{"id":286792,"date":"2025-07-31T13:32:22","date_gmt":"2025-07-31T13:32:22","guid":{"rendered":"https:\/\/www.europesays.com\/fr\/286792\/"},"modified":"2025-07-31T13:32:22","modified_gmt":"2025-07-31T13:32:22","slug":"le-chef-de-la-diplomatie-syrienne-dit-vouloir-la-russie-aux-cotes-de-la-syrie","status":"publish","type":"post","link":"https:\/\/www.europesays.com\/fr\/286792\/","title":{"rendered":"Le chef de la diplomatie syrienne dit vouloir la Russie aux \u00ab\u00a0c\u00f4t\u00e9s\u00a0\u00bb de la Syrie"},"content":{"rendered":"<p>Dans une p\u00e9riode \u00ab\u00a0remplie de d\u00e9fis et de menaces\u00a0\u00bb, Damas souhaite avoir Moscou \u00e0 ses \u00ab\u00a0c\u00f4t\u00e9s\u00a0\u00bb, a indiqu\u00e9 le chef de la diplomatie syrienne, ce jeudi 31 juillet.<\/p>\n<p>Le chef de la <a href=\"https:\/\/www.bfmtv.com\/international\/moyen-orient\/syrie\/ils-ont-brule-la-maison-une-franco-syrienne-bloquee-a-soueida-encerclee-par-des-forces-jihadistes-sa-famille-inquiete_AV-202507310320.html\" title=\"&quot;Ils ont br\u00fbl\u00e9 la maison&quot;: une Franco-Syrienne bloqu\u00e9e \u00e0 Soueida, encercl\u00e9e par des forces jihadistes, sa famille inqui\u00e8te\" class=\"internal_link\" rel=\"nofollow noopener\" target=\"_blank\">diplomatie syrienne<\/a> a affirm\u00e9 que son pays voulait avoir la <a href=\"https:\/\/www.bfmtv.com\/international\/moyen-orient\/syrie\/la-russie-condamne-les-bombardements-israeliens-en-syrie-menes-en-violation-du-droit-international_AD-202507170306.html\" title=\"La Russie condamne les bombardements isra\u00e9liens en Syrie, men\u00e9s en &quot;violation&quot; du droit international\" class=\"internal_link\" rel=\"nofollow noopener\" target=\"_blank\">Russie<\/a> \u00ab\u00a0\u00e0 (ses) c\u00f4t\u00e9s\u00a0\u00bb, lors de sa premi\u00e8re visite officielle \u00e0 Moscou depuis la chute du pr\u00e9sident syrien Bachar al-Assad en d\u00e9cembre, dont le Kremlin \u00e9tait un des principaux alli\u00e9s, ce jeudi 31 juillet.<\/p>\n<p>\u00ab\u00a0C&rsquo;est une p\u00e9riode remplie de d\u00e9fis et de menaces. Mais c&rsquo;est aussi l&rsquo;occasion de construire une Syrie unie et forte. Et, bien s\u00fbr, nous souhaitons que la Russie soit \u00e0 nos c\u00f4t\u00e9s sur cette voie\u00a0\u00bb, a d\u00e9clar\u00e9 le ministre Assaad al-Chaibani, selon une traduction en russe de ses propos.<\/p>\n<p>Soutien de Bachar al-Assad<\/p>\n<p>La Russie \u00e9tait un grand soutien de Bachar al-Assad, qui s&rsquo;y est r\u00e9fugi\u00e9 apr\u00e8s sa chute. Elle \u00e9tait venue \u00e0 son secours en 2015 en intervenant militairement en Syrie, participant \u00e0 la r\u00e9pression impitoyable des rebelles, notamment en menant des frappes a\u00e9riennes d\u00e9vastatrices.<\/p>\n<p>Mais le nouveau pouvoir syrien, r\u00e9solument appuy\u00e9 par les Etats-Unis, a maintenu les ponts avec la Russie. Lors de sa visite, Assaad al-Chaibani doit notamment \u00e9voquer le sort de deux bases militaires que la Russie maintient et souhaite conserver en Syrie, la base navale de Tartous et l&rsquo;a\u00e9rodrome militaire de Hmeimim situ\u00e9s sur la c\u00f4te.<\/p>\n<p>Sergue\u00ef Lavrov a lui assur\u00e9 jeudi que la Russie \u00e9tait \u00ab\u00a0pr\u00eate \u00e0 fournir au peuple syrien toute l&rsquo;aide possible pour la reconstruction post-conflit\u00a0\u00bb.<\/p>\n","protected":false},"excerpt":{"rendered":"Dans une p\u00e9riode \u00ab\u00a0remplie de d\u00e9fis et de menaces\u00a0\u00bb, Damas souhaite avoir Moscou \u00e0 ses \u00ab\u00a0c\u00f4t\u00e9s\u00a0\u00bb, a indiqu\u00e9&hellip;\n","protected":false},"author":2,"featured_media":286793,"comment_status":"","ping_status":"","sticky":false,"template":"","format":"standard","meta":{"footnotes":""},"categories":[1591],"tags":[11,1887,12,1885,1886,132],"class_list":{"0":"post-286792","1":"post","2":"type-post","3":"status-publish","4":"format-standard","5":"has-post-thumbnail","7":"category-russie","8":"tag-actualites","9":"tag-federation-de-russie","10":"tag-news","11":"tag-russia","12":"tag-russian-federation","13":"tag-russie"},"share_on_mastodon":{"url":"https:\/\/pubeurope.com\/@fr\/114948102201463267","error":""},"_links":{"self":[{"href":"https:\/\/www.europesays.com\/fr\/wp-json\/wp\/v2\/posts\/286792","targetHints":{"allow":["GET"]}}],"collection":[{"href":"https:\/\/www.europesays.com\/fr\/wp-json\/wp\/v2\/posts"}],"about":[{"href":"https:\/\/www.europesays.com\/fr\/wp-json\/wp\/v2\/types\/post"}],"author":[{"embeddable":true,"href":"https:\/\/www.europesays.com\/fr\/wp-json\/wp\/v2\/users\/2"}],"replies":[{"embeddable":true,"href":"https:\/\/www.europesays.com\/fr\/wp-json\/wp\/v2\/comments?post=286792"}],"version-history":[{"count":0,"href":"https:\/\/www.europesays.com\/fr\/wp-json\/wp\/v2\/posts\/286792\/revisions"}],"wp:featuredmedia":[{"embeddable":true,"href":"https:\/\/www.europesays.com\/fr\/wp-json\/wp\/v2\/media\/286793"}],"wp:attachment":[{"href":"https:\/\/www.europesays.com\/fr\/wp-json\/wp\/v2\/media?parent=286792"}],"wp:term":[{"taxonomy":"category","embeddable":true,"href":"https:\/\/www.europesays.com\/fr\/wp-json\/wp\/v2\/categories?post=286792"},{"taxonomy":"post_tag","embeddable":true,"href":"https:\/\/www.europesays.com\/fr\/wp-json\/wp\/v2\/tags?post=286792"}],"curies":[{"name":"wp","href":"https:\/\/api.w.org\/{rel}","templated":true}]}}