{"id":286794,"date":"2025-07-31T13:33:14","date_gmt":"2025-07-31T13:33:14","guid":{"rendered":"https:\/\/www.europesays.com\/fr\/286794\/"},"modified":"2025-07-31T13:33:14","modified_gmt":"2025-07-31T13:33:14","slug":"ukraine-le-parlement-approuve-le-retablissement-de-lindependance-dinstances-anticorruption-2","status":"publish","type":"post","link":"https:\/\/www.europesays.com\/fr\/286794\/","title":{"rendered":"Ukraine. Le Parlement approuve le r\u00e9tablissement de l&rsquo;ind\u00e9pendance d&rsquo;instances anticorruption"},"content":{"rendered":"<p>Le pr\u00e9sident ukrainien <a href=\"https:\/\/www.ledauphine.com\/p\/volodymyr-zelensky\" target=\"_blank\" rel=\"noopener\">Volodymyr Zelensky<\/a> a annonc\u00e9 jeudi avoir promulgu\u00e9 la<a href=\"https:\/\/www.ledauphine.com\/politique\/2025\/07\/30\/a-la-veille-d-un-vote-au-parlement-kiev-promet-de-corriger-la-loi-anticorruption-critiquee\" target=\"_blank\" rel=\"noopener\"> loi r\u00e9tablissant l&rsquo;ind\u00e9pendance d&rsquo;instances anticorruption<\/a> tout juste vot\u00e9e par le parlement, revenant sur un pr\u00e9c\u00e9dent texte d\u00e9cri\u00e9 par la soci\u00e9t\u00e9 civile et l&rsquo;Union europ\u00e9enne.<\/p>\n<p>\u00ab Je viens de signer le document et le texte sera publi\u00e9 imm\u00e9diatement \u00bb, a-t-il dit dans un message publi\u00e9 sur Telegram, se f\u00e9licitant que cette l\u00e9gislation garantisse \u00ab le travail normal et ind\u00e9pendant \u00bb de ces instances.<\/p>\n<p>Le Parlement ukrainien avait approuv\u00e9 plus t\u00f4t dans la journ\u00e9e \u00e0 une vaste majorit\u00e9 ce projet de loi. Un total de 331 d\u00e9put\u00e9s, le minimum requis \u00e9tant de 226, ont vot\u00e9 en faveur du nouveau texte propos\u00e9 par le pr\u00e9sident Volodymyr Zelensky, au cours de la session pl\u00e9ni\u00e8re retransmise en direct. La Premi\u00e8re ministre Yulia Svyrydenko a aussit\u00f4t salu\u00e9 le vote, assurant que la nouvelle loi \u00ab \u00e9limine le risque d&rsquo;ing\u00e9rence dans le travail des organismes de lutte contre la corruption \u00bb.\u00a0<\/p>\n<p>\u00ab\u00a0Une r\u00e9ponse claire aux attentes\u00a0\u00bb<\/p>\n<p>\u00ab Il s&rsquo;agit d&rsquo;une r\u00e9ponse claire aux attentes de la soci\u00e9t\u00e9 et de nos partenaires europ\u00e9ens \u00bb, a-t-elle ajout\u00e9 sur les r\u00e9seaux sociaux.\u00a0 Le pr\u00e9c\u00e9dent document vot\u00e9 le 22 juillet pla\u00e7ait l&rsquo;agence nationale anticorruption (le NABU) et le parquet sp\u00e9cialis\u00e9 anticorruption (le SAP) directement sous la tutelle du procureur g\u00e9n\u00e9ral, lui-m\u00eame nomm\u00e9 par le chef de l&rsquo;\u00c9tat.\u00a0<\/p>\n<p>D\u00e9cri\u00e9e par la soci\u00e9t\u00e9 civile et l&rsquo;Union europ\u00e9enne, soutien cl\u00e9 de Kiev face \u00e0 la Russie, la loi avait aussi provoqu\u00e9 les premi\u00e8res manifestations d&rsquo;ampleur en Ukraine depuis le d\u00e9but de l&rsquo;invasion russe en 2022. Confront\u00e9 \u00e0 la premi\u00e8re crise politique grave depuis le d\u00e9but de son mandat, il y a six ans, Volodymyr Zelensky a d&rsquo;abord tent\u00e9 de d\u00e9fendre le texte en accusant les structures concern\u00e9es d&rsquo;inefficacit\u00e9 et d&rsquo;\u00eatre sous \u00ab influence russe \u00bb.\u00a0 Il a fini par assurer jeudi avoir \u00ab \u00e9cout\u00e9 \u00bb le manifestants et propos\u00e9 un nouveau texte, salu\u00e9 par le NABU et le SAP, et qui vient d&rsquo;\u00eatre vot\u00e9 par les d\u00e9put\u00e9s.\u00a0<\/p>\n","protected":false},"excerpt":{"rendered":"Le pr\u00e9sident ukrainien Volodymyr Zelensky a annonc\u00e9 jeudi avoir promulgu\u00e9 la loi r\u00e9tablissant l&rsquo;ind\u00e9pendance d&rsquo;instances anticorruption tout juste&hellip;\n","protected":false},"author":2,"featured_media":286795,"comment_status":"","ping_status":"","sticky":false,"template":"","format":"standard","meta":{"footnotes":""},"categories":[1590],"tags":[11,3206,1777,674,107,329,12,316,220],"class_list":{"0":"post-286794","1":"post","2":"type-post","3":"status-publish","4":"format-standard","5":"has-post-thumbnail","7":"category-ukraine","8":"tag-actualites","9":"tag-defense-guerre-conflit","10":"tag-eu","11":"tag-europe","12":"tag-fil-info","13":"tag-france-monde","14":"tag-news","15":"tag-politique","16":"tag-ukraine"},"share_on_mastodon":{"url":"https:\/\/pubeurope.com\/@fr\/114948106053726027","error":""},"_links":{"self":[{"href":"https:\/\/www.europesays.com\/fr\/wp-json\/wp\/v2\/posts\/286794","targetHints":{"allow":["GET"]}}],"collection":[{"href":"https:\/\/www.europesays.com\/fr\/wp-json\/wp\/v2\/posts"}],"about":[{"href":"https:\/\/www.europesays.com\/fr\/wp-json\/wp\/v2\/types\/post"}],"author":[{"embeddable":true,"href":"https:\/\/www.europesays.com\/fr\/wp-json\/wp\/v2\/users\/2"}],"replies":[{"embeddable":true,"href":"https:\/\/www.europesays.com\/fr\/wp-json\/wp\/v2\/comments?post=286794"}],"version-history":[{"count":0,"href":"https:\/\/www.europesays.com\/fr\/wp-json\/wp\/v2\/posts\/286794\/revisions"}],"wp:featuredmedia":[{"embeddable":true,"href":"https:\/\/www.europesays.com\/fr\/wp-json\/wp\/v2\/media\/286795"}],"wp:attachment":[{"href":"https:\/\/www.europesays.com\/fr\/wp-json\/wp\/v2\/media?parent=286794"}],"wp:term":[{"taxonomy":"category","embeddable":true,"href":"https:\/\/www.europesays.com\/fr\/wp-json\/wp\/v2\/categories?post=286794"},{"taxonomy":"post_tag","embeddable":true,"href":"https:\/\/www.europesays.com\/fr\/wp-json\/wp\/v2\/tags?post=286794"}],"curies":[{"name":"wp","href":"https:\/\/api.w.org\/{rel}","templated":true}]}}