{"id":286798,"date":"2025-07-31T13:35:09","date_gmt":"2025-07-31T13:35:09","guid":{"rendered":"https:\/\/www.europesays.com\/fr\/286798\/"},"modified":"2025-07-31T13:35:09","modified_gmt":"2025-07-31T13:35:09","slug":"un-homme-soupconne-davoir-empoisonne-des-enfants-dans-un-camp-de-vacances","status":"publish","type":"post","link":"https:\/\/www.europesays.com\/fr\/286798\/","title":{"rendered":"un homme soup\u00e7onn\u00e9 d&rsquo;avoir empoisonn\u00e9 des enfants dans un camp de vacances"},"content":{"rendered":"<p>Huit victimes ont \u00e9t\u00e9 hospitalis\u00e9es. Le suspect avait semble-t-il \u00abl\u2019intention de blesser, de nuire ou d\u2019importuner\u00bb, selon la police locale.<\/p>\n<p class=\"fig-paragraph\">Stupeur dans un camp de vacances britannique. Un homme de 76 ans a \u00e9t\u00e9 arr\u00eat\u00e9 dans le nord de l&rsquo;<a href=\"http:\/\/www.lefigaro.fr\/voyages\/dossier\/angleterre\" target=\"_blank\" data-fig-type=\"Topic\" rel=\"noopener nofollow\" data-gtm-custom-categorie=\"navigation\" data-gtm-custom-action=\"crossclick\" data-gtm-custom-label=\"Contextuel\" data-gtm-event=\"customEventSPE\" data-fig-domain=\"LEFIGARO\">Angleterre<\/a>, soup\u00e7onn\u00e9 d&rsquo;avoir empoisonn\u00e9 des enfants, parmi lesquels huit ont \u00e9t\u00e9 hospitalis\u00e9s par pr\u00e9caution, a indiqu\u00e9 ce jeudi la police locale.<\/p>\n<p class=\"fig-paragraph\">Les faits se sont produits dans un camp de vacances situ\u00e9 \u00e0 Stathern, dans le Leicestershire, explique la police, indiquant avoir \u00e9t\u00e9 inform\u00e9e ce lundi du fait que plusieurs enfants ne se sentaient pas bien.<\/p>\n<p>                                    <a class=\"fig-a11y-skip a11y-hidden\" href=\"#fig-a11y-skip-main-inarticle\"><br \/>\n        Passer la publicit\u00e9<br \/>\n    <\/a><\/p>\n<p class=\"fig-paragraph\">Sur place, les forces de l&rsquo;ordre et les services d&rsquo;urgence ont examin\u00e9 les enfants, \u00e9tablissant un \u00abcentre de triage\u00bb dans une commune voisine, et ont d\u00e9cid\u00e9 d&rsquo;hospitaliser huit d&rsquo;entre eux \u00abpar pr\u00e9caution\u00bb. \u00abIls ont depuis tous quitt\u00e9 l&rsquo;h\u00f4pital\u00bb, pr\u00e9cise la police jeudi.<\/p>\n<p>\u00abDans l\u2019intention de blesser, de nuire ou d\u2019importuner\u00bb<\/p>\n<p class=\"fig-paragraph\">\u00abUn homme de 76 ans a \u00e9t\u00e9 arr\u00eat\u00e9 dans le camp, suspect\u00e9 d&rsquo;avoir administr\u00e9 un\u00a0<a href=\"http:\/\/www.lefigaro.fr\/flash-actu\/philippines-des-gaz-nocifs-rejetes-par-un-volcan-font-fuir-des-centaines-de-personnes-20240911\" target=\"_blank\" data-fig-type=\"NewsFlash\" rel=\"noopener nofollow\" data-gtm-custom-categorie=\"navigation\" data-gtm-custom-action=\"crossclick\" data-gtm-custom-label=\"Contextuel\" data-gtm-event=\"customEventSPE\" data-fig-domain=\"LEFIGARO\">poison\u00a0<\/a> ou une substance nocive dans l&rsquo;intention de blesser, de nuire ou d&rsquo;importuner. Il est toujours en d\u00e9tention\u00bb, a-t-elle ajout\u00e9, sans pr\u00e9ciser la nature exacte de la substance administr\u00e9e.<\/p>\n<p class=\"fig-paragraph\">\u00abNous comprenons l&rsquo;inqui\u00e9tude que cet incident a suscit\u00e9e chez les parents, les responsables (du camp) et la communaut\u00e9 environnante\u00bb, a d\u00e9clar\u00e9 l&rsquo;inspecteur Neil Holden. \u00abNous sommes en contact avec les parents et responsables des enfants concern\u00e9s\u00bb, a-t-il ajout\u00e9.<\/p>\n","protected":false},"excerpt":{"rendered":"Huit victimes ont \u00e9t\u00e9 hospitalis\u00e9es. Le suspect avait semble-t-il \u00abl\u2019intention de blesser, de nuire ou d\u2019importuner\u00bb, selon la&hellip;\n","protected":false},"author":2,"featured_media":286799,"comment_status":"","ping_status":"","sticky":false,"template":"","format":"standard","meta":{"footnotes":""},"categories":[1588],"tags":[11,1777,674,12,473,1853,1851,1850,1852,2528],"class_list":{"0":"post-286798","1":"post","2":"type-post","3":"status-publish","4":"format-standard","5":"has-post-thumbnail","7":"category-royaume-uni","8":"tag-actualites","9":"tag-eu","10":"tag-europe","11":"tag-news","12":"tag-royaume-uni","13":"tag-royaume-uni-de-grande-bretagne-et-dirlande-du-nord","14":"tag-uk","15":"tag-united-kingdom","16":"tag-united-kingdom-of-great-britain-and-northern-ireland","17":"tag-vacances"},"share_on_mastodon":{"url":"https:\/\/pubeurope.com\/@fr\/114948113927422858","error":""},"_links":{"self":[{"href":"https:\/\/www.europesays.com\/fr\/wp-json\/wp\/v2\/posts\/286798","targetHints":{"allow":["GET"]}}],"collection":[{"href":"https:\/\/www.europesays.com\/fr\/wp-json\/wp\/v2\/posts"}],"about":[{"href":"https:\/\/www.europesays.com\/fr\/wp-json\/wp\/v2\/types\/post"}],"author":[{"embeddable":true,"href":"https:\/\/www.europesays.com\/fr\/wp-json\/wp\/v2\/users\/2"}],"replies":[{"embeddable":true,"href":"https:\/\/www.europesays.com\/fr\/wp-json\/wp\/v2\/comments?post=286798"}],"version-history":[{"count":0,"href":"https:\/\/www.europesays.com\/fr\/wp-json\/wp\/v2\/posts\/286798\/revisions"}],"wp:featuredmedia":[{"embeddable":true,"href":"https:\/\/www.europesays.com\/fr\/wp-json\/wp\/v2\/media\/286799"}],"wp:attachment":[{"href":"https:\/\/www.europesays.com\/fr\/wp-json\/wp\/v2\/media?parent=286798"}],"wp:term":[{"taxonomy":"category","embeddable":true,"href":"https:\/\/www.europesays.com\/fr\/wp-json\/wp\/v2\/categories?post=286798"},{"taxonomy":"post_tag","embeddable":true,"href":"https:\/\/www.europesays.com\/fr\/wp-json\/wp\/v2\/tags?post=286798"}],"curies":[{"name":"wp","href":"https:\/\/api.w.org\/{rel}","templated":true}]}}