{"id":286800,"date":"2025-07-31T13:36:10","date_gmt":"2025-07-31T13:36:10","guid":{"rendered":"https:\/\/www.europesays.com\/fr\/286800\/"},"modified":"2025-07-31T13:36:10","modified_gmt":"2025-07-31T13:36:10","slug":"pour-faire-des-economies-lallemagne-reduit-son-aide-au-developpement","status":"publish","type":"post","link":"https:\/\/www.europesays.com\/fr\/286800\/","title":{"rendered":"Pour faire des \u00e9conomies, l\u2019Allemagne r\u00e9duit son aide au d\u00e9veloppement"},"content":{"rendered":"\n<p>\u201cCoup dur pour les organisations humanitaires.\u201d Le 30\u00a0juillet, le gouvernement du chancelier allemand, le conservateur Friedrich Merz, a pr\u00e9sent\u00e9 son budget pour 2026. <a class=\"ithalc\" data-ithal=\"lien_externe\" data-ithalc=\"[nav_article]\" target=\"_blank\" href=\"https:\/\/www.dw.com\/de\/berlin-k%C3%BCrzt-entwicklungshilfe-hilfsorganisationen-warnen\/a-73468257\" rel=\"noopener\">Et, d\u2019apr\u00e8s le site de la <strong>Deutsche Welle<\/strong><\/a><strong>, <\/strong>le montant d\u00e9volu \u00e0 l\u2019aide au d\u00e9veloppement y est drastiquement r\u00e9duit, passant \u201cpour la premi\u00e8re fois depuis 2018\u00a0sous la barre des 10\u00a0milliards d\u2019euros\u201d.<\/p>\n<p>\u201cC\u2019est une perte de 330\u00a0millions d\u2019euros, pr\u00e9cise le m\u00e9dia d\u2019outre-Rhin. L\u2019an dernier d\u00e9j\u00e0, le budget avait \u00e9t\u00e9 amput\u00e9 de pr\u00e8s de 1\u00a0milliard d\u2019euros.\u201d Et cette tendance devrait continuer dans les ann\u00e9es \u00e0 venir, selon les plans du gouvernement pour la p\u00e9riode 2027-2029.<\/p>\n<p>Mais l\u2019aide au d\u00e9veloppement n\u2019est pas la seule enveloppe touch\u00e9e. Au grand d\u00e9sarroi des organisations non gouvernementales (ONG), \u201cles fonds allou\u00e9s \u00e0 l\u2019aide humanitaire d\u2019urgence dans le budget du minist\u00e8re des Affaires \u00e9trang\u00e8res devraient diminuer au moins de moiti\u00e9 l\u2019an prochain\u201d.<\/p>\n<p>                    Une tendance mondiale       <\/p>\n<p>Ce faisant, l\u2019Allemagne suit une \u201cdynamique g\u00e9n\u00e9rale d\u2019\u00e9conomies r\u00e9alis\u00e9es au d\u00e9triment des plus d\u00e9munis dans le monde entier\u201d. C\u2019est en tout cas ce qu\u2019affirme Oliver M\u00fcller, directeur de l\u2019organisation humanitaire chr\u00e9tienne Caritas, \u00e0 la Deutsche Welle. <a href=\"https:\/\/www.courrierinternational.com\/article\/pendant-que-vous-dormiez-gaza-usaid-et-wimbledon-les-informations-de-la-nuit_232673\" target=\"_blank\" rel=\"noopener\">Le d\u00e9mant\u00e8lement de l\u2019agence am\u00e9ricaine pour le d\u00e9veloppement USAID<\/a> en est le symbole le plus marquant. Mais en sus des \u00c9tats-Unis, d\u2019autres pays, comme le Royaume-Uni ou la Belgique, ont eux aussi annonc\u00e9 des coupes budg\u00e9taires importantes dans ce domaine.<\/p>\n<p>En Allemagne, 17\u00a0ONG \u2212\u00a0parmi lesquelles Oxfam et la Welthungerhilfe\u00a0\u2212 ont d\u00e9nonc\u00e9 en d\u00e9but de semaine le projet budg\u00e9taire allemand, en assurant qu\u2019il mettait en danger \u201cdes programmes d\u2019importance vitale pour leurs b\u00e9n\u00e9ficiaires, mais aussi les int\u00e9r\u00eats strat\u00e9giques et la cr\u00e9dibilit\u00e9 de Berlin sur la sc\u00e8ne internationale\u201d. Un appel similaire avait \u00e9t\u00e9 lanc\u00e9 fin juin par 30 autres ONG.<\/p>\n<p>La coalition des chr\u00e9tiens conservateurs et des sociaux-d\u00e9mocrates consid\u00e8re quant \u00e0 elle que l\u2019Allemagne a actuellement d\u2019autres priorit\u00e9s. \u201cD\u2019apr\u00e8s le ministre des Finances, Lars Klingbeil, le budget de 2026 \u2013 financ\u00e9 pour un tiers par de nouveaux emprunts \u2013 mettra l\u2019accent sur la consolidation des finances publiques, la capacit\u00e9 d\u2019adaptation de l\u2019Allemagne et la disponibilit\u00e9 op\u00e9rationnelle de l\u2019arm\u00e9e, un enjeu de plus en plus pressant face \u00e0 la menace russe.\u201d Sans <a href=\"https:\/\/www.courrierinternational.com\/sujet\/vladimir-poutine\" target=\"_blank\" rel=\"noopener\">Vladimir Poutine<\/a>, a affirm\u00e9 le social-d\u00e9mocrate, les comptes de l\u2019Allemagne seraient totalement diff\u00e9rents.<\/p>\n","protected":false},"excerpt":{"rendered":"\u201cCoup dur pour les organisations humanitaires.\u201d Le 30\u00a0juillet, le gouvernement du chancelier allemand, le conservateur Friedrich Merz, a&hellip;\n","protected":false},"author":2,"featured_media":286801,"comment_status":"","ping_status":"","sticky":false,"template":"","format":"standard","meta":{"footnotes":""},"categories":[1587],"tags":[11,672,1804,1805,1803,4625,1777,674,1801,12,316,1802,2542],"class_list":{"0":"post-286800","1":"post","2":"type-post","3":"status-publish","4":"format-standard","5":"has-post-thumbnail","7":"category-allemagne","8":"tag-actualites","9":"tag-allemagne","10":"tag-bundesrepublik-deutschland","11":"tag-de","12":"tag-deutschland","13":"tag-droits-humains","14":"tag-eu","15":"tag-europe","16":"tag-germany","17":"tag-news","18":"tag-politique","19":"tag-republique-federale-dallemagne","20":"tag-u00e9conomie"},"share_on_mastodon":{"url":"https:\/\/pubeurope.com\/@fr\/114948117828223112","error":""},"_links":{"self":[{"href":"https:\/\/www.europesays.com\/fr\/wp-json\/wp\/v2\/posts\/286800","targetHints":{"allow":["GET"]}}],"collection":[{"href":"https:\/\/www.europesays.com\/fr\/wp-json\/wp\/v2\/posts"}],"about":[{"href":"https:\/\/www.europesays.com\/fr\/wp-json\/wp\/v2\/types\/post"}],"author":[{"embeddable":true,"href":"https:\/\/www.europesays.com\/fr\/wp-json\/wp\/v2\/users\/2"}],"replies":[{"embeddable":true,"href":"https:\/\/www.europesays.com\/fr\/wp-json\/wp\/v2\/comments?post=286800"}],"version-history":[{"count":0,"href":"https:\/\/www.europesays.com\/fr\/wp-json\/wp\/v2\/posts\/286800\/revisions"}],"wp:featuredmedia":[{"embeddable":true,"href":"https:\/\/www.europesays.com\/fr\/wp-json\/wp\/v2\/media\/286801"}],"wp:attachment":[{"href":"https:\/\/www.europesays.com\/fr\/wp-json\/wp\/v2\/media?parent=286800"}],"wp:term":[{"taxonomy":"category","embeddable":true,"href":"https:\/\/www.europesays.com\/fr\/wp-json\/wp\/v2\/categories?post=286800"},{"taxonomy":"post_tag","embeddable":true,"href":"https:\/\/www.europesays.com\/fr\/wp-json\/wp\/v2\/tags?post=286800"}],"curies":[{"name":"wp","href":"https:\/\/api.w.org\/{rel}","templated":true}]}}