{"id":28681,"date":"2025-04-16T07:05:32","date_gmt":"2025-04-16T07:05:32","guid":{"rendered":"https:\/\/www.europesays.com\/fr\/28681\/"},"modified":"2025-04-16T07:05:32","modified_gmt":"2025-04-16T07:05:32","slug":"les-10-jours-de-la-culture-sont-lances","status":"publish","type":"post","link":"https:\/\/www.europesays.com\/fr\/28681\/","title":{"rendered":"Les 10 Jours de la Culture sont lanc\u00e9s"},"content":{"rendered":"<p>Top d\u00e9part pour les 10\u00a0Jours de la Culture\u00a0! En cette belle journ\u00e9e de printemps, de nombreux curieux se sont press\u00e9s \u00e0 La Correspondance, \u00e0 Grenoble, ce samedi 12\u00a0avril. Durant toute l\u2019apr\u00e8s-midi, des activit\u00e9s et des spectacles ont \u00e9t\u00e9 propos\u00e9s au public. Au programme\u00a0: un show de haute voltige par la compagnie de cirque El Nucleo, slam, fresque participative\u2026 Et pour les plus t\u00e9m\u00e9raires, DJ sets jusqu\u2019\u00e0 minuit. Simultan\u00e9ment, d\u2019autres \u00e9v\u00e9nements culturels&#8230;<\/p>\n","protected":false},"excerpt":{"rendered":"Top d\u00e9part pour les 10\u00a0Jours de la Culture\u00a0! En cette belle journ\u00e9e de printemps, de nombreux curieux se&hellip;\n","protected":false},"author":2,"featured_media":28682,"comment_status":"","ping_status":"","sticky":false,"template":"","format":"standard","meta":{"footnotes":""},"categories":[9566],"tags":[1111,11,2430,1687,112,1777,674,2271,1011,27,2731,2732,12,25,3140],"class_list":{"0":"post-28681","1":"post","2":"type-post","3":"status-publish","4":"format-standard","5":"has-post-thumbnail","7":"category-grenoble","8":"tag-actu","9":"tag-actualites","10":"tag-auvergne-rhone-alpes","11":"tag-culture-loisirs","12":"tag-edition-grenoble-agglomeration","13":"tag-eu","14":"tag-europe","15":"tag-exposition-arts-plastiques","16":"tag-fr","17":"tag-france","18":"tag-grenoble","19":"tag-grenoble-bassin","20":"tag-news","21":"tag-republique-francaise","22":"tag-spectacle"},"share_on_mastodon":{"url":"https:\/\/pubeurope.com\/@fr\/114346375535755081","error":""},"_links":{"self":[{"href":"https:\/\/www.europesays.com\/fr\/wp-json\/wp\/v2\/posts\/28681","targetHints":{"allow":["GET"]}}],"collection":[{"href":"https:\/\/www.europesays.com\/fr\/wp-json\/wp\/v2\/posts"}],"about":[{"href":"https:\/\/www.europesays.com\/fr\/wp-json\/wp\/v2\/types\/post"}],"author":[{"embeddable":true,"href":"https:\/\/www.europesays.com\/fr\/wp-json\/wp\/v2\/users\/2"}],"replies":[{"embeddable":true,"href":"https:\/\/www.europesays.com\/fr\/wp-json\/wp\/v2\/comments?post=28681"}],"version-history":[{"count":0,"href":"https:\/\/www.europesays.com\/fr\/wp-json\/wp\/v2\/posts\/28681\/revisions"}],"wp:featuredmedia":[{"embeddable":true,"href":"https:\/\/www.europesays.com\/fr\/wp-json\/wp\/v2\/media\/28682"}],"wp:attachment":[{"href":"https:\/\/www.europesays.com\/fr\/wp-json\/wp\/v2\/media?parent=28681"}],"wp:term":[{"taxonomy":"category","embeddable":true,"href":"https:\/\/www.europesays.com\/fr\/wp-json\/wp\/v2\/categories?post=28681"},{"taxonomy":"post_tag","embeddable":true,"href":"https:\/\/www.europesays.com\/fr\/wp-json\/wp\/v2\/tags?post=28681"}],"curies":[{"name":"wp","href":"https:\/\/api.w.org\/{rel}","templated":true}]}}