{"id":286812,"date":"2025-07-31T13:44:10","date_gmt":"2025-07-31T13:44:10","guid":{"rendered":"https:\/\/www.europesays.com\/fr\/286812\/"},"modified":"2025-07-31T13:44:10","modified_gmt":"2025-07-31T13:44:10","slug":"quelle-equipe-type-pour-castres-la-saison-prochaine","status":"publish","type":"post","link":"https:\/\/www.europesays.com\/fr\/286812\/","title":{"rendered":"quelle \u00e9quipe type pour Castres la saison prochaine\u00a0?"},"content":{"rendered":"<p>            Par<br \/>\n        <strong><br \/>\n            <a href=\"https:\/\/actu.fr\/auteur\/anthony-assemat\" title=\"Consulter tous les articles de Anthony Assemat\" rel=\"nofollow noopener\" target=\"_blank\">Anthony Assemat<\/a><br \/>\n        <\/strong><\/p>\n<p>        Publi\u00e9 le<\/p>\n<p>            31 juil. 2025 \u00e0 12h28        <\/p>\n<p>Apr\u00e8s une saison historique mais marqu\u00e9e par le d\u00e9c\u00e8s de Josaia Raisuqe, le Castres Olympique va tenter de faire au moins aussi bien dans un Top 14 toujours plus relev\u00e9. Voici l\u2019\u00e9quipe type de Castres la saison prochaine.<\/p>\n<p>Les arriv\u00e9es : le club fid\u00e8le \u00e0 la fili\u00e8re Pro D2\u00a0<\/p>\n<p class=\" wall-content\">Chaque ann\u00e9e, le<a href=\"https:\/\/castres-olympique.com\/\" rel=\"nofollow noopener\" target=\"_blank\"> Castres Olympique<\/a> fait dans la stabilit\u00e9 et la couture pour peaufiner son effectif. La saison 2025-2026 ne d\u00e9rogera pas \u00e0 la r\u00e8gle et le CO poursuit sa strat\u00e9gie de recrutement ax\u00e9e notamment sur la fili\u00e8re de la Pro D2.\u00a0<\/p>\n<p class=\" wall-content\">On observera de pr\u00e8s les prestations de deux jeunes d\u00e9j\u00e0 rompus \u00e0 ce championnat. Pour le talonneur d\u2019Oyonnax <strong>Teddy Durand<\/strong> (25 ans), c\u2019est un retour au plus haut niveau : il \u00e9tait d\u00e9j\u00e0 dans l\u2019effectif haut-bugiste en 2023-2024 lors de leur passage en Top 14 et avait r\u00e9alis\u00e9 23 feuilles de match, la majorit\u00e9 en tant que titulaire. Ajoutez \u00e0 cela ses quasi-90 matchs en Pro D2 et vous tenez l\u00e0 un profil solide pour remplacer Ga\u00ebtan Barlot, parti \u00e0 l\u2019UBB.<\/p>\n<p class=\" wall-content\">A l\u2019aile, aux c\u00f4t\u00e9s des Palis, Hulleu, Ambadiang et Baget, <strong>Adam Vargas<\/strong> (24 ans) d\u00e9barque de Valence-Romans pour \u00e9toffer la concurrence. Il a connu la Nationale et la Pro D2 avec les Damiers (22 essais inscrits lors des deux derni\u00e8res saisons de Pro D2) et sa progression l\u2019a naturellement amen\u00e9 vers une \u00e9curie du Top 14. Le genre de profil qui peut coller parfaitement au projet de jeu de Xavier Sadourny. Mais il devra gommer son principal d\u00e9faut : l\u2019indiscipline. Huit cartons jaunes et un rouge en 44 matchs, c\u2019est un peu trop pour un ailier\u2026<\/p>\n<p class=\" wall-content\">Castres a une relation particuli\u00e8re avec ses joueurs fidjiens. Parmi les cinq joueurs de l\u2019effectif \u00e0 venir, deux vont d\u00e9couvrir le stade Pierre-Fabre : l\u2019arri\u00e8re polyvalent <strong>Vuate Karawalevu<\/strong> (Fijian Drua) et le 3e ligne <strong>Veresa Ramototabua<\/strong> (Oyonnax).\u00a0<\/p>\n<p class=\" wall-content\"><strong>Les arriv\u00e9es :\u00a0<\/strong><\/p>\n<p class=\" wall-content\"><strong>\u2013 Teddy Durand<\/strong> (talonneur, Oyonnax)<br \/><strong>\u2013 Adam Vargas<\/strong> (ailier, Valence-Romans)<br \/><strong>\u2013 Vuate Karawalevu<\/strong> (arri\u00e8re, Fijian Drua)<br \/><strong>\u2013 Veresa Ramototabua<\/strong> (3e ligne Oyonnax)<\/p>\n<p>Les d\u00e9parts : Barlot et Zeghdar s\u2019en vont, Dumora dans le staff<\/p>\n<p class=\" wall-content\">La particularit\u00e9 des Tarnais \u00e0 l\u2019intersaison ? Ils n\u2019ont quasiment pas perdu de joueur titulaire indiscutable. Le seul d\u00e9part notable dans cette cat\u00e9gorie est le talonneur international <strong>Ga\u00ebtan Barlot<\/strong> (capitaine cet \u00e9t\u00e9 pour le deuxi\u00e8me test en Nouvelle-Z\u00e9lande avec l\u2019\u00e9quipe de France), parti relever le d\u00e9fi bordelais.<\/p>\n<p class=\" wall-content\">Car si le d\u00e9part d\u2019un champion olympique est forc\u00e9ment marquant, en l\u2019occurrence celui d\u2019<strong>Antoine Zeghdar,<\/strong> m\u00e9daill\u00e9 d\u2019or il y a un an \u00e0 Paris, le centre-ailier n\u2019est apparu que quatre fois la saison derni\u00e8re avec les Bleu et Blanc (pour une seule titularisation lors du naufrage castrais au Stadium contre Toulouse)\u2026 Il revient dans le circuit \u00e0 7 et a sign\u00e9 un nouveau contrat avec la FFR.<\/p>\n<p class=\" wall-content\">A l\u2019arri\u00e8re, <strong>Julien Dumora<\/strong> (37 ans) a stopp\u00e9 sa carri\u00e8re mais a int\u00e9gr\u00e9 le staff tarnais. Apr\u00e8s 11 saisons comme titulaire inamovible du poste (un titre de champion de France en 2018 \u00e0 la cl\u00e9), les cl\u00e9s du camion ont progressivement \u00e9t\u00e9 laiss\u00e9es au jeune Th\u00e9o Chabouni.<\/p>\n<p class=\" wall-content\">Un seul regret : celui de ne pas avoir vu davantage le prometteur ouvreur g\u00e9orgien<strong> Luka Matkava<\/strong>, arriv\u00e9 comme joker m\u00e9dical de Pierre Popelin. Il devrait engranger plus de temps de jeu avec Oyonnax, en Pro D2.<\/p>\n<p class=\" wall-content\"><strong>Les d\u00e9parts :<\/strong><\/p>\n<p class=\" wall-content\"><strong>\u2013 Ga\u00ebtan Barlot<\/strong> (talonneur, UBB)<br \/><strong>\u2013 Antoine Zeghdar<\/strong> (centre-ailier, France 7)<br \/><strong>\u2013 Julien Dumora<\/strong> (arri\u00e8re, retraite)<br \/><strong>\u2013 Yann Peysson<\/strong> (3e ligne, Brive)<br \/>\u2013<strong> Luka Matkava<\/strong> (ouvreur, Oyonnax)<br \/><strong>\u2013 Joris Dupont<\/strong> (centre, Mont-de-Marsan)<br \/><strong>\u2013 Izaiha Moore-Aiono<\/strong> (3e ligne, Valence-Romans)<\/p>\n<p>L\u2019objectif : retrouver le Top 6\u2026 en pensant \u00e0 Raisuqe<\/p>\n<p class=\" wall-content\">Castres reste sur une saison marqu\u00e9e par <a href=\"https:\/\/actu.fr\/sports\/rugby\/pro\/video-le-bel-hommage-rendu-par-castres-et-bordeaux-begles-a-josaia-raisuqe_62651070.html\" rel=\"nofollow noopener\" target=\"_blank\">le d\u00e9c\u00e8s brutal du Fidjien Josaia Raisuqe<\/a>, endeuillant le Top 14 et rendant la fin de saison particuli\u00e8re d\u2019un point de vue psychologique.<\/p>\n<p class=\" wall-content\">Sportivement, c\u2019est une saison historique, <a href=\"https:\/\/actu.fr\/occitanie\/castres_81065\/castres-bat-trevise-a-l-orgueil-et-sera-en-1-4-de-champions-cup-ce-qui-nous-a-plu-et-deplu_62472126.html\" rel=\"nofollow noopener\" target=\"_blank\">marqu\u00e9e par un quart de finale en Champions Cup.<\/a> Chose qui ne lui \u00e9tait plus arriv\u00e9e depuis\u2026 23 ans ! En Top 14, si le club du pr\u00e9sident <strong>Pierre-Yves Revol<\/strong> n\u2019a pas ramen\u00e9 un 6e Bouclier de Brennus dans la vitrine, il est parvenu \u00e0 atteindre les phases finales face \u00e0 une rude concurrence (La Rochelle, Pau, Montpellier\u2026) et pour la premi\u00e8re fois depuis leur \u00e9pop\u00e9e de 2022. <a href=\"https:\/\/actu.fr\/provence-alpes-cote-d-azur\/toulon_83137\/j-ai-besoin-de-vous-dire-ce-que-c-est-castres-pourquoi-toulon-se-montre-prudent-avant-son-barrage_62757369.html\" rel=\"nofollow noopener\" target=\"_blank\">Mais la barre \u00e9tait trop haute en barrage \u00e0 Toulon<\/a>, qui a fait exploser le CO dans le dernier quart d\u2019heure (52-23).\u00a0<\/p>\n<p class=\" wall-content\"><strong>Xavier Sadourny<\/strong> n\u2019a pas (encore) affich\u00e9 d\u2019objectif pr\u00e9cis. <a href=\"https:\/\/castres-olympique.com\/63245-2\/\" rel=\"nofollow noopener\" target=\"_blank\">Sur le site internet du club<\/a>, il a simplement indiqu\u00e9 avoir \u00ab\u00a0h\u00e2te que l\u2019on rentre un petit peu plus dans le rugby, qu\u2019on arrive \u00e0 revoir tout ce que l\u2019on a fait l\u2019an dernier. Il me tarde aussi les matchs amicaux pour savoir o\u00f9 nous en sommes. Et puis forc\u00e9ment, je suis impatient de d\u00e9buter le championnat, de retrouver Pierre Fabre face \u00e0 la Section Paloise le 6 septembre. On a du temps mais \u00e7a va vite arriver ! Il nous reste une seule chose \u00e0 faire et \u00e0 faire bien : bosser !\u00a0\u00bb.<\/p>\n<p class=\" wall-content\">Mais avec un effectif quasiment inchang\u00e9 et qui se connait par coeur, le Top 6 sera forc\u00e9ment dans les t\u00eates. Avec, comme chaque ann\u00e9e, le secret espoir d\u2019\u00eatre le poil \u00e0 gratter et l\u2019\u00e9quipe qui va d\u00e9jouer les pronostics. Apr\u00e8s tout, depuis 2018, au milieu des cinq Brennus remport\u00e9s par le Stade Toulousain, Castres est le seul club \u00e0 avoir battu les Rouge et Noir en phase finale de Top 14 (2018 et 2022). Alors, qui sait\u2026<\/p>\n<p>L\u2019\u00e9quipe type de Castres<\/p>\n<p class=\" wall-content\">Xavier Sadourny, <a href=\"https:\/\/www.lefigaro.fr\/sports\/rugby\/top-14\/top-14-davidson-remplace-par-sadourny-en-tant-qu-entraineur-de-castres-20250105\" rel=\"nofollow noopener\" target=\"_blank\">promu manager en janvier 2025 en remplacement de J\u00e9r\u00e9my Davidson<\/a>, connait sa premi\u00e8re intersaison dans la peau d\u2019un num\u00e9ro un. Il peut compter sur une ossature solide, et des joueurs qui ont d\u00e9j\u00e0 des rep\u00e8res communs.<\/p>\n<p class=\" wall-content\">On guettera la concurrence au talonnage, o\u00f9 le d\u00e9part de Barlot peut rebattre les cartes, tandis que Louis Le Brun, install\u00e9 \u00e0 l\u2019ouverture et <a href=\"https:\/\/actu.fr\/occitanie\/castres_81065\/il-ralait-l-an-dernier-quand-on-ne-s-est-pas-qualifies-pourquoi-louis-le-brun-est-plus-motive-que-jamais_62763374.html\" rel=\"nofollow noopener\" target=\"_blank\">qui a pass\u00e9 un cap la saison derni\u00e8re,<\/a> devra prouver qu\u2019il peut encore hausser son niveau et assumer ce r\u00f4le de leader avec le num\u00e9ro 10 sur le dos.<\/p>\n<p class=\" wall-content\">Enfin, le public de Pierre-Fabre ne d\u00e9couvrira pas au d\u00e9bott\u00e9 <a href=\"https:\/\/actu.fr\/occitanie\/castres_81065\/transfert-julien-dumora-castres-va-mettre-un-terme-a-sa-carriere-il-va-devenir-entraineur_62230469.html\" rel=\"nofollow noopener\" target=\"_blank\">le successeur de Julien Dumora \u00e0 l\u2019arri\u00e8re<\/a>. Th\u00e9o Chabouni a progressivement pris le relais et il devrait \u00eatre le num\u00e9ro 1. Bon relanceur et dot\u00e9 d\u2019un jeu au pied fiable, on observera ses performances de pr\u00e8s.<\/p>\n<p class=\" wall-content\"><strong>Le XV type de Castres :<\/strong> Chabouni ; Palis, Botitu, Goodhue, Baget ; (o) Le Brun, (m) Arata ; Delaporte, Papali\u2019i, Babillot ; Vanverberghe (ou Nakarawa), Ducat ; Collier, Durand, Walcker.<\/p>\n<p class=\" wall-content\">Suivez toute l\u2019actualit\u00e9 de vos villes et m\u00e9dias favoris en vous inscrivant \u00e0 <a href=\"https:\/\/moncompte.actu.fr\" title=\"D\u00e9couvez Mon Actu\" rel=\"nofollow noopener\" data-trk=\"{&quot;cta&quot;:{&quot;action&quot;:&quot;https:\\\/\\\/moncompte.actu.fr&quot;,&quot;category&quot;:&quot;mon compte&quot;,&quot;from&quot;:&quot;article footer&quot;,&quot;name&quot;:&quot;Mon actu&quot;,&quot;type&quot;:&quot;cta&quot;}}\" target=\"_blank\">Mon Actu<\/a>.<\/p>\n","protected":false},"excerpt":{"rendered":"Par Anthony Assemat Publi\u00e9 le 31 juil. 2025 \u00e0 12h28 Apr\u00e8s une saison historique mais marqu\u00e9e par le&hellip;\n","protected":false},"author":2,"featured_media":286813,"comment_status":"","ping_status":"","sticky":false,"template":"","format":"standard","meta":{"footnotes":""},"categories":[1416],"tags":[12116,27756,1011,27,479,1468,60,476,478],"class_list":{"0":"post-286812","1":"post","2":"type-post","3":"status-publish","4":"format-standard","5":"has-post-thumbnail","7":"category-rugby","8":"tag-ffr","9":"tag-florian-grill","10":"tag-fr","11":"tag-france","12":"tag-rugby","13":"tag-rugby-football","14":"tag-sports","15":"tag-stade-toulousain","16":"tag-top-14"},"share_on_mastodon":{"url":"https:\/\/pubeurope.com\/@fr\/114948149324106882","error":""},"_links":{"self":[{"href":"https:\/\/www.europesays.com\/fr\/wp-json\/wp\/v2\/posts\/286812","targetHints":{"allow":["GET"]}}],"collection":[{"href":"https:\/\/www.europesays.com\/fr\/wp-json\/wp\/v2\/posts"}],"about":[{"href":"https:\/\/www.europesays.com\/fr\/wp-json\/wp\/v2\/types\/post"}],"author":[{"embeddable":true,"href":"https:\/\/www.europesays.com\/fr\/wp-json\/wp\/v2\/users\/2"}],"replies":[{"embeddable":true,"href":"https:\/\/www.europesays.com\/fr\/wp-json\/wp\/v2\/comments?post=286812"}],"version-history":[{"count":0,"href":"https:\/\/www.europesays.com\/fr\/wp-json\/wp\/v2\/posts\/286812\/revisions"}],"wp:featuredmedia":[{"embeddable":true,"href":"https:\/\/www.europesays.com\/fr\/wp-json\/wp\/v2\/media\/286813"}],"wp:attachment":[{"href":"https:\/\/www.europesays.com\/fr\/wp-json\/wp\/v2\/media?parent=286812"}],"wp:term":[{"taxonomy":"category","embeddable":true,"href":"https:\/\/www.europesays.com\/fr\/wp-json\/wp\/v2\/categories?post=286812"},{"taxonomy":"post_tag","embeddable":true,"href":"https:\/\/www.europesays.com\/fr\/wp-json\/wp\/v2\/tags?post=286812"}],"curies":[{"name":"wp","href":"https:\/\/api.w.org\/{rel}","templated":true}]}}