{"id":286814,"date":"2025-07-31T13:45:11","date_gmt":"2025-07-31T13:45:11","guid":{"rendered":"https:\/\/www.europesays.com\/fr\/286814\/"},"modified":"2025-07-31T13:45:11","modified_gmt":"2025-07-31T13:45:11","slug":"atp-cobolli-revient-sur-son-duel-face-a-novak-djokovic-je-pense-avoir-joue-lun-de-mes-meilleurs-matchs-je-nai-pas-gagne-mais-il-nest-jamais-facile-de-le-battre-dans-un-tournoi-du-grand-chele","status":"publish","type":"post","link":"https:\/\/www.europesays.com\/fr\/286814\/","title":{"rendered":"ATP > Cobolli revient sur son duel face \u00e0 Novak Djokovic : \u00ab\u00a0Je pense avoir jou\u00e9 l&rsquo;un de mes meilleurs matchs. Je n&rsquo;ai pas gagn\u00e9, mais il n&rsquo;est jamais facile de le battre dans un tournoi du Grand Chelem\u00a0\u00bb"},"content":{"rendered":"<p>Flavio Cobolli a \u00e9t\u00e9 l\u2019une des r\u00e9v\u00e9\u00adla\u00adtions du dernier Wimbledon, attei\u00adgnant les quarts de finale avant de s\u2019incliner en quatre sets face \u00e0 l\u2019incontournable Novak Djokovic.<\/p>\n<p><a href=\"https:\/\/www.ubitennis.net\/2025\/07\/one-of-my-best-matches-flavio-cobolli-on-playing-idol-djokovic-at-wimbledon\/\" data-wpel-link=\"external\" target=\"_blank\" rel=\"nofollow external noopener\">Interrog\u00e9 par nos confr\u00e8res italiens d\u2019Ubitennis<\/a>, le jeune espoir trans\u00adalpin est revenu sur son parcours londo\u00adnien, et notam\u00adment sur ce deuxi\u00e8me affron\u00adte\u00adment face \u00e0\u00a0Djokovic, apr\u00e8s une premi\u00e8re rencontre \u00e0 Shanghai l\u2019an dernier.<\/p>\n<p>Satisfait de sa perfor\u00admance, il estime avoir livr\u00e9 l\u2019un de ses meilleurs matchs, malgr\u00e9 la d\u00e9faite\u00a0:<\/p>\n<p><strong>\u00ab\u202fCe jour\u2010l\u00e0, j\u2019\u00e9tais plus confiant. J\u2019ai simple\u00adment essay\u00e9 de jouer mon jeu et de profiter de chaque instant sur le court. Ce n\u2019est jamais facile de le battre dans un tournoi du Grand Chelem. Je pense avoir accompli quelque chose de grand \u00e0 Wimbledon, mais aussi sur l\u2019ensemble de cette saison\u202f\u00bb<\/strong> a d\u00e9clar\u00e9 l\u2019Italien.<\/p>\n<p>D\u00e9termin\u00e9, il entend d\u00e9sor\u00admais capi\u00adta\u00adliser sur cette exp\u00e9\u00adrience pour les futures confron\u00adta\u00adtions face aux plus grands.<\/p>\n<p class=\"post-published-date\" style=\"color: silver; font-size: 75%; text-align: left;\">Publi\u00e9 le jeudi 31 juillet 2025 \u00e0 13:09<\/p>\n","protected":false},"excerpt":{"rendered":"Flavio Cobolli a \u00e9t\u00e9 l\u2019une des r\u00e9v\u00e9\u00adla\u00adtions du dernier Wimbledon, attei\u00adgnant les quarts de finale avant de s\u2019incliner&hellip;\n","protected":false},"author":2,"featured_media":241822,"comment_status":"","ping_status":"","sticky":false,"template":"","format":"standard","meta":{"footnotes":""},"categories":[1415],"tags":[105,1011,27,60,1467],"class_list":{"0":"post-286814","1":"post","2":"type-post","3":"status-publish","4":"format-standard","5":"has-post-thumbnail","7":"category-tennis","8":"tag-djokovic","9":"tag-fr","10":"tag-france","11":"tag-sports","12":"tag-tennis"},"share_on_mastodon":{"url":"https:\/\/pubeurope.com\/@fr\/114948153194901222","error":""},"_links":{"self":[{"href":"https:\/\/www.europesays.com\/fr\/wp-json\/wp\/v2\/posts\/286814","targetHints":{"allow":["GET"]}}],"collection":[{"href":"https:\/\/www.europesays.com\/fr\/wp-json\/wp\/v2\/posts"}],"about":[{"href":"https:\/\/www.europesays.com\/fr\/wp-json\/wp\/v2\/types\/post"}],"author":[{"embeddable":true,"href":"https:\/\/www.europesays.com\/fr\/wp-json\/wp\/v2\/users\/2"}],"replies":[{"embeddable":true,"href":"https:\/\/www.europesays.com\/fr\/wp-json\/wp\/v2\/comments?post=286814"}],"version-history":[{"count":0,"href":"https:\/\/www.europesays.com\/fr\/wp-json\/wp\/v2\/posts\/286814\/revisions"}],"wp:featuredmedia":[{"embeddable":true,"href":"https:\/\/www.europesays.com\/fr\/wp-json\/wp\/v2\/media\/241822"}],"wp:attachment":[{"href":"https:\/\/www.europesays.com\/fr\/wp-json\/wp\/v2\/media?parent=286814"}],"wp:term":[{"taxonomy":"category","embeddable":true,"href":"https:\/\/www.europesays.com\/fr\/wp-json\/wp\/v2\/categories?post=286814"},{"taxonomy":"post_tag","embeddable":true,"href":"https:\/\/www.europesays.com\/fr\/wp-json\/wp\/v2\/tags?post=286814"}],"curies":[{"name":"wp","href":"https:\/\/api.w.org\/{rel}","templated":true}]}}