{"id":286819,"date":"2025-07-31T13:49:17","date_gmt":"2025-07-31T13:49:17","guid":{"rendered":"https:\/\/www.europesays.com\/fr\/286819\/"},"modified":"2025-07-31T13:49:17","modified_gmt":"2025-07-31T13:49:17","slug":"cyclisme-transfert-remi-cavagna-prolonge-jusquen-2027-avec-la-groupama-fdj","status":"publish","type":"post","link":"https:\/\/www.europesays.com\/fr\/286819\/","title":{"rendered":"Cyclisme. Transfert &#8211; R\u00e9mi Cavagna prolonge jusqu&rsquo;en 2027 avec la Groupama-FDJ"},"content":{"rendered":"<p>Le TGV de Clermont-Ferrand prolonge l&rsquo;aventure jusqu&rsquo;en 2027 avec la formation <strong>Groupama-FDJ<\/strong> ! Arriv\u00e9 cette saison pour se relancer apr\u00e8s une ann\u00e9e tr\u00e8s compliqu\u00e9e du c\u00f4t\u00e9 de la\u00a0<strong>Movistar<\/strong>, <strong><a href=\"https:\/\/www.cyclismactu.net\/..\/news-interview-route-remi-cavagna-2024-et-movistar-n-ai-pas-envie-d-en-parler-85789.html\" target=\"_blank\" rel=\"nofollow noopener\">R\u00e9mi Cavagna<\/a><\/strong> se sent bien au sein de la formation fran\u00e7aise o\u00f9 il a retrouv\u00e9 un second souffle, m\u00eame si l&rsquo;on a pas encore vraiment revu le bulldozer de la <strong>Soudal Quick-Step<\/strong> capable de s&rsquo;imposer en WorldTour, en t\u00e9moigne son \u00e9chec au pied du podium du chrono des <strong>Championnats de France<\/strong>. Si le rouleur auvergnat n&rsquo;a pas encore retrouv\u00e9 le chemin de la victoire (qui le fuit depuis bient\u00f4t deux ans et le Tour de Slovaquie 2023), il a tout de m\u00eame r\u00e9ussi \u00e0 s&rsquo;illustrer sur quelques contre-la-montre, comme sur l&rsquo;<strong>Etoiles de Bess\u00e8ges<\/strong> (2e) et le <strong>Crit\u00e9rium du Dauphin\u00e9<\/strong> (7e), tout en lui qui doit notamment disputer <strong>La Vuelta<\/strong> dans les prochaines semaines.<\/p>\n<p>Vid\u00e9o &#8211; R\u00e9mi Cavagna sur Cyclism&rsquo;Actu avant la saison 2025 Lire la suite de l&rsquo;article&#13;<\/p>\n<p>\u00a0<\/p>\n<p>&#13;<br \/>\n\u00ab\u00a0Cette ann\u00e9e a \u00e9t\u00e9 celle de la\u00a0reconstruction&#8230; je travaille dur pour retrouver le chemin de la victoire\u00a0\u00bb&#13;<\/p>\n<p><strong>R\u00e9mi Cavagna<\/strong> :<\/p>\n<p>&#13;<\/p>\n<p>\u00ab\u00a0Je suis tr\u00e8s heureux d&rsquo;avoir l&rsquo;opportunit\u00e9 de continuer avec l&rsquo;\u00e9quipe. L&rsquo;\u00e9quipe me fais confiance et j&rsquo;ai confiance en l&rsquo;\u00e9quipe. Cette ann\u00e9e a \u00e9t\u00e9 celle de la\u00a0reconstruction et je suis heureux d&rsquo;avoir retrouv\u00e9 petit \u00e0 petit le plaisir sur les courses avec mes co\u00e9quipiers, \u00e0 la fois sur le v\u00e9lo de route et\u00a0sur le v\u00e9lo de chrono. Je travaille dur pour retrouver le chemin de la victoire et un super programme de courses m&rsquo;attend avant la fin de saison donc je suis super motiv\u00e9 pour finir en beaut\u00e9 et allez chercher ce pourquoi je m&rsquo;entra\u00eene chaque\u00a0jours. Du coup forc\u00e9ment je vise de retrouver la victoire \u00e7a sera mon objectif mais j&rsquo;esp\u00e8re l&rsquo;atteindre avant la fin de l&rsquo;ann\u00e9e !\u00a0Pour moi c&rsquo;est une \u00e9vidence de poursuivre avec l&rsquo;\u00e9quipe. J&rsquo;ai trouv\u00e9 ce que je recherche afin d&rsquo;\u00eatre le meilleur coureur possible et d&rsquo;apporter mon exp\u00e9rience \u00e0\u00a0l&rsquo;\u00e9quipe et pour faire grandir mes jeunes co\u00e9quipiers\u00a0\u00bb.<\/p>\n<p>&#13;<\/p>\n<p>\u00a0<\/p>\n<p>&#13;<\/p>\n<p><strong>Philippe Mauduit<\/strong> :<\/p>\n<p>&#13;<\/p>\n<p>\u00ab\u00a0R\u00e9mi est arriv\u00e9 chez nous avec l&rsquo;envie de redonner un \u00e9lan \u00e0 sa carri\u00e8re.\u00a0Il nous a montr\u00e9 depuis son arriv\u00e9e toute son implication et son application et commence \u00e0 \u00eatre en capacit\u00e9 \u00e0 performer, les contre la montre du Crit\u00e9rium du Dauphin\u00e9 ou des championnats de France en sont l&rsquo;illustration.\u00a0Nous comptons sur lui pour continuer \u00e0 apporter son exp\u00e9rience aux plus jeunes. Ses qualit\u00e9s de rouleur et de baroudeur permettront \u00e0 coup s\u00fbr de faire briller le maillot Groupama FDJ.\u00a0\u00bb<\/p>\n","protected":false},"excerpt":{"rendered":"Le TGV de Clermont-Ferrand prolonge l&rsquo;aventure jusqu&rsquo;en 2027 avec la formation Groupama-FDJ ! Arriv\u00e9 cette saison pour se&hellip;\n","protected":false},"author":2,"featured_media":286820,"comment_status":"","ping_status":"","sticky":false,"template":"","format":"standard","meta":{"footnotes":""},"categories":[1411],"tags":[1154,207,211,1011,27,209,60,210,969,212,208,213],"class_list":{"0":"post-286819","1":"post","2":"type-post","3":"status-publish","4":"format-standard","5":"has-post-thumbnail","7":"category-cyclisme","8":"tag-cycling","9":"tag-cyclisme","10":"tag-ffc","11":"tag-fr","12":"tag-france","13":"tag-route","14":"tag-sports","15":"tag-tour-de-france","16":"tag-transfert","17":"tag-uci","18":"tag-velo","19":"tag-world-tour"},"share_on_mastodon":{"url":"https:\/\/pubeurope.com\/@fr\/114948169039546391","error":""},"_links":{"self":[{"href":"https:\/\/www.europesays.com\/fr\/wp-json\/wp\/v2\/posts\/286819","targetHints":{"allow":["GET"]}}],"collection":[{"href":"https:\/\/www.europesays.com\/fr\/wp-json\/wp\/v2\/posts"}],"about":[{"href":"https:\/\/www.europesays.com\/fr\/wp-json\/wp\/v2\/types\/post"}],"author":[{"embeddable":true,"href":"https:\/\/www.europesays.com\/fr\/wp-json\/wp\/v2\/users\/2"}],"replies":[{"embeddable":true,"href":"https:\/\/www.europesays.com\/fr\/wp-json\/wp\/v2\/comments?post=286819"}],"version-history":[{"count":0,"href":"https:\/\/www.europesays.com\/fr\/wp-json\/wp\/v2\/posts\/286819\/revisions"}],"wp:featuredmedia":[{"embeddable":true,"href":"https:\/\/www.europesays.com\/fr\/wp-json\/wp\/v2\/media\/286820"}],"wp:attachment":[{"href":"https:\/\/www.europesays.com\/fr\/wp-json\/wp\/v2\/media?parent=286819"}],"wp:term":[{"taxonomy":"category","embeddable":true,"href":"https:\/\/www.europesays.com\/fr\/wp-json\/wp\/v2\/categories?post=286819"},{"taxonomy":"post_tag","embeddable":true,"href":"https:\/\/www.europesays.com\/fr\/wp-json\/wp\/v2\/tags?post=286819"}],"curies":[{"name":"wp","href":"https:\/\/api.w.org\/{rel}","templated":true}]}}