{"id":286825,"date":"2025-07-31T13:53:20","date_gmt":"2025-07-31T13:53:20","guid":{"rendered":"https:\/\/www.europesays.com\/fr\/286825\/"},"modified":"2025-07-31T13:53:20","modified_gmt":"2025-07-31T13:53:20","slug":"operation-ca-va-pas-la-les-editions-ca-et-la-ont-besoin-de-vous","status":"publish","type":"post","link":"https:\/\/www.europesays.com\/fr\/286825\/","title":{"rendered":"\u00abOp\u00e9ration \u00e7\u00e0 va pas l\u00e0\u00bb, les \u00e9ditions \u00e7\u00e0 et l\u00e0 ont besoin de vous !"},"content":{"rendered":"<p>Apr\u00e8s <a href=\"https:\/\/www.bubblebd.com\/9emeart\/bd\/actualites\/week-end-de-cloture-en-musique-pour-les-rencontres-du-9e-art-a-aix-en-provence\" rel=\"nofollow noopener\" target=\"_blank\">les Requins Marteaux qui ont organis\u00e9 une cagnotte et une tombola en d\u00e9but d\u2019ann\u00e9e <\/a>pour survivre \u00e0 ce d\u00e9but d\u2019ann\u00e9e, l<a href=\"https:\/\/www.helloasso.com\/associations\/les-ami-e-s-de-ca-et-la\/collectes\/operation-ca-va-pas-la?fbclid=IwY2xjawL4JZZleHRuA2FlbQIxMQABHkudlNbF99d_SrDdihJaBwi2VJ8W6H2ESro_pTtjLP-tkkkQ9DBcn7Qk8rAo_aem_Lx15OGd-D9b4TRCyA0oTXw\" rel=\"nofollow noopener\" target=\"_blank\">es \u00e9ditions \u00e7\u00e0 et l\u00e0 font de m\u00eame en ce moment avec une tombola sur helloasso<\/a> qui vous permettra de leur donner un coup de main pour r\u00e9unir les 10 000 euros minimums (et plus si possible) qui leur manque pour revenir \u00e0 l\u2019\u00e9quilibre, mais aussi remporter l\u2019un des lots propos\u00e9s.\u00a0<\/p>\n<p><img data-recalc-dims=\"1\" loading=\"lazy\" decoding=\"async\" width=\"736\" height=\"272\" data-attachment-id=\"44644\" data-permalink=\"https:\/\/bubblediscovery.wpcomstaging.com\/edito\/operation-ca-va-pas-la-les-editions-ca-et-la-ont-besoin-de-vous\/attachment\/illustration-demilie-gleason\/\" data-orig-file=\"https:\/\/i0.wp.com\/bubblediscovery.wpcomstaging.com\/wp-content\/uploads\/2025\/07\/Illustration-dEmilie-Gleason.jpg?fit=1800%2C666&amp;ssl=1\" data-orig-size=\"1800,666\" data-comments-opened=\"0\" data-image-meta=\"{&quot;aperture&quot;:&quot;0&quot;,&quot;credit&quot;:&quot;&quot;,&quot;camera&quot;:&quot;&quot;,&quot;caption&quot;:&quot;&quot;,&quot;created_timestamp&quot;:&quot;0&quot;,&quot;copyright&quot;:&quot;&quot;,&quot;focal_length&quot;:&quot;0&quot;,&quot;iso&quot;:&quot;0&quot;,&quot;shutter_speed&quot;:&quot;0&quot;,&quot;title&quot;:&quot;&quot;,&quot;orientation&quot;:&quot;0&quot;}\" data-image-title=\"Illustration d\u2019E\u0301milie Gleason\" data-image-description=\"\" data-image-caption=\"\" data-medium-file=\"https:\/\/i0.wp.com\/bubblediscovery.wpcomstaging.com\/wp-content\/uploads\/2025\/07\/Illustration-dEmilie-Gleason.jpg?fit=300%2C111&amp;ssl=1\" data-large-file=\"https:\/\/i0.wp.com\/bubblediscovery.wpcomstaging.com\/wp-content\/uploads\/2025\/07\/Illustration-dEmilie-Gleason.jpg?fit=736%2C272&amp;ssl=1\" src=\"https:\/\/www.europesays.com\/fr\/wp-content\/uploads\/2025\/07\/Illustration-dEmilie-Gleason.jpg\" alt=\"\" class=\"wp-image-44644\" style=\"width:726px;height:auto\"  \/>Illustration d\u2019\u00c9milie Gleason<\/p>\n<p>De la s\u00e9rigraphie num\u00e9rot\u00e9e et sign\u00e9e par <a href=\"https:\/\/www.bubblebd.com\/martin-panchaud\/author\/v29IHUvRwPj1gg\" rel=\"nofollow noopener\" target=\"_blank\">Martin Panchaud<\/a> au dessin original de <a href=\"https:\/\/www.bubblebd.com\/linda-medley\/author\/P0gVN5Rfq8\" rel=\"nofollow noopener\" target=\"_blank\">Linda Medley<\/a>, en passant par les \u00e9ditions collector de<a href=\"https:\/\/www.bubblebd.com\/mon-ami-dahmer-mon-ami-dahmer\/album\/bfVHiuDiF3\" rel=\"nofollow noopener\" target=\"_blank\"> Mon ami Dahmer<\/a> ou le DVD du film My Friend Dahmer de Marc Meyers, en passant par des livres en VO, des ex-libris\u2026 vous avez de quoi \u00eatre motiv\u00e9.e.s. Mais le plus important reste de faire vivre la maison, de commander leurs livres, d\u2019en acheter d\u2019autres pour les offrir si vous les avez d\u00e9j\u00e0 et de mettre en avant leur catalogue.\u00a0<\/p>\n<blockquote class=\"wp-block-quote is-layout-flow wp-block-quote-is-layout-flow\">\n<p><a href=\"https:\/\/www.helloasso.com\/associations\/les-ami-e-s-de-ca-et-la\/collectes\/operation-ca-va-pas-la?fbclid=IwY2xjawL4JZZleHRuA2FlbQIxMQABHkudlNbF99d_SrDdihJaBwi2VJ8W6H2ESro_pTtjLP-tkkkQ9DBcn7Qk8rAo_aem_Lx15OGd-D9b4TRCyA0oTXw\" rel=\"nofollow noopener\" target=\"_blank\"><strong>Le lien de la tombola sur helloasso : vous avez jusqu\u2019au 30 septembre 2025 pour participer !<\/strong><\/a><\/p>\n<\/blockquote>\n<p>\ud83d\udcda Quelques conseils de lecture pour les soutenir et avoir une pile \u00e0 lire qui d\u00e9chire cet \u00e9t\u00e9.<\/p>\n<p><img data-recalc-dims=\"1\" loading=\"lazy\" decoding=\"async\" width=\"736\" height=\"996\" data-attachment-id=\"35363\" data-permalink=\"https:\/\/bubblediscovery.wpcomstaging.com\/edito\/fibd-2023-tous-les-prix-et-meme-un-peu-plus\/attachment\/61h2ssv5zel\/\" data-orig-file=\"https:\/\/i0.wp.com\/bubblediscovery.wpcomstaging.com\/wp-content\/uploads\/2023\/02\/61H2SSv5zeL.jpg?fit=1000%2C1353&amp;ssl=1\" data-orig-size=\"1000,1353\" data-comments-opened=\"0\" data-image-meta=\"{&quot;aperture&quot;:&quot;0&quot;,&quot;credit&quot;:&quot;&quot;,&quot;camera&quot;:&quot;&quot;,&quot;caption&quot;:&quot;&quot;,&quot;created_timestamp&quot;:&quot;0&quot;,&quot;copyright&quot;:&quot;&quot;,&quot;focal_length&quot;:&quot;0&quot;,&quot;iso&quot;:&quot;0&quot;,&quot;shutter_speed&quot;:&quot;0&quot;,&quot;title&quot;:&quot;&quot;,&quot;orientation&quot;:&quot;0&quot;}\" data-image-title=\"61H2SSv5zeL\" data-image-description=\"\" data-image-caption=\"\" data-medium-file=\"https:\/\/i0.wp.com\/bubblediscovery.wpcomstaging.com\/wp-content\/uploads\/2023\/02\/61H2SSv5zeL.jpg?fit=222%2C300&amp;ssl=1\" data-large-file=\"https:\/\/i0.wp.com\/bubblediscovery.wpcomstaging.com\/wp-content\/uploads\/2023\/02\/61H2SSv5zeL.jpg?fit=736%2C996&amp;ssl=1\" src=\"https:\/\/www.europesays.com\/fr\/wp-content\/uploads\/2025\/07\/61H2SSv5zeL.jpg\" alt=\"\" class=\"wp-image-35363\" style=\"width:300px;height:auto\"  \/><\/p>\n<p>#LeBest-seller\u00a0<br \/>La Couleur des Choses de Martin Panchaud est <a href=\"https:\/\/www.bubblebd.com\/9emeart\/bd\/incontournables\/la-couleur-des-choses-l-album-qui-arrive-a-point-nomme\" rel=\"nofollow noopener\" target=\"_blank\">\u00e0 d\u00e9couvrir via notre coup de c\u0153ur<\/a> ou <a href=\"https:\/\/www.bubblebd.com\/9emeart\/bd\/en-video\/interview-de-martin-panchaud-pour-la-couleur-des-choses\" rel=\"nofollow noopener\" target=\"_blank\">l\u2019interview de l\u2019auteur ici<\/a><\/p>\n<p>#LePlusRecent<br \/>Walicho de Sole Otero <a href=\"https:\/\/www.bubblebd.com\/9emeart\/bd\/critiques\/a-chaque-fois-que-je-dois-faire-une-page-j-essaie-de-faire-quelque-chose-de-nouveau-pour-me-stimuler-interview-de-sole-otero-pour-walicho\" rel=\"nofollow noopener\" target=\"_blank\">est \u00e0 d\u00e9couvrir via l\u2019interview de l\u2019autrice ici<\/a><\/p>\n<p>#LeChouchou<br \/>Come Over Come Over, de Lynda Barry<a href=\"https:\/\/www.bubblebd.com\/9emeart\/bd\/critiques\/come-over-come-over-le-come-back-come-back-de-lynda-barry\" rel=\"nofollow noopener\" target=\"_blank\"> \u00e0 d\u00e9couvrir via notre coup de c\u0153ur<\/a><\/p>\n<p>#LaP\u00e9piteSortieDeNullePart<br \/>Easy Breezy de Yi Yang <a href=\"https:\/\/www.bubblebd.com\/9emeart\/bd\/critiques\/easy-breezy-taiyo-matsumoto-sors-de-ce-corps\" rel=\"nofollow noopener\" target=\"_blank\">\u00e0 d\u00e9couvrir via notre coup de c\u0153ur<\/a><\/p>\n<p>#LOuvertureSurLeMonde<br \/>Formose de Li-chin Lin est \u00e0 d\u00e9couvrir via <a href=\"https:\/\/www.bubblebd.com\/9emeart\/bd\/edito\/decouvrir-la-bande-dessinee-taiwanaise-ep-4-coup-de-coeur-pistes-de-lectures\" rel=\"nofollow noopener\" target=\"_blank\">notre coup de c\u0153ur<\/a> ou <a href=\"https:\/\/www.bubblebd.com\/9emeart\/bd\/edito\/decouvrir-la-bande-dessinee-taiwanaise-ep-2-la-bd-a-taiwan-vu-par-les-artistes\" rel=\"nofollow noopener\" target=\"_blank\">l\u2019interview de l\u2019autrice ici<\/a><\/p>\n<p><img data-recalc-dims=\"1\" loading=\"lazy\" decoding=\"async\" width=\"728\" height=\"1024\" data-attachment-id=\"4746\" data-permalink=\"https:\/\/bubblediscovery.wpcomstaging.com\/critiques\/ce-quil-ne-fallait-pas-manquer-debut-2019-janvier-fevrier-mars\/attachment\/la-tournee-dandi-watson-ca-et-la-2\/\" data-orig-file=\"https:\/\/i0.wp.com\/bubblediscovery.wpcomstaging.com\/wp-content\/uploads\/2019\/04\/La-Tourn%C3%A9e-d%E2%80%99Andi-Watson-ca-et-l%C3%A0-1.jpg?fit=924%2C1300&amp;ssl=1\" data-orig-size=\"924,1300\" data-comments-opened=\"1\" data-image-meta=\"{&quot;aperture&quot;:&quot;0&quot;,&quot;credit&quot;:&quot;&quot;,&quot;camera&quot;:&quot;&quot;,&quot;caption&quot;:&quot;&quot;,&quot;created_timestamp&quot;:&quot;0&quot;,&quot;copyright&quot;:&quot;&quot;,&quot;focal_length&quot;:&quot;0&quot;,&quot;iso&quot;:&quot;0&quot;,&quot;shutter_speed&quot;:&quot;0&quot;,&quot;title&quot;:&quot;&quot;,&quot;orientation&quot;:&quot;0&quot;}\" data-image-title=\"La Tourn\u00e9e d\u2019Andi Watson, ca et l\u00e0\" data-image-description=\"\" data-image-caption=\"\" data-medium-file=\"https:\/\/i0.wp.com\/bubblediscovery.wpcomstaging.com\/wp-content\/uploads\/2019\/04\/La-Tourn%C3%A9e-d%E2%80%99Andi-Watson-ca-et-l%C3%A0-1.jpg?fit=213%2C300&amp;ssl=1\" data-large-file=\"https:\/\/i0.wp.com\/bubblediscovery.wpcomstaging.com\/wp-content\/uploads\/2019\/04\/La-Tourn%C3%A9e-d%E2%80%99Andi-Watson-ca-et-l%C3%A0-1.jpg?fit=728%2C1024&amp;ssl=1\" src=\"https:\/\/www.europesays.com\/fr\/wp-content\/uploads\/2025\/07\/La-Tourn\u00e9e-d\u2019Andi-Watson-ca-et-l\u00e0-1.jpg\" alt=\"\" class=\"wp-image-4746\" style=\"width:300px;height:auto\"  \/><\/p>\n<p>#AuCoeurDeLActu<br \/>Kent State \u2013 Quatre morts dans l\u2019Ohio de Derf Backderf \u00e0 d\u00e9couvrir via <a href=\"https:\/\/www.bubblebd.com\/9emeart\/comics\/critiques\/kent-state-quatre-morts-dans-l-ohio\" rel=\"nofollow noopener\" target=\"_blank\">notre coup de c\u0153ur <\/a>ou <a href=\"https:\/\/www.bubblebd.com\/9emeart\/comics\/en-video\/interview-de-derf-backderf-au-festival-quai-des-bulles\" rel=\"nofollow noopener\" target=\"_blank\">l\u2019interview de l\u2019auteur<\/a><\/p>\n<p>#LePolarQuiCasseLesCodes<br \/>\u00c9coute, jolie M\u00e1rcia de Marcello Quintanilha <a href=\"https:\/\/www.bubblebd.com\/9emeart\/bd\/critiques\/ecoute-jolie-marcia-tragedie-sociale-a-rio\" rel=\"nofollow noopener\" target=\"_blank\">\u00e0 d\u00e9couvrir via notre coup de c\u0153ur<\/a><\/p>\n<p>#LeLivreQuiParleDesLivres<br \/>La Tourn\u00e9e d\u2019Andi Watson<a href=\"https:\/\/www.bubblebd.com\/9emeart\/bd\/critiques\/la-tournee-d-andi-watson\" rel=\"nofollow noopener\" target=\"_blank\"> \u00e0 d\u00e9couvrir via notre coup de c\u0153ur<\/a><\/p>\n<p>Voil\u00e0 pour les premi\u00e8res pistes, vous pouvez en d\u00e9couvrir d\u2019autres dans nos coups de c\u0153ur ou en <a href=\"https:\/\/www.caetla.fr\/-Catalogue-\" rel=\"nofollow noopener\" target=\"_blank\">explorant leur catalogue<\/a>.\u00a0<\/p>\n<p>\ud83d\udcc9 2025, un recul de 14,5% au premier trimestre<\/p>\n<p><a href=\"https:\/\/www.bdangoulemepro.com\/medias\/2025\/BILAN_GFK_Angouleme_Conference_2025.pdf\" rel=\"nofollow noopener\" target=\"_blank\"><img data-recalc-dims=\"1\" loading=\"lazy\" decoding=\"async\" width=\"734\" height=\"908\" data-attachment-id=\"44650\" data-permalink=\"https:\/\/bubblediscovery.wpcomstaging.com\/edito\/operation-ca-va-pas-la-les-editions-ca-et-la-ont-besoin-de-vous\/attachment\/capture-decran-2025-07-31-a-15-26-19\/\" data-orig-file=\"https:\/\/i0.wp.com\/bubblediscovery.wpcomstaging.com\/wp-content\/uploads\/2025\/07\/Capture-decran-2025-07-31-a-15.26.19.png?fit=734%2C908&amp;ssl=1\" data-orig-size=\"734,908\" data-comments-opened=\"0\" data-image-meta=\"{&quot;aperture&quot;:&quot;0&quot;,&quot;credit&quot;:&quot;&quot;,&quot;camera&quot;:&quot;&quot;,&quot;caption&quot;:&quot;&quot;,&quot;created_timestamp&quot;:&quot;0&quot;,&quot;copyright&quot;:&quot;&quot;,&quot;focal_length&quot;:&quot;0&quot;,&quot;iso&quot;:&quot;0&quot;,&quot;shutter_speed&quot;:&quot;0&quot;,&quot;title&quot;:&quot;&quot;,&quot;orientation&quot;:&quot;0&quot;}\" data-image-title=\"Capture d\u2019e\u0301cran 2025-07-31 a\u0300 15.26.19\" data-image-description=\"\" data-image-caption=\"\" data-medium-file=\"https:\/\/i0.wp.com\/bubblediscovery.wpcomstaging.com\/wp-content\/uploads\/2025\/07\/Capture-decran-2025-07-31-a-15.26.19.png?fit=243%2C300&amp;ssl=1\" data-large-file=\"https:\/\/i0.wp.com\/bubblediscovery.wpcomstaging.com\/wp-content\/uploads\/2025\/07\/Capture-decran-2025-07-31-a-15.26.19.png?fit=734%2C908&amp;ssl=1\" src=\"https:\/\/www.europesays.com\/fr\/wp-content\/uploads\/2025\/07\/Capture-decran-2025-07-31-a-15.26.19.png\" alt=\"\" class=\"wp-image-44650\" style=\"width:380px;height:auto\"  \/><\/a>Donn\u00e9es partag\u00e9es par NielsenIQ \/ GfK \u00e0 l\u2019occasion de chaque \u00e9dition du Festival International de la BD d\u2019Angoul\u00eame<\/p>\n<p>Gr\u00e2ce aux donn\u00e9es partag\u00e9es par NielsenIQ \/ GfK \u00e0 l\u2019occasion de chaque \u00e9dition du Festival International de la BD d\u2019Angoul\u00eame, on observe chaque ann\u00e9e les chiffres de ventes du secteur. On a pu voir que le march\u00e9 en France est dans une p\u00e9riode de recul depuis 2023, -11 % des ventes en 2023 et \u2013 9 % en 2024 (<a href=\"https:\/\/www.bdangoulemepro.com\/medias\/2025\/BILAN_GFK_Angouleme_Conference_2025.pdf\" rel=\"nofollow noopener\" target=\"_blank\">source<\/a>). <\/p>\n<p>Et un article d\u2019Am\u00e9lie Ruhlmann pour Le Figaro en avril dernier indique que le recul se poursuit avec une baisse de 14,5 % au premier trimestre 2025 (<a href=\"https:\/\/www.lefigaro.fr\/medias\/apres-l-euphorie-des-annees-covid-l-hecatombe-des-librairies-specialisees-dans-le-manga-20250422\" rel=\"nofollow noopener\" target=\"_blank\">source<\/a>) impactant toute la cha\u00eene.\u00a0<\/p>\n<p>Le mois dernier <a href=\"https:\/\/www.instagram.com\/p\/DK9QwAKtkID\/\" rel=\"nofollow noopener\" target=\"_blank\">nous avions relay\u00e9 l\u2019appel de la librairie La Flibuste<\/a> (\u00e0 Fontenay-sous-Bois) qui appelait \u00e0 la solidarit\u00e9 pour rembourser leurs dettes et demander la r\u00e9gulation de leur loyer. Un appel entendu car la \u00ab\u2009<a href=\"https:\/\/www.instagram.com\/p\/DMkxTjxMdOC\/\" rel=\"nofollow noopener\" target=\"_blank\">librairie est sauv\u00e9e<\/a>\u2009\u00bb mais combien d\u2019autres ont ferm\u00e9 dans la p\u00e9riode ? Nous n\u2019avons pas encore de visibilit\u00e9 sur 2025 mais pour l\u2019ann\u00e9e 2024, le CNL indiquait : \u00abun fl\u00e9chissement des cr\u00e9ations de librairies en 2024, qui demeurent cependant nombreuses, apr\u00e8s trois ann\u00e9es record, post-Covid. Tendance qui devrait se confirmer en 2025. Par ailleurs, les fermetures sont en hausse notable et concernent en grande partie les librairies r\u00e9centes. Les reprises quant \u00e0 elles restent stables.\u00bb Avec un solde positif c\u00f4t\u00e9 ouverture et reprises : \u00ab129 ouvertures de librairies et 72 fermetures, soit un solde net positif de 57 \u00e9tablissements, auxquelles s\u2019ajoutent 60 reprises.\u00bb (<a href=\"https:\/\/centrenationaldulivre.fr\/actualites\/librairies-creations-fermetures-reprises-chiffres-2024\" rel=\"nofollow noopener\" target=\"_blank\">source<\/a>)<\/p>\n<p>C\u00f4t\u00e9 \u00e9diteurs, en plus de la situation financi\u00e8re compliqu\u00e9e de certains ind\u00e9pendants comme on l\u2019a vu plus haut, la r\u00e9cession touche aussi de plus grosses maisons comme Les Humano\u00efdes Associ\u00e9s qui ont \u00e9t\u00e9 plac\u00e9s en liquidation judiciaire d\u00e9but juillet (<a href=\"https:\/\/www.livreshebdo.fr\/article\/les-humanoides-associes-places-en-liquidation-judiciaire\" rel=\"nofollow noopener\" target=\"_blank\">source<\/a>).\u00a0<\/p>\n<p><a href=\"https:\/\/presses.uliege.be\/produit\/on-ne-vit-pas-de-la-bande-dessinee\/\" rel=\"nofollow noopener\" target=\"_blank\"><img data-recalc-dims=\"1\" loading=\"lazy\" decoding=\"async\" width=\"683\" height=\"1024\" data-attachment-id=\"44651\" data-permalink=\"https:\/\/bubblediscovery.wpcomstaging.com\/edito\/operation-ca-va-pas-la-les-editions-ca-et-la-ont-besoin-de-vous\/attachment\/9782875623911\/\" data-orig-file=\"https:\/\/i0.wp.com\/bubblediscovery.wpcomstaging.com\/wp-content\/uploads\/2025\/07\/9782875623911.png?fit=1816%2C2722&amp;ssl=1\" data-orig-size=\"1816,2722\" data-comments-opened=\"0\" data-image-meta=\"{&quot;aperture&quot;:&quot;0&quot;,&quot;credit&quot;:&quot;&quot;,&quot;camera&quot;:&quot;&quot;,&quot;caption&quot;:&quot;&quot;,&quot;created_timestamp&quot;:&quot;0&quot;,&quot;copyright&quot;:&quot;&quot;,&quot;focal_length&quot;:&quot;0&quot;,&quot;iso&quot;:&quot;0&quot;,&quot;shutter_speed&quot;:&quot;0&quot;,&quot;title&quot;:&quot;&quot;,&quot;orientation&quot;:&quot;0&quot;}\" data-image-title=\"9782875623911\" data-image-description=\"\" data-image-caption=\"\" data-medium-file=\"https:\/\/i0.wp.com\/bubblediscovery.wpcomstaging.com\/wp-content\/uploads\/2025\/07\/9782875623911.png?fit=200%2C300&amp;ssl=1\" data-large-file=\"https:\/\/i0.wp.com\/bubblediscovery.wpcomstaging.com\/wp-content\/uploads\/2025\/07\/9782875623911.png?fit=683%2C1024&amp;ssl=1\" src=\"https:\/\/www.europesays.com\/fr\/wp-content\/uploads\/2025\/07\/9782875623911.png\" alt=\"\" class=\"wp-image-44651\" style=\"width:381px;height:auto\"  \/><\/a><\/p>\n<p>Et au c\u0153ur, les auteurices qui sont toujours dans une situation pr\u00e9caire auquel on pourra bient\u00f4t ajouter certains m\u00e9tiers de l\u2019\u00e9dition menac\u00e9s par les avanc\u00e9es des I.A. \u00e0 commencer par les traducteurices. Juste avant l\u2019ouverture de Japan Expo, un article de Charles Pulliam-Moore dans The Verge d\u00e9voile que Crunchyroll utilise les I.A. pour la traduction de ses sous-titres alors que le Pr\u00e9sident de Crunchyroll, Rahul Purini a d\u00e9clar\u00e9 quelque temps avant qu\u2019il n\u2019envisageait pas de l\u2019utiliser (<a href=\"https:\/\/www.theverge.com\/ai-artificial-intelligence\/696819\/crunchyroll-ran-embarrassingly-bad-chatgpt-subtitles-on-its-new-anime-series\" rel=\"nofollow noopener\" target=\"_blank\">source<\/a>).<\/p>\n<p>Pour les auteurices, gr\u00e2ce \u00e0 l\u2019enqu\u00eate par les \u00c9tats G\u00e9n\u00e9raux de la Bande Dessin\u00e9e en 2015, on a des chiffres \u00e9tay\u00e9s qui montrent qu\u2019ils sont pr\u00e9caires : 53% des r\u00e9pondants ont un revenu inf\u00e9rieur au SMIC annuel brut, dont 36% qui sont en dessous du seuil de pauvret\u00e9 (en 2014), mais \u00e9galement qu\u2019ils cumulent souvent un autre emploi, 71%, et qu\u2019ils ont une protection sociale faible. (<a href=\"http:\/\/www.etatsgenerauxbd.org\/etat-des-lieux\/presentation\/\" rel=\"nofollow noopener\" target=\"_blank\">source<\/a>) En 2023, Sylvain Aquatias a publi\u00e9 <a href=\"https:\/\/presses.uliege.be\/produit\/on-ne-vit-pas-de-la-bande-dessinee\/\" rel=\"nofollow noopener\" target=\"_blank\">On ne vit pas de la bande dessin\u00e9e<\/a>, un livre universitaire qui vient interroger les conditions professionnelles et l\u2019environnement des auteurices \u00e0 Angoul\u00eame pour mieux comprendre ce sujet.\u00a0<\/p>\n<p>Et la pr\u00e9carit\u00e9 des auteurices est toujours d\u2019actualit\u00e9, le minist\u00e8re de la Culture a r\u00e9alis\u00e9 une enqu\u00eate d\u00e9but 2025 sur les conditions de r\u00e9mun\u00e9ration des auteurices (<a href=\"https:\/\/technopolis-group.com\/fr\/new\/etude-conditions-de-remuneration-des-auteurs\/\" rel=\"nofollow noopener\" target=\"_blank\">source<\/a>). La principale difficult\u00e9 est que les auteurices ont un statut social qui d\u00e9pend de leur mode de r\u00e9mun\u00e9ration : le droit d\u2019auteur et qu\u2019ils n\u2019ont pas de droits au ch\u00f4mage ou de statut particulier comme les intermittents. <\/p>\n<p><img data-recalc-dims=\"1\" loading=\"lazy\" decoding=\"async\" width=\"736\" height=\"921\" data-attachment-id=\"44655\" data-permalink=\"https:\/\/bubblediscovery.wpcomstaging.com\/edito\/operation-ca-va-pas-la-les-editions-ca-et-la-ont-besoin-de-vous\/attachment\/capture-decran-2025-07-31-a-15-32-10\/\" data-orig-file=\"https:\/\/i0.wp.com\/bubblediscovery.wpcomstaging.com\/wp-content\/uploads\/2025\/07\/Capture-decran-2025-07-31-a-15.32.10.png?fit=1026%2C1284&amp;ssl=1\" data-orig-size=\"1026,1284\" data-comments-opened=\"0\" data-image-meta=\"{&quot;aperture&quot;:&quot;0&quot;,&quot;credit&quot;:&quot;&quot;,&quot;camera&quot;:&quot;&quot;,&quot;caption&quot;:&quot;&quot;,&quot;created_timestamp&quot;:&quot;0&quot;,&quot;copyright&quot;:&quot;&quot;,&quot;focal_length&quot;:&quot;0&quot;,&quot;iso&quot;:&quot;0&quot;,&quot;shutter_speed&quot;:&quot;0&quot;,&quot;title&quot;:&quot;&quot;,&quot;orientation&quot;:&quot;0&quot;}\" data-image-title=\"Capture d\u2019e\u0301cran 2025-07-31 a\u0300 15.32.10\" data-image-description=\"\" data-image-caption=\"\" data-medium-file=\"https:\/\/i0.wp.com\/bubblediscovery.wpcomstaging.com\/wp-content\/uploads\/2025\/07\/Capture-decran-2025-07-31-a-15.32.10.png?fit=240%2C300&amp;ssl=1\" data-large-file=\"https:\/\/i0.wp.com\/bubblediscovery.wpcomstaging.com\/wp-content\/uploads\/2025\/07\/Capture-decran-2025-07-31-a-15.32.10.png?fit=736%2C921&amp;ssl=1\" src=\"https:\/\/www.europesays.com\/fr\/wp-content\/uploads\/2025\/07\/Capture-decran-2025-07-31-a-15.32.10.png\" alt=\"\" class=\"wp-image-44655\" style=\"width:381px;height:auto\"  \/>Sur la plateforme Fil\u00e9as avec mes propres bouquins pour exemple<\/p>\n<p>\u00c0 chaque nouveau projet, ils repartent presque de z\u00e9ro, presque parce que le succ\u00e8s des livres pr\u00e9c\u00e9dents, des communaut\u00e9s qui les suivent sur les r\u00e9seaux peuvent \u00eatre des leviers de ren\u00e9gociation, mais sans r\u00e9glementation chaque maison d\u2019\u00e9dition fixe ses propres r\u00e8gles. En janvier 2020, Vincent Montagne Pr\u00e9sident du Syndicat National de l\u2019Edition (SNE) avait fait une d\u00e9claration f\u00e9roce contre la possible l\u00e9gif\u00e9ration et l\u2019encadrement du statut d\u2019auteur pour que ce rapport de force ne bouge pas (<a href=\"https:\/\/ligue.auteurs.pro\/2020\/01\/15\/lettre-ouverte-au-president-du-sne\/\" rel=\"nofollow noopener\" target=\"_blank\">source<\/a>).<\/p>\n<p>Ce m\u00eame Vincent Montagne annon\u00e7ait fin 2024, la cr\u00e9ation de <a href=\"https:\/\/www.fileas.org\/\" rel=\"nofollow noopener\" target=\"_blank\">Fil\u00e9as<\/a>, une plateforme qui permet aux artistes-auteurs de conna\u00eetre les chiffres de vente de leurs livres de mani\u00e8re autonome et permet \u00e9galement d\u2019avoir des chiffres sur l\u2019ensemble du secteur. Ce service est en ligne depuis quelques semaines. <\/p>\n<p>\u00c0 long terme, cette connaissance et cette r\u00e9flexion sur le statut, la r\u00e9glementation et l\u2019encadrement des contrats permettront de meilleures conditions.<\/p>\n<p><strong>N\u2019attendez pas pour soutenir les auteurices que vous aimez pour les aider, les maisons d\u2019\u00e9dition dont le catalogue vous touche pour qu\u2019elles continuent de d\u00e9fricher et les librairies autour de vous pour garder un \u00e9cosyst\u00e8me riche. Remplissez vos piles \u00e0 lire, offrez des livres \u00e0 chaque occasion et si possible \u00e9vitez les grandes surfaces ou les multinationales pour vos achats.\u00a0<a href=\"https:\/\/www.bubblebd.com\/9emeart\/bd\/edito\/prix-unique-du-livre-ou-prix-unique-d-achat-du-livre\" rel=\"nofollow noopener\" target=\"_blank\">Rappelez-vous que les livres ont le m\u00eame prix partout<\/a>, autant choisir les acteurs ind\u00e9pendants. <\/strong><\/p>\n<p>Illustration principale : \u00a9\u00c9milie Gleason<\/p>\n<p><script async src=\"\/\/www.instagram.com\/embed.js\"><\/script><\/p>\n","protected":false},"excerpt":{"rendered":"Apr\u00e8s les Requins Marteaux qui ont organis\u00e9 une cagnotte et une tombola en d\u00e9but d\u2019ann\u00e9e pour survivre \u00e0&hellip;\n","protected":false},"author":2,"featured_media":286826,"comment_status":"","ping_status":"","sticky":false,"template":"","format":"standard","meta":{"footnotes":""},"categories":[1357],"tags":[1379,42565,58,59,1011,27,1380],"class_list":{"0":"post-286825","1":"post","2":"type-post","3":"status-publish","4":"format-standard","5":"has-post-thumbnail","7":"category-livres","8":"tag-books","9":"tag-bubble-bibliotheque-collection-bd-comics-mangas-bande-dessinee-bandes-dessinees","10":"tag-divertissement","11":"tag-entertainment","12":"tag-fr","13":"tag-france","14":"tag-livres"},"share_on_mastodon":{"url":"https:\/\/pubeurope.com\/@fr\/114948184942958155","error":""},"_links":{"self":[{"href":"https:\/\/www.europesays.com\/fr\/wp-json\/wp\/v2\/posts\/286825","targetHints":{"allow":["GET"]}}],"collection":[{"href":"https:\/\/www.europesays.com\/fr\/wp-json\/wp\/v2\/posts"}],"about":[{"href":"https:\/\/www.europesays.com\/fr\/wp-json\/wp\/v2\/types\/post"}],"author":[{"embeddable":true,"href":"https:\/\/www.europesays.com\/fr\/wp-json\/wp\/v2\/users\/2"}],"replies":[{"embeddable":true,"href":"https:\/\/www.europesays.com\/fr\/wp-json\/wp\/v2\/comments?post=286825"}],"version-history":[{"count":0,"href":"https:\/\/www.europesays.com\/fr\/wp-json\/wp\/v2\/posts\/286825\/revisions"}],"wp:featuredmedia":[{"embeddable":true,"href":"https:\/\/www.europesays.com\/fr\/wp-json\/wp\/v2\/media\/286826"}],"wp:attachment":[{"href":"https:\/\/www.europesays.com\/fr\/wp-json\/wp\/v2\/media?parent=286825"}],"wp:term":[{"taxonomy":"category","embeddable":true,"href":"https:\/\/www.europesays.com\/fr\/wp-json\/wp\/v2\/categories?post=286825"},{"taxonomy":"post_tag","embeddable":true,"href":"https:\/\/www.europesays.com\/fr\/wp-json\/wp\/v2\/tags?post=286825"}],"curies":[{"name":"wp","href":"https:\/\/api.w.org\/{rel}","templated":true}]}}