{"id":286832,"date":"2025-07-31T13:57:14","date_gmt":"2025-07-31T13:57:14","guid":{"rendered":"https:\/\/www.europesays.com\/fr\/286832\/"},"modified":"2025-07-31T13:57:14","modified_gmt":"2025-07-31T13:57:14","slug":"les-chercheurs-trouvent-un-nouveau-singe-precurseur-dans-la-bouche","status":"publish","type":"post","link":"https:\/\/www.europesays.com\/fr\/286832\/","title":{"rendered":"les chercheurs trouvent un nouveau singe pr\u00e9curseur, dans la bouche !"},"content":{"rendered":"<p>Lors de la<b> Journ\u00e9e mondiale de la maladie de Parkinson<\/b> d\u00e9but avril dernier, l&rsquo;association France Parkinson alertait sur la <b>progression alarmante de la maladie <\/b>ces derni\u00e8res ann\u00e9es. La <a class=\"do_follow\" href=\"https:\/\/www.medisite.fr\/maladies-neurologiques-maladie-de-parkinson-symptomes-esperance-de-vie-causes-traitements.5556967.146457.html\" rel=\"nofollow noopener\" target=\"_blank\">maladie de Parkinson<\/a> devrait ainsi \u201cconna\u00eetre une croissance substantielle dans les d\u00e9cennies \u00e0 venir au niveau mondial, apprend-on dans le communiqu\u00e9 de presse diffus\u00e9 alors. En 2021, pr\u00e8s de 12 millions de personnes \u00e9taient concern\u00e9es \u00e0 travers le monde, chiffre initialement pr\u00e9vu pour 2040. D\u2019ici \u00e0 2050, le nombre de malades devrait atteindre 25,2 millions , soit une hausse de 112% par rapport \u00e0 2021.\u201d <\/p>\n<p><b>Les coupables ?<\/b> Le vieillissement de la population mais aussi <b>notre environnement<\/b>, car l\u2019on sait aujourd\u2019hui avec certitude que certains polluants sont impliqu\u00e9s dans la maladie.<\/p>\n<p>\u201cLa maladie de Parkinson est la deuxi\u00e8me maladie neurod\u00e9g\u00e9n\u00e9rative la plus fr\u00e9quente en France, apr\u00e8s la maladie d\u2019Alzheimer, appuie de son c\u00f4t\u00e9 l\u2019Inserm. Elle constitue <b>une cause majeure de handicap <\/b>chez le sujet \u00e2g\u00e9. Tr\u00e8s rare avant 45 ans, la fr\u00e9quence de la maladie de Parkinson augmente en effet dans les tranches d\u2019\u00e2ge plus \u00e9lev\u00e9es, avec un pic entre 85 et 89 ans.\u201d<\/p>\n<p><b>Parkinson : des sympt\u00f4mes pas toujours sp\u00e9cifiques et (souvent) longs \u00e0 \u00eatre diagnostiqu\u00e9s<\/b><\/p>\n<p>La maladie de Parkinson<b> \u00e9volue lentement<\/b>, de mani\u00e8re insidieuse, souvent sans sympt\u00f4mes visibles avant que la maladie soit bien install\u00e9e. Les scientifiques essaient depuis plusieurs ann\u00e9es de d\u00e9crypter la progression de la maladie et de d\u00e9busquer <b>des signes avant-coureurs<\/b>, ce qui permettrait une prise en charge pr\u00e9coce plus efficace. \u201cLa phase pr\u00e9clinique de <a class=\"do_follow\" href=\"https:\/\/www.medisite.fr\/parkinson-la-maladie-de-parkinson-est-un-veritable-defi-pour-les-scientifiques-voici-ce-quil-faut-savoir-sur-la-recherche.5713038.16548.html\" rel=\"nofollow noopener\" target=\"_blank\">la maladie,<\/a> avant l\u2019apparition des premiers sympt\u00f4mes, dure probablement plusieurs ann\u00e9es, explique encore l\u2019Inserm. Pendant cette p\u00e9riode, le <b>cerveau compense la baisse de dopamine <\/b>par des processus de plasticit\u00e9 qui permettent un fonctionnement c\u00e9r\u00e9bral normal.\u201d <\/p>\n<p>R\u00e9sultat ? Les signes sp\u00e9cifiques de Parkinson apparaissent quand<b> 50 \u00e0 70 % des neurones \u00e0 dopamine sont d\u00e9truits. <\/b>Ses signes sont principalement moteurs (tremblements au repos, lenteur des mouvements, raideurs, difficult\u00e9s dans les gestes fins comme l\u2019\u00e9criture). Autre difficult\u00e9 : l\u2019\u00e9volution de la maladie n\u2019est pas forc\u00e9ment<b> lin\u00e9aire<\/b>, avec des phases que l\u2019on appelle \u201con\u201d et \u201coff\u201d, pas toujours faciles \u00e0 pr\u00e9voir. <\/p>\n<p><b>Que nous apprend cette nouvelle \u00e9tude ?<\/b><\/p>\n<p>Cette \u00e9tude men\u00e9e par une \u00e9quipe de neuroscientifiques du King&rsquo;s College London en Angleterre et publi\u00e9e juste avant l\u2019\u00e9t\u00e9 dans la revue Gut Microbes, d\u00e9crypte le lien entre \u201cles bact\u00e9ries buccales et intestinales, et la progression du d\u00e9clin cognitif dans la maladie\u201d, indique Sant\u00e9 Log, le m\u00e9dias des professionnels de sant\u00e9, qui relaie les travaux. <\/p>\n<p>Plus pr\u00e9cis\u00e9ment, les chercheurs ont analys\u00e9 \u201cles bact\u00e9ries intestinales et buccales collect\u00e9es dans 228 \u00e9chantillons de selles et de salive, de 2 groupes de patients atteints de la maladie de Parkinson, des patients pr\u00e9sentant un <b>d\u00e9clin cognitif l\u00e9ger <\/b>et des patients atteints de <b>d\u00e9mence<\/b>\u201d. Les r\u00e9sultats ont \u00e9t\u00e9 compar\u00e9s \u00e0 ceux d\u2019un groupe t\u00e9moin, ne pr\u00e9sentant pas la maladie de Parkinson. Le but ? D\u00e9terminer les diff\u00e9rents stades de la maladie via les bact\u00e9ries buccales et intestinales. \u201cChez les patients atteints de la maladie de Parkinson, les troubles cognitifs constituent l&rsquo;un <b>des sympt\u00f4mes non moteurs les plus fr\u00e9quents<\/b>, mais leur d\u00e9veloppement (&#8230;) reste flou, ce qui complique le diagnostic pr\u00e9coce des personnes \u00e0 risque\u201d, d\u00e9taillent les chercheurs anglais. <\/p>\n<p><b>Parkinson : ces bact\u00e9ries pr\u00e9sentes dans la bouche renseignent sur la progression de la maladie <\/b><\/p>\n<p>Les r\u00e9sultats de ces travaux sont \u00e0 la fois novateurs et tr\u00e8s int\u00e9ressants : les scientifiques ont trouv\u00e9 dans les intestins des malades pr\u00e9sentant des troubles cognitifs <b>des bact\u00e9ries sp\u00e9cifique<\/b>s provenant de la bouche qui jouent<b> un r\u00f4le actif dans la progression <\/b>de la maladie, les chercheurs ont m\u00eame pu d\u00e9terminer gr\u00e2ce \u00e0 l\u2019IA (intelligence artificielle) les souches concern\u00e9es. \u201cCes toxines pourraient servir de marqueurs biologiques pour identifier les patients pr\u00e9sentant un risque accru de d\u00e9mence li\u00e9e \u00e0 la maladie de Parkinson\u201d, \u00e9crivent les auteurs. \u00c0 l&rsquo;avenir, elles pourraient \u00e9galement \u00eatre la cible <b>de nouveaux traitements<\/b> visant \u00e0 prot\u00e9ger le cerveau en r\u00e9gulant le microbiote intestinal\u201d. En attendant, les chercheurs insistent sur l\u2019int\u00e9r\u00eat <b>d\u2019une parfaite hygi\u00e8ne bucco-dentaire<\/b>, pour freiner la prolif\u00e9ration de ces bact\u00e9ries. <\/p>\n","protected":false},"excerpt":{"rendered":"Lors de la Journ\u00e9e mondiale de la maladie de Parkinson d\u00e9but avril dernier, l&rsquo;association France Parkinson alertait sur&hellip;\n","protected":false},"author":2,"featured_media":286833,"comment_status":"","ping_status":"","sticky":false,"template":"","format":"standard","meta":{"footnotes":""},"categories":[10],"tags":[1011,27,72,71],"class_list":{"0":"post-286832","1":"post","2":"type-post","3":"status-publish","4":"format-standard","5":"has-post-thumbnail","7":"category-sante","8":"tag-fr","9":"tag-france","10":"tag-health","11":"tag-sante"},"share_on_mastodon":{"url":"https:\/\/pubeurope.com\/@fr\/114948200420590937","error":""},"_links":{"self":[{"href":"https:\/\/www.europesays.com\/fr\/wp-json\/wp\/v2\/posts\/286832","targetHints":{"allow":["GET"]}}],"collection":[{"href":"https:\/\/www.europesays.com\/fr\/wp-json\/wp\/v2\/posts"}],"about":[{"href":"https:\/\/www.europesays.com\/fr\/wp-json\/wp\/v2\/types\/post"}],"author":[{"embeddable":true,"href":"https:\/\/www.europesays.com\/fr\/wp-json\/wp\/v2\/users\/2"}],"replies":[{"embeddable":true,"href":"https:\/\/www.europesays.com\/fr\/wp-json\/wp\/v2\/comments?post=286832"}],"version-history":[{"count":0,"href":"https:\/\/www.europesays.com\/fr\/wp-json\/wp\/v2\/posts\/286832\/revisions"}],"wp:featuredmedia":[{"embeddable":true,"href":"https:\/\/www.europesays.com\/fr\/wp-json\/wp\/v2\/media\/286833"}],"wp:attachment":[{"href":"https:\/\/www.europesays.com\/fr\/wp-json\/wp\/v2\/media?parent=286832"}],"wp:term":[{"taxonomy":"category","embeddable":true,"href":"https:\/\/www.europesays.com\/fr\/wp-json\/wp\/v2\/categories?post=286832"},{"taxonomy":"post_tag","embeddable":true,"href":"https:\/\/www.europesays.com\/fr\/wp-json\/wp\/v2\/tags?post=286832"}],"curies":[{"name":"wp","href":"https:\/\/api.w.org\/{rel}","templated":true}]}}