{"id":286834,"date":"2025-07-31T13:58:09","date_gmt":"2025-07-31T13:58:09","guid":{"rendered":"https:\/\/www.europesays.com\/fr\/286834\/"},"modified":"2025-07-31T13:58:09","modified_gmt":"2025-07-31T13:58:09","slug":"cest-fantastique-les-premiers-mots-digor-paixao-pour-son-arrivee-a-marseille","status":"publish","type":"post","link":"https:\/\/www.europesays.com\/fr\/286834\/","title":{"rendered":"\u00abC\u2019est fantastique\u00bb, les premiers mots d\u2019Igor Paixao pour son arriv\u00e9e \u00e0 Marseille"},"content":{"rendered":"<p>L\u2019ailier br\u00e9silien a atterri ce jeudi \u00e0 l\u2019a\u00e9roport de Marignane, o\u00f9 un cort\u00e8ge de supporters l\u2019attendait. Son transfert en provenance du Feyenoord Rotterdam est estim\u00e9 \u00e0 35 millions d\u2019euros bonus compris.<\/p>\n<p class=\"fig-paragraph\">La concurrence \u00e9tait rude sur le dossier Igor Paixao mais l\u2019OM a fini par\u00a0<a href=\"http:\/\/www.lefigaro.fr\/sports\/football\/transferts\/mercato-l-om-a-eu-le-dernier-mot-pour-igor-paixao-20250728\" data-fig-type=\"NewsFlash\" data-gtm-custom-categorie=\"navigation\" data-gtm-custom-action=\"crossclick\" data-gtm-custom-label=\"Contextuel\" data-gtm-event=\"customEventSPE\" data-fig-domain=\"LEFIGARO\" target=\"_blank\" rel=\"noopener\">avoir le dernier mot<\/a>\u00a0au prix d\u2019intenses n\u00e9gociations avec son club, le Feyenoord Rotterdam. L\u2019ailier br\u00e9silien de 25 ans est arriv\u00e9 ce jeudi matin \u00e0 Marseille o\u00f9 il va passer des examens m\u00e9dicaux avant de signer son contrat.\u00a0<a href=\"http:\/\/www.lefigaro.fr\/sports\/football\/transferts\/mercato-ambiance-de-folie-a-marseille-pour-le-retour-d-aubameyang-video-20250730\" data-fig-type=\"NewsFlash\" data-gtm-custom-categorie=\"navigation\" data-gtm-custom-action=\"crossclick\" data-gtm-custom-label=\"Contextuel\" data-gtm-event=\"customEventSPE\" data-fig-domain=\"LEFIGARO\" target=\"_blank\" rel=\"noopener\">Comme pour Aubameyang mercredi<\/a>, de nombreux supporters \u00e9taient pr\u00e9sents pour lui r\u00e9server un accueil \u00e0 la hauteur des espoirs plac\u00e9s sur lui.<\/p>\n<p class=\"fig-paragraph\">En effet, il s\u2019appr\u00eate \u00e0 devenir\u00a0<a href=\"http:\/\/www.lefigaro.fr\/sports\/football\/transferts\/piste-par-les-plus-grands-26e-bresilien-5-choses-a-savoir-sur-igor-paixao-qui-pourrait-devenir-la-recrue-la-plus-chere-de-l-histoire-de-l-om-20250723\" data-fig-type=\"NewsFlash\" data-gtm-custom-categorie=\"navigation\" data-gtm-custom-action=\"crossclick\" data-gtm-custom-label=\"Contextuel\" data-gtm-event=\"customEventSPE\" data-fig-domain=\"LEFIGARO\" target=\"_blank\" rel=\"noopener\">la recrue la plus ch\u00e8re du club phoc\u00e9en<\/a>\u00a0(35 millions d\u2019euros bonus compris) devant l\u2019attaquant portugais Vitinha et Dimitri Payet. Interrog\u00e9 par RMC Sport, il a d\u00e9clar\u00e9\u00a0: \u00abJe me sens bien. je suis vraiment content d\u2019\u00eatre ici.\u00a0C\u2019est une super atmosph\u00e8re, c\u2019est fantastique\u00a0! L\u2019OM est un gros club en Europe, je suis heureux\u00bb, avant de pousser un premier \u00abAllez l\u2019OM\u00bb en Fran\u00e7ais, dans un sourire.<\/p>\n","protected":false},"excerpt":{"rendered":"L\u2019ailier br\u00e9silien a atterri ce jeudi \u00e0 l\u2019a\u00e9roport de Marignane, o\u00f9 un cort\u00e8ge de supporters l\u2019attendait. Son transfert&hellip;\n","protected":false},"author":2,"featured_media":286835,"comment_status":"","ping_status":"","sticky":false,"template":"","format":"standard","meta":{"footnotes":""},"categories":[9],"tags":[42566,1011,27,1434,1176,60],"class_list":{"0":"post-286834","1":"post","2":"type-post","3":"status-publish","4":"format-standard","5":"has-post-thumbnail","7":"category-sports","8":"tag-feyenoord-rotterdam","9":"tag-fr","10":"tag-france","11":"tag-mercato","12":"tag-olympique-de-marseille","13":"tag-sports"},"share_on_mastodon":{"url":"https:\/\/pubeurope.com\/@fr\/114948204459505656","error":""},"_links":{"self":[{"href":"https:\/\/www.europesays.com\/fr\/wp-json\/wp\/v2\/posts\/286834","targetHints":{"allow":["GET"]}}],"collection":[{"href":"https:\/\/www.europesays.com\/fr\/wp-json\/wp\/v2\/posts"}],"about":[{"href":"https:\/\/www.europesays.com\/fr\/wp-json\/wp\/v2\/types\/post"}],"author":[{"embeddable":true,"href":"https:\/\/www.europesays.com\/fr\/wp-json\/wp\/v2\/users\/2"}],"replies":[{"embeddable":true,"href":"https:\/\/www.europesays.com\/fr\/wp-json\/wp\/v2\/comments?post=286834"}],"version-history":[{"count":0,"href":"https:\/\/www.europesays.com\/fr\/wp-json\/wp\/v2\/posts\/286834\/revisions"}],"wp:featuredmedia":[{"embeddable":true,"href":"https:\/\/www.europesays.com\/fr\/wp-json\/wp\/v2\/media\/286835"}],"wp:attachment":[{"href":"https:\/\/www.europesays.com\/fr\/wp-json\/wp\/v2\/media?parent=286834"}],"wp:term":[{"taxonomy":"category","embeddable":true,"href":"https:\/\/www.europesays.com\/fr\/wp-json\/wp\/v2\/categories?post=286834"},{"taxonomy":"post_tag","embeddable":true,"href":"https:\/\/www.europesays.com\/fr\/wp-json\/wp\/v2\/tags?post=286834"}],"curies":[{"name":"wp","href":"https:\/\/api.w.org\/{rel}","templated":true}]}}