{"id":286838,"date":"2025-07-31T14:00:12","date_gmt":"2025-07-31T14:00:12","guid":{"rendered":"https:\/\/www.europesays.com\/fr\/286838\/"},"modified":"2025-07-31T14:00:12","modified_gmt":"2025-07-31T14:00:12","slug":"qualcomm-snapdragon-adobe-lance-une-version-native-de-premiere-pro-pour-les-pc-portables-arm","status":"publish","type":"post","link":"https:\/\/www.europesays.com\/fr\/286838\/","title":{"rendered":"Qualcomm Snapdragon : Adobe lance une version native de Premiere Pro pour les PC portables ARM"},"content":{"rendered":"<p class=\"ed__a-p ed__bdy__l\">Mieux vaut tard que jamais, mais un peu plus d&rsquo;un an apr\u00e8s l&rsquo;arriv\u00e9e des premiers PC portables Qualcomm Snapdragon sur le march\u00e9, Adobe se met (enfin) \u00e0 l&rsquo;heure de l&rsquo;ARM sur Windows. Des versions natives de cette architecture sont disponibles en <a href=\"https:\/\/community.adobe.com\/t5\/premiere-pro-beta-discussions\/now-in-beta-windows-on-arm-native-in-premiere-pro\/td-p\/15434715\" target=\"_blank\" rel=\"nofollow noopener\">beta publique<\/a> pour la suite d&rsquo;\u00e9dition et d&rsquo;export vid\u00e9o Premiere Pro, Media Encoder et After Effects, mais aussi le logiciel d&rsquo;\u00e9dition audio Audition.<\/p>\n<p>Enfin, les crashes sur Premiere Pro pour tous<\/p>\n<p class=\"ed__a-p ed__bdy__l\">\u00c0 noter pour les \u00e9ventuels int\u00e9ress\u00e9s que si les applications en elles-m\u00eames fonctionnent bien nativement en ARM, elles manquent un nombre notable de fonctionnalit\u00e9s : pas question de profiter des extensions tierces sur Premiere Pro et After Effects, par exemple, ni m\u00eame de l&rsquo;export dans le codec HEVC et H.264 au format MP4. Bref, un beau d\u00e9but, mais qui n\u00e9cessite encore plusieurs mises \u00e0 jour pour finir au niveau des versions x64.<\/p>\n<p class=\"ed__a-p ed__bdy__l\">L&rsquo;initiative est appr\u00e9ciable, tant bien m\u00eame elle arrive sur le tard. Une r\u00e9activit\u00e9 qui s&rsquo;explique par la part de march\u00e9 pauvre des PC portables ARM (hors Apple), mais aussi par les limites des trois processeurs Qualcomm Snapdragon (<a href=\"https:\/\/www.lesnumeriques.com\/cpu-processeur\/ces-2025-qualcomm-s-attaque-aux-pc-d-entree-de-gamme-avec-son-snapdragon-x-n231470.html\" title=\"Qualcomm s&#039;attaque aux PC d&#039;entr\u00e9e de gamme avec son Snapdragon\u00a0X\" rel=\"nofollow noopener\" target=\"_blank\">X<\/a>, Plus et Elite) pour toute t\u00e2che qui d\u00e9passe le simple usage bureautique. Si les performances de ces versions ARM de la suite Adobe seront meilleures que l&rsquo;\u00e9mulation des applications x86, leur usage ne sera, on l&rsquo;imagine, que ponctuel.<\/p>\n<p>            Publicit\u00e9, votre contenu continue ci-dessous<\/p>\n<p>        Publicit\u00e9<\/p>\n","protected":false},"excerpt":{"rendered":"Mieux vaut tard que jamais, mais un peu plus d&rsquo;un an apr\u00e8s l&rsquo;arriv\u00e9e des premiers PC portables Qualcomm&hellip;\n","protected":false},"author":2,"featured_media":286839,"comment_status":"","ping_status":"","sticky":false,"template":"","format":"standard","meta":{"footnotes":""},"categories":[7],"tags":[1011,27,43,40,41,39,42,44],"class_list":{"0":"post-286838","1":"post","2":"type-post","3":"status-publish","4":"format-standard","5":"has-post-thumbnail","7":"category-sciences-et-technologies","8":"tag-fr","9":"tag-france","10":"tag-science","11":"tag-science-and-technology","12":"tag-sciences","13":"tag-sciences-et-technologies","14":"tag-technologies","15":"tag-technology"},"share_on_mastodon":{"url":"https:\/\/pubeurope.com\/@fr\/114948212237827160","error":""},"_links":{"self":[{"href":"https:\/\/www.europesays.com\/fr\/wp-json\/wp\/v2\/posts\/286838","targetHints":{"allow":["GET"]}}],"collection":[{"href":"https:\/\/www.europesays.com\/fr\/wp-json\/wp\/v2\/posts"}],"about":[{"href":"https:\/\/www.europesays.com\/fr\/wp-json\/wp\/v2\/types\/post"}],"author":[{"embeddable":true,"href":"https:\/\/www.europesays.com\/fr\/wp-json\/wp\/v2\/users\/2"}],"replies":[{"embeddable":true,"href":"https:\/\/www.europesays.com\/fr\/wp-json\/wp\/v2\/comments?post=286838"}],"version-history":[{"count":0,"href":"https:\/\/www.europesays.com\/fr\/wp-json\/wp\/v2\/posts\/286838\/revisions"}],"wp:featuredmedia":[{"embeddable":true,"href":"https:\/\/www.europesays.com\/fr\/wp-json\/wp\/v2\/media\/286839"}],"wp:attachment":[{"href":"https:\/\/www.europesays.com\/fr\/wp-json\/wp\/v2\/media?parent=286838"}],"wp:term":[{"taxonomy":"category","embeddable":true,"href":"https:\/\/www.europesays.com\/fr\/wp-json\/wp\/v2\/categories?post=286838"},{"taxonomy":"post_tag","embeddable":true,"href":"https:\/\/www.europesays.com\/fr\/wp-json\/wp\/v2\/tags?post=286838"}],"curies":[{"name":"wp","href":"https:\/\/api.w.org\/{rel}","templated":true}]}}