{"id":286846,"date":"2025-07-31T14:04:15","date_gmt":"2025-07-31T14:04:15","guid":{"rendered":"https:\/\/www.europesays.com\/fr\/286846\/"},"modified":"2025-07-31T14:04:15","modified_gmt":"2025-07-31T14:04:15","slug":"la-facade-du-quotidien-degradee-par-des-militants-pro-palestiniens","status":"publish","type":"post","link":"https:\/\/www.europesays.com\/fr\/286846\/","title":{"rendered":"la fa\u00e7ade du quotidien d\u00e9grad\u00e9e par des militants pro-palestiniens"},"content":{"rendered":"<p>Dans la nuit de mardi \u00e0 mercredi, les locaux du prestigieux journal am\u00e9ricain ont \u00e9t\u00e9 recouverts par des graffitis et de la peinture rouge, en r\u00e9f\u00e9rence au sang des Gazaouis.<\/p>\n<p class=\"fig-paragraph\">La fa\u00e7ade du New York Times, prestigieux quotidien am\u00e9ricain, a \u00e9t\u00e9 d\u00e9grad\u00e9e dans la nuit de mardi \u00e0 mercredi. \u00abLe New-York Times ment, Gaza meurt\u00bb, est-il inscrit en lettres blanches, selon plusieurs images publi\u00e9es sur les r\u00e9seaux sociaux. De la peinture rouge a \u00e9galement \u00e9t\u00e9 \u00e9tal\u00e9e sur la porte d\u2019entr\u00e9e du journal, en r\u00e9f\u00e9rence au sang des Gazaouis\u00a0<a href=\"http:\/\/www.lefigaro.fr\/international\/dossier\/attaque-du-hamas-contre-israel-le-point-sur-la-situation\" data-fig-type=\"Topic\" data-gtm-custom-categorie=\"navigation\" data-gtm-custom-action=\"crossclick\" data-gtm-custom-label=\"Contextuel\" data-gtm-event=\"customEventSPE\" data-fig-domain=\"LEFIGARO\" rel=\"nofollow noopener\" target=\"_blank\">tu\u00e9s dans les combats en cours entre le Hamas et Isra\u00ebl depuis le 7-Octobre<\/a>. \u00abDes personnes anonymes ont protest\u00e9 contre le NYT pour sa complicit\u00e9 dans le g\u00e9nocide des Palestiniens\u00bb, a \u00e9crit une photojournaliste am\u00e9ricaine qui a publi\u00e9 des clich\u00e9s de la sc\u00e8ne sur Instagram, accusant le r\u00e9dacteur en chef du journal, Joe Kahn, de \u00abcrimes de guerre\u00bb.<\/p>\n<p class=\"fig-paragraph\">\u00abCette action directe intervient un jour seulement apr\u00e8s la publication d\u2019une note de la r\u00e9daction concernant Mohammed Zakaria al-Mutawaq, un enfant de 18 mois qui meurt de faim sous l\u2019occupation\u00bb, ajoute la publication. La photographe fait r\u00e9f\u00e9rence \u00e0 la Une du quotidien vendredi dernier, qui affichait la photo d\u2019un enfant fam\u00e9lique. La r\u00e9daction a publi\u00e9 un communiqu\u00e9, dans la nuit de mardi \u00e0 mercredi, se fondant sur des rapports m\u00e9dicaux, pour pr\u00e9ciser qu\u2019il \u00absouffrait de probl\u00e8mes de sant\u00e9 pr\u00e9existants\u00bb et que sa maigreur n\u2019\u00e9tait donc pas li\u00e9e \u00e0 la famine.<\/p>\n<p class=\"fig-body-link\">\n            \u00c0 lire aussi<br \/>\n        <a class=\"fig-body-link__link\" href=\"http:\/\/www.lefigaro.fr\/international\/le-new-york-times-accuse-de-mensonge-apres-la-publication-d-une-image-denoncant-la-famine-a-gaza-20250730\" target=\"_blank\" data-fig-type=\"NewsFlash\" rel=\"noopener nofollow\" data-gtm-custom-categorie=\"navigation\" data-gtm-custom-action=\"crossclick\" data-gtm-custom-label=\"Contextuel\" data-gtm-event=\"customEventSPE\" data-fig-domain=\"LEFIGARO\">Le New-York Times accus\u00e9 de mensonge apr\u00e8s la publication d\u2019une image d\u00e9non\u00e7ant la famine \u00e0 Gaza<br \/>\n    <\/a>\n<\/p>\n<p>                                    <a class=\"fig-a11y-skip a11y-hidden\" href=\"#fig-a11y-skip-main-inarticle\"><br \/>\n        Passer la publicit\u00e9<br \/>\n    <\/a><\/p>\n<p class=\"fig-paragraph\">Toujours selon la photojournaliste, le \u00abNew York Times affiche une liste interminable de liens avec [Tsahal] et \u2019Isra\u00ebl\u2019\u00bb. Par ailleurs, le journal aurait \u00abun parti pris \u00e9vident pour la propagande sioniste et imp\u00e9rialiste\u00bb. Ce n\u2019est pas la premi\u00e8re fois que des militants pro-palestiniens s\u2019en prennent au quotidien am\u00e9ricain. En novembre 2023, plusieurs dizaines d\u2019entre eux \u00e9taient entr\u00e9es dans le hall et l\u2019avaient tapiss\u00e9 de noms de Palestiniens morts pendant les combats. Alors que Donald Trump s\u2019affiche comme un alli\u00e9 d\u2019Isra\u00ebl, l\u2019opinion am\u00e9ricaine est polaris\u00e9e sur ce soutien historique. Plusieurs manifestations estudiantines, \u00e9maill\u00e9es de violences, ont secou\u00e9 les universit\u00e9s am\u00e9ricaines au cours de l\u2019\u00e9t\u00e9 dernier.<\/p>\n","protected":false},"excerpt":{"rendered":"Dans la nuit de mardi \u00e0 mercredi, les locaux du prestigieux journal am\u00e9ricain ont \u00e9t\u00e9 recouverts par des&hellip;\n","protected":false},"author":2,"featured_media":286847,"comment_status":"","ping_status":"","sticky":false,"template":"","format":"standard","meta":{"footnotes":""},"categories":[2],"tags":[11,1011,27,665,415,12],"class_list":{"0":"post-286846","1":"post","2":"type-post","3":"status-publish","4":"format-standard","5":"has-post-thumbnail","7":"category-actualites","8":"tag-actualites","9":"tag-fr","10":"tag-france","11":"tag-gaza","12":"tag-new-york","13":"tag-news"},"share_on_mastodon":{"url":"https:\/\/pubeurope.com\/@fr\/114948228003702983","error":""},"_links":{"self":[{"href":"https:\/\/www.europesays.com\/fr\/wp-json\/wp\/v2\/posts\/286846","targetHints":{"allow":["GET"]}}],"collection":[{"href":"https:\/\/www.europesays.com\/fr\/wp-json\/wp\/v2\/posts"}],"about":[{"href":"https:\/\/www.europesays.com\/fr\/wp-json\/wp\/v2\/types\/post"}],"author":[{"embeddable":true,"href":"https:\/\/www.europesays.com\/fr\/wp-json\/wp\/v2\/users\/2"}],"replies":[{"embeddable":true,"href":"https:\/\/www.europesays.com\/fr\/wp-json\/wp\/v2\/comments?post=286846"}],"version-history":[{"count":0,"href":"https:\/\/www.europesays.com\/fr\/wp-json\/wp\/v2\/posts\/286846\/revisions"}],"wp:featuredmedia":[{"embeddable":true,"href":"https:\/\/www.europesays.com\/fr\/wp-json\/wp\/v2\/media\/286847"}],"wp:attachment":[{"href":"https:\/\/www.europesays.com\/fr\/wp-json\/wp\/v2\/media?parent=286846"}],"wp:term":[{"taxonomy":"category","embeddable":true,"href":"https:\/\/www.europesays.com\/fr\/wp-json\/wp\/v2\/categories?post=286846"},{"taxonomy":"post_tag","embeddable":true,"href":"https:\/\/www.europesays.com\/fr\/wp-json\/wp\/v2\/tags?post=286846"}],"curies":[{"name":"wp","href":"https:\/\/api.w.org\/{rel}","templated":true}]}}