{"id":286856,"date":"2025-07-31T14:09:13","date_gmt":"2025-07-31T14:09:13","guid":{"rendered":"https:\/\/www.europesays.com\/fr\/286856\/"},"modified":"2025-07-31T14:09:13","modified_gmt":"2025-07-31T14:09:13","slug":"a-six-fours-la-mairie-veut-accueillir-au-sein-de-ses-services-des-collegiens-et-lyceens-frappes-dexclusion","status":"publish","type":"post","link":"https:\/\/www.europesays.com\/fr\/286856\/","title":{"rendered":"A Six-Fours, la mairie veut accueillir au sein de ses services des coll\u00e9giens et lyc\u00e9ens frapp\u00e9s d\u2019exclusion"},"content":{"rendered":"<p>Quand une porte se ferme, une autre peut s\u2019ouvrir. Lorsqu\u2019un \u00e9l\u00e8ve fait l\u2019objet d\u2019une exclusion temporaire prononc\u00e9e par le conseil de discipline de son coll\u00e8ge ou de son lyc\u00e9e, le Code de l\u2019\u00e9ducation dispose qu\u2019il est possible de lui proposer des alternatives \u00e0 la sanction. Par exemple: le faire participer \u00e0 des activit\u00e9s de solidarit\u00e9, \u00e0 des actions culturelles ou \u00e0 des formations, et ce \u00ab\u00a0\u00e0 des fins \u00e9ducatives\u00a0\u00bb. Ces mesures \u2013 dites \u00ab\u00a0de responsabilisation\u00a0\u00bb de l\u2019\u00e9l\u00e8ve \u2013 peuvent m\u00eame \u00eatre effectu\u00e9es au sein d\u2019une collectivit\u00e9 territoriale. La commune de Six-Fours accepte de s\u2019engager dans ce dispositif.<\/p>\n<p>\u00ab\u00a0C\u2019est une demande de l\u2019\u00c9ducation nationale qui constate que, quand un \u00e9l\u00e8ve est exclu trois jours et que ses parents travaillent, il va rester trois jours \u00e0 la maison ou dans la rue, souvent livr\u00e9 \u00e0 lui-m\u00eame. Donc plut\u00f4t que de le laisser tra\u00eener, il est propos\u00e9 de l\u2019accueillir en lui confiant des activit\u00e9s dans le cadre de la municipalit\u00e9\u00a0\u00bb, a expliqu\u00e9 le maire Jean-S\u00e9bastien Vialatte lors du dernier conseil municipal. Quel type d\u2019activit\u00e9s? \u00ab\u00a0Cela reste \u00e0 d\u00e9finir, mais ce seront des heures consacr\u00e9es \u00e0 l\u2019int\u00e9r\u00eat g\u00e9n\u00e9ral, en mairie, avec une association caritative ou une structure d\u00e9di\u00e9e \u00e0 la jeunesse\u00a0\u00bb, a \u00e9voqu\u00e9 le premier magistrat.<\/p>\n<p>Respecter la dignit\u00e9 de l\u2019\u00e9l\u00e8ve<\/p>\n<p>Le Code de l\u2019\u00e9ducation pr\u00e9cise que la Ville peut se faire assister par les services de l\u2019\u00c9ducation nationale pour d\u00e9finir le type de mesures \u00e0 mettre en \u0153uvre, sachant que la dur\u00e9e des activit\u00e9s \u00ab\u00a0ne peut exc\u00e9der vingt heures\u00a0\u00bb et que les t\u00e2ches confi\u00e9es \u00ab\u00a0doivent respecter la dignit\u00e9 de l\u2019\u00e9l\u00e8ve, ne pas l\u2019exposer \u00e0 un danger pour sa sant\u00e9, et demeurer en ad\u00e9quation avec son \u00e2ge et ses capacit\u00e9s\u00a0\u00bb.<\/p>\n<p>Il est indiqu\u00e9 \u00e9galement que, pendant toute la dur\u00e9e de la mesure de responsabilisation, l\u2019\u00e9l\u00e8ve demeure sous statut scolaire et reste donc sous la responsabilit\u00e9 de son \u00e9tablissement. Il appartient ainsi au chef d\u2019\u00e9tablissement ou \u00e0 son repr\u00e9sentant \u00ab\u00a0de contr\u00f4ler la r\u00e9alisation effective de l\u2019activit\u00e9 ou de la t\u00e2che\u00a0\u00bb.<\/p>\n<p>Dans cette perspective, la Ville va donc signer une premi\u00e8re convention avec le Direction des services d\u00e9partementaux de l\u2019\u00c9ducation nationale (DSDEN) afin d\u2019engager la d\u00e9marche. Puis une seconde convention sera conclue avec les \u00e9tablissements concern\u00e9s pr\u00e9sents sur la commune (deux coll\u00e8ges et un lyc\u00e9e professionnel) apr\u00e8s accord de leur conseil d\u2019administration.<\/p>\n<p>Proposer, pas imposer<\/p>\n<p>La commune pourra aussi demander l\u2019agr\u00e9ment de structures et d\u2019associations susceptibles de proposer des mesures de responsabilisation \u00ab\u00a0qui r\u00e9pondent aux besoins des \u00e9tablissements\u00a0\u00bb. Et concr\u00e8tement, un comit\u00e9 de pilotage mis en place par la Ville d\u00e9terminera le protocole et les propositions d\u2019activit\u00e9s faites aux \u00e9tablissements.<\/p>\n<p>\u00ab\u00a0Ces mesures ne sont pas une obligation, a ajout\u00e9 le maire, elles sont propos\u00e9es aux familles qui peuvent les refuser. Jusque-l\u00e0, les exp\u00e9rimentations ont toutefois montr\u00e9 que ces mesures sont tr\u00e8s bien accueillies par les parents d\u2019\u00e9l\u00e8ves\u00a0\u00bb.<\/p>\n","protected":false},"excerpt":{"rendered":"Quand une porte se ferme, une autre peut s\u2019ouvrir. Lorsqu\u2019un \u00e9l\u00e8ve fait l\u2019objet d\u2019une exclusion temporaire prononc\u00e9e par&hellip;\n","protected":false},"author":2,"featured_media":286857,"comment_status":"","ping_status":"","sticky":false,"template":"","format":"standard","meta":{"footnotes":""},"categories":[9619],"tags":[1111,11,1777,674,1011,27,12,882,25,2310,3366],"class_list":{"0":"post-286856","1":"post","2":"type-post","3":"status-publish","4":"format-standard","5":"has-post-thumbnail","7":"category-toulon","8":"tag-actu","9":"tag-actualites","10":"tag-eu","11":"tag-europe","12":"tag-fr","13":"tag-france","14":"tag-news","15":"tag-provence-alpes-cote-dazur","16":"tag-republique-francaise","17":"tag-toulon","18":"tag-vie-locale"},"share_on_mastodon":{"url":"https:\/\/pubeurope.com\/@fr\/114948247588026332","error":""},"_links":{"self":[{"href":"https:\/\/www.europesays.com\/fr\/wp-json\/wp\/v2\/posts\/286856","targetHints":{"allow":["GET"]}}],"collection":[{"href":"https:\/\/www.europesays.com\/fr\/wp-json\/wp\/v2\/posts"}],"about":[{"href":"https:\/\/www.europesays.com\/fr\/wp-json\/wp\/v2\/types\/post"}],"author":[{"embeddable":true,"href":"https:\/\/www.europesays.com\/fr\/wp-json\/wp\/v2\/users\/2"}],"replies":[{"embeddable":true,"href":"https:\/\/www.europesays.com\/fr\/wp-json\/wp\/v2\/comments?post=286856"}],"version-history":[{"count":0,"href":"https:\/\/www.europesays.com\/fr\/wp-json\/wp\/v2\/posts\/286856\/revisions"}],"wp:featuredmedia":[{"embeddable":true,"href":"https:\/\/www.europesays.com\/fr\/wp-json\/wp\/v2\/media\/286857"}],"wp:attachment":[{"href":"https:\/\/www.europesays.com\/fr\/wp-json\/wp\/v2\/media?parent=286856"}],"wp:term":[{"taxonomy":"category","embeddable":true,"href":"https:\/\/www.europesays.com\/fr\/wp-json\/wp\/v2\/categories?post=286856"},{"taxonomy":"post_tag","embeddable":true,"href":"https:\/\/www.europesays.com\/fr\/wp-json\/wp\/v2\/tags?post=286856"}],"curies":[{"name":"wp","href":"https:\/\/api.w.org\/{rel}","templated":true}]}}