{"id":286858,"date":"2025-07-31T14:10:09","date_gmt":"2025-07-31T14:10:09","guid":{"rendered":"https:\/\/www.europesays.com\/fr\/286858\/"},"modified":"2025-07-31T14:10:09","modified_gmt":"2025-07-31T14:10:09","slug":"municipales-2026-a-toulon-les-ecologistes-designent-leur-chef-de-file","status":"publish","type":"post","link":"https:\/\/www.europesays.com\/fr\/286858\/","title":{"rendered":"Municipales 2026 : \u00e0 Toulon, les \u00e9cologistes d\u00e9signent leur chef de file"},"content":{"rendered":"<p>Les verts misent sur Peire Costa, membre du Parti Occitan et du collectif R\u00e9gions et Peuples Solidaires. Le nouveau chef de file d&rsquo;EELV \u00e0 Toulon pr\u00e9sente un programme alliant justice sociale, transition \u00e9cologique et urgence du logement au sein de la m\u00e9tropole. Des propositions qui ont pour but d&rsquo;alimenter le programme de la gauche unie pour les municipales 2026 \u00e0 Toulon : les verts se sont ralli\u00e9s au groupe politique \u00ab\u00a0Toulon en commun\u00a0\u00bb, men\u00e9 par la militante PS Magalie Brunel.\u00a0<\/p>\n<p>\u00a0<\/p>\n<p>Une candidature \u00e9cologiste ancr\u00e9e dans le territoire<\/p>\n<p>\u00a0<\/p>\n<p style=\"line-height:1.38;margin-bottom:12pt;margin-top:12pt;\" dir=\"ltr\">Membre du\u00a0Parti occitan et de la f\u00e9d\u00e9ration\u00a0R\u00e9gions et Peuples Solidaires, Peire Costa n\u2019en est pas \u00e0 sa premi\u00e8re campagne. Aux \u00e9lections cantonales de 2011, il obtient un score de\u00a021,40 % des voix, le meilleur score de la gauche dans le Var. En 2020, il se pr\u00e9sente aux \u00e9lections d\u00e9partementales aux c\u00f4t\u00e9s, justement, de Magalie Brunel.<\/p>\n<p style=\"line-height:1.38;margin-bottom:12pt;margin-top:12pt;\" dir=\"ltr\">Avec le soutien des groupes locaux \u00e9colos de la m\u00e9tropole Toulon Provence M\u00e9diterran\u00e9e, les Verts entendent\u00a0peser sur les choix m\u00e9tropolitains, \u00ab\u00a0car c\u2019est \u00e0 TPM (Toulon Provence M\u00e9diterran\u00e9e) que se prennent l\u2019essentiel des d\u00e9cisions majeures\u00a0\u00bb, lance Guy Lebec, repr\u00e9sentant politique d&rsquo;EELV \u00e0 Toulon.<\/p>\n<p style=\"line-height:1.38;margin-bottom:12pt;margin-top:12pt;\" dir=\"ltr\">\u00a0<\/p>\n<p>L\u2019union de la gauche comme priorit\u00e9<\/p>\n<p>\u00a0<\/p>\n<p style=\"line-height:1.38;margin-bottom:12pt;margin-top:12pt;\" dir=\"ltr\">Avec cette investiture et cette liste de propositions adress\u00e9e au groupe Toulon en Commun, les Verts n&rsquo;entendent pas du tout faire cavalier seul. L\u2019objectif est clair :\u00a0former une liste unique de la gauche dans toutes les communes de la m\u00e9tropole, pour contrer la droite et l\u2019extr\u00eame droite.\u00a0<\/p>\n<p style=\"line-height:1.38;margin-bottom:12pt;margin-top:12pt;\" dir=\"ltr\">Guy Lebec, t\u00eate de liste en 2020, rappelle : \u00ab Nous sommes la seule liste \u00e9cologiste avec une vraie base sociale. Les autres se contentent de mettre du vert sur leur bulletin \u00bb, avant de pr\u00e9ciser que des discussions sont en cours pour rallier La France Insoumise dans le groupe politique de gauche.<\/p>\n<p style=\"line-height:1.38;margin-bottom:12pt;margin-top:12pt;\" dir=\"ltr\">\u00a0<\/p>\n<p>Le logement : priorit\u00e9 n\u00b01<\/p>\n<p>\u00a0<\/p>\n<p style=\"line-height:1.38;margin-bottom:12pt;margin-top:12pt;\" dir=\"ltr\">Peire Costa, nouvellement investi chez les Verts, alerte sur l\u2019urgence du logement. Dans la m\u00e9tropole TPM,\u00a012 % des logements sont des r\u00e9sidences secondaires. Le centre-ville se vide au profit des p\u00e9riph\u00e9ries, grignotant les terres agricoles. Il propose de s\u2019inspirer du\u00a0Pays basque, o\u00f9 chaque mise en location d\u2019un logement secondaire oblige le propri\u00e9taire \u00e0 louer sur une longue dur\u00e9e un autre logement. Une solution propos\u00e9e afin d&rsquo;\u00e9viter la multiplication de logement type \u00ab\u00a0Airbnb\u00a0\u00bb, qui gangr\u00e8ne les c\u00f4tes varoises.<\/p>\n<p style=\"line-height:1.38;margin-bottom:12pt;margin-top:12pt;\" dir=\"ltr\">\u00a0<\/p>\n<p>Un contexte politique incertain<\/p>\n<p>\u00a0<\/p>\n<p style=\"line-height:1.38;margin-bottom:12pt;margin-top:12pt;\" dir=\"ltr\">Face \u00e0 eux, la droite varoise s\u2019organise. La maire sortante\u00a0Jos\u00e9e Massi (divers droite) reste discr\u00e8te mais devrait se d\u00e9clarer \u00e0 la rentr\u00e9e. Le s\u00e9nateur\u00a0Michel Bonnus (LR) appelle \u00e0 l\u2019unit\u00e9, tandis que\u00a0Pierre-Jacques Depallens (Modem) avance avec\u00a0C\u00e9cile Muschotti.<\/p>\n<p style=\"line-height:1.38;margin-bottom:12pt;margin-top:12pt;\" dir=\"ltr\">Et en embuscade, le\u00a0Rassemblement national avec\u00a0Laure Lavalette pourrait tirer profit d\u2019un \u00e9parpillement des voix.<\/p>\n","protected":false},"excerpt":{"rendered":"Les verts misent sur Peire Costa, membre du Parti Occitan et du collectif R\u00e9gions et Peuples Solidaires. Le&hellip;\n","protected":false},"author":2,"featured_media":286859,"comment_status":"","ping_status":"","sticky":false,"template":"","format":"standard","meta":{"footnotes":""},"categories":[9619],"tags":[1111,11,1777,674,1011,27,12,882,25,2310],"class_list":{"0":"post-286858","1":"post","2":"type-post","3":"status-publish","4":"format-standard","5":"has-post-thumbnail","7":"category-toulon","8":"tag-actu","9":"tag-actualites","10":"tag-eu","11":"tag-europe","12":"tag-fr","13":"tag-france","14":"tag-news","15":"tag-provence-alpes-cote-dazur","16":"tag-republique-francaise","17":"tag-toulon"},"share_on_mastodon":{"url":"https:\/\/pubeurope.com\/@fr\/114948251679656073","error":""},"_links":{"self":[{"href":"https:\/\/www.europesays.com\/fr\/wp-json\/wp\/v2\/posts\/286858","targetHints":{"allow":["GET"]}}],"collection":[{"href":"https:\/\/www.europesays.com\/fr\/wp-json\/wp\/v2\/posts"}],"about":[{"href":"https:\/\/www.europesays.com\/fr\/wp-json\/wp\/v2\/types\/post"}],"author":[{"embeddable":true,"href":"https:\/\/www.europesays.com\/fr\/wp-json\/wp\/v2\/users\/2"}],"replies":[{"embeddable":true,"href":"https:\/\/www.europesays.com\/fr\/wp-json\/wp\/v2\/comments?post=286858"}],"version-history":[{"count":0,"href":"https:\/\/www.europesays.com\/fr\/wp-json\/wp\/v2\/posts\/286858\/revisions"}],"wp:featuredmedia":[{"embeddable":true,"href":"https:\/\/www.europesays.com\/fr\/wp-json\/wp\/v2\/media\/286859"}],"wp:attachment":[{"href":"https:\/\/www.europesays.com\/fr\/wp-json\/wp\/v2\/media?parent=286858"}],"wp:term":[{"taxonomy":"category","embeddable":true,"href":"https:\/\/www.europesays.com\/fr\/wp-json\/wp\/v2\/categories?post=286858"},{"taxonomy":"post_tag","embeddable":true,"href":"https:\/\/www.europesays.com\/fr\/wp-json\/wp\/v2\/tags?post=286858"}],"curies":[{"name":"wp","href":"https:\/\/api.w.org\/{rel}","templated":true}]}}