{"id":286864,"date":"2025-07-31T14:15:06","date_gmt":"2025-07-31T14:15:06","guid":{"rendered":"https:\/\/www.europesays.com\/fr\/286864\/"},"modified":"2025-07-31T14:15:06","modified_gmt":"2025-07-31T14:15:06","slug":"concert-concert-des-participants-de-la-masterclass-dorgue-a-rouen-abbatiale-saint-ouen-places-billets-reservations","status":"publish","type":"post","link":"https:\/\/www.europesays.com\/fr\/286864\/","title":{"rendered":"Concert Concert des participants de la masterclass d&rsquo;orgue \u00e0 Rouen, Abbatiale Saint-Ouen : places, billets, r\u00e9servations"},"content":{"rendered":"<p class=\"fw-bold font-size-16 my-1\"> Le 09\/08\/2025<\/p>\n<p class=\"fw-bold font-size-16 my-1\"> <a class=\"mr-2\" href=\"https:\/\/www.jds.fr\/rouen\/abbaye\/abbatiale-saint-ouen-19287_L\" rel=\"nofollow noopener\" target=\"_blank\">Abbatiale Saint-Ouen<\/a> | <a href=\"https:\/\/www.jds.fr\/rouen\/\" rel=\"nofollow noopener\" target=\"_blank\">Rouen<\/a><\/p>\n<p class=\"fw-bold font-size-16 my-1\"> Gratuit <\/p>\n<p>Depuis 2016, l\u2019abbatiale Saint-Ouen de Rouen accueille chaque \u00e9t\u00e9 une masterclass d\u2019orgue d\u2019envergure internationale, offrant \u00e0 de jeunes organistes une occasion rare de se former sur l\u2019un des instruments les plus prestigieux au monde.<\/p>\n<p><a data-lightbox=\"article\" data-title=\"Concert des participants de la masterclass d&#039;orgue \u00a9 Anne BUCH\" class=\"image detail fullwidth  position-relative d-block\" href=\"https:\/\/www.jds.fr\/medias\/image\/0-55010600-1753777433-684894-920-0-F.webp\" title=\"Concert des participants de la masterclass d&#039;orgue \u00a9 Anne BUCH\" rel=\"nofollow noopener\" target=\"_blank\"><br \/>\n<img decoding=\"async\" loading=\"lazy\" src=\"https:\/\/www.europesays.com\/fr\/wp-content\/uploads\/2025\/07\/0-55010600-1753777433-684894-1200-0.webp.webp\"   width=\"685\" alt=\"Concert des participants de la masterclass d'orgue\" class=\"border\"\/><br \/>\n\u00a9 Anne BUCH<br \/>\nConcert des participants de la masterclass d&rsquo;orgue<br \/>\n<\/a><\/p>\n<p>Cette ann\u00e9e, une dizaine d\u2019\u00e9tudiants et jeunes dipl\u00f4m\u00e9s venus de divers pays b\u00e9n\u00e9ficieront de cours d\u2019interpr\u00e9tation dispens\u00e9s par Jean-Baptiste Monnot, titulaire de l\u2019orgue de Saint-Ouen et professeur au Conservatoire de Rueil-Malmaison.<\/p>\n<p>L\u2019enseignement portera notamment sur la registration sp\u00e9cifique \u00e0 l\u2019orgue symphonique fran\u00e7ais, un art essentiel pour tirer le meilleur parti des ressources sonores de cet instrument exceptionnel.<\/p>\n<p>Le grand-orgue de Saint-Ouen, achev\u00e9 en 1890 par Aristide Cavaill\u00e9-Coll, est souvent consid\u00e9r\u00e9 comme son chef-d\u2019\u0153uvre. Il se distingue par sa richesse orchestrale, son homog\u00e9n\u00e9it\u00e9 remarquable et une transmission enti\u00e8rement m\u00e9canique. Le buffet Renaissance, dat\u00e9 de 1630, est class\u00e9 monument historique, tout comme la partie instrumentale. Chaque session de masterclass permet aux \u00e9tudiants de s\u2019immerger dans ce patrimoine vivant, entre tradition et excellence. La semaine se conclura par un concert public des \u00e9tudiants, reflet du travail accompli et vitrine de la nouvelle g\u00e9n\u00e9ration d\u2019organistes internationaux.<\/p>\n<p>Dans la m\u00eame rubrique<\/p>\n<ul class=\"mt-3 list-unstyled list-articles-v2\">\n<li class=\"col-12 pt-4\" data-view-id-type=\"1\" data-view-id=\"1035023\" data-view-bc=\"0\"><a class=\"image\" href=\"https:\/\/www.jds.fr\/rouen\/concerts\/musique-classique\/variations-autour-de-la-harpe-1035023_A\" rel=\"nofollow noopener\" target=\"_blank\"><img decoding=\"async\" loading=\"lazy\" src=\"https:\/\/www.europesays.com\/fr\/wp-content\/uploads\/2025\/06\/0-69060000-1749828224-645594-180-180.webp.webp\" width=\"180\" height=\"180\" alt=\"Variations autour de la harpe\" class=\"border\"\/><\/a><\/li>\n<li class=\"col-12 pt-4\" data-view-id-type=\"1\" data-view-id=\"1109778\" data-view-bc=\"0\"><a class=\"image\" href=\"https:\/\/www.jds.fr\/rouen\/concerts\/musique-classique\/recital-d-orgue-par-zuzana-ferjencikova-1109778_A\" rel=\"nofollow noopener\" target=\"_blank\"><img decoding=\"async\" loading=\"lazy\" src=\"https:\/\/www.europesays.com\/fr\/wp-content\/uploads\/2025\/07\/0-15722100-1753774319-684881-180-180.webp.webp\" width=\"180\" height=\"180\" alt=\"R\u00e9cital d'orgue par Zuzana FERJENCIKOVA\" class=\"border\"\/><\/a><\/li>\n<li class=\"li_gp_div\">\n<\/li>\n<li class=\"col-12 pt-4\" data-view-id-type=\"1\" data-view-id=\"1109780\" data-view-bc=\"0\"><a class=\"image\" href=\"https:\/\/www.jds.fr\/rouen\/concerts\/musique-classique\/recital-d-orgue-par-isabelle-demers-1109780_A\" rel=\"nofollow noopener\" target=\"_blank\"><img decoding=\"async\" loading=\"lazy\" src=\"https:\/\/www.europesays.com\/fr\/wp-content\/uploads\/2025\/07\/0-38977900-1753775985-684910-180-180.webp.webp\" width=\"180\" height=\"180\" alt=\"R\u00e9cital d'orgue par Isabelle DEMERS\" class=\"border\"\/><\/a><\/li>\n<li class=\"col-12 pt-4\" data-view-id-type=\"1\" data-view-id=\"1109786\" data-view-bc=\"0\"><a class=\"image\" href=\"https:\/\/www.jds.fr\/rouen\/concerts\/musique-classique\/guillou-consort-a-l-eglise-saint-maclou-1109786_A\" rel=\"nofollow noopener\" target=\"_blank\"><img decoding=\"async\" loading=\"lazy\" src=\"https:\/\/www.europesays.com\/fr\/wp-content\/uploads\/2025\/07\/0-17895400-1753777801-684906-180-180.webp.webp\" width=\"180\" height=\"180\" alt=\"Guillou Consort \u00e0 l'\u00e9glise Saint-Maclou\" class=\"border\"\/><\/a><\/li>\n<li class=\"col-12 pt-4\" data-view-id-type=\"1\" data-view-id=\"1109782\" data-view-bc=\"0\"><a class=\"image\" href=\"https:\/\/www.jds.fr\/rouen\/concerts\/musique-classique\/le-ch-ur-guillou-consort-a-l-abbatiale-saint-ouen-1109782_A\" rel=\"nofollow noopener\" target=\"_blank\"><img decoding=\"async\" loading=\"lazy\" src=\"https:\/\/www.europesays.com\/fr\/wp-content\/uploads\/2025\/07\/0-21507500-1753776181-684883-180-180.webp.webp\" width=\"180\" height=\"180\" alt=\"Le Ch\u0153ur Guillou Consort \u00e0 l'abbatiale Saint-Ouen\" class=\"border\"\/><\/a><\/li>\n<li class=\"li_gp_div li_gp_div_infeed\"\/>\n<li class=\"col-12 pt-4\" data-view-id-type=\"1\" data-view-id=\"977009\" data-view-bc=\"0\"><a href=\"https:\/\/www.jds.fr\/rouen\/agenda\/musique-classique-89_B\" class=\"lh-sm\" rel=\"nofollow noopener\" target=\"_blank\">Musique classique \u00e0 Rouen<\/a><a class=\"d-block titre text-black mb-1 mb-md-2\" href=\"https:\/\/www.jds.fr\/rouen\/concerts\/musique-classique\/jean-sebastien-bach-cantates-de-weimar-977009_A\" rel=\"nofollow noopener\" target=\"_blank\">Jean-S\u00e9bastien Bach, Cantates de Weimar<\/a>Le 21\/08\/2025<a href=\"https:\/\/www.jds.fr\/rouen\/patrimoine-religieux\/chapelle-corneille-19288_L\" class=\"lieu font-size-14 text-gray-700 d-block lh-sm my-1\" rel=\"nofollow noopener\" target=\"_blank\"> Chapelle Corneille &#8211; Rouen<\/a>Jean-S\u00e9bastien Bach, Cantates de Weimar en concert \u00e0 Rouen (Chapelle Corneille ), le 21 ao\u00fbt 2025. Toutes les informations pratiques (tarifs, billetterie, plan de salle) pour ce [\u2026]<a class=\"image\" href=\"https:\/\/www.jds.fr\/rouen\/concerts\/musique-classique\/jean-sebastien-bach-cantates-de-weimar-977009_A\" rel=\"nofollow noopener\" target=\"_blank\"><img decoding=\"async\" loading=\"lazy\" src=\"https:\/\/www.europesays.com\/fr\/wp-content\/uploads\/2025\/07\/1753971300_113_\" width=\"180\" height=\"180\" alt=\"Jean-S\u00e9bastien Bach, Cantates de Weimar\"\/><\/a><\/li>\n<li class=\"col-12 pt-4\" data-view-id-type=\"1\" data-view-id=\"977077\" data-view-bc=\"0\"><a href=\"https:\/\/www.jds.fr\/rouen\/agenda\/musique-classique-89_B\" class=\"lh-sm\" rel=\"nofollow noopener\" target=\"_blank\">Musique classique \u00e0 Rouen<\/a><a class=\"d-block titre text-black mb-1 mb-md-2\" href=\"https:\/\/www.jds.fr\/rouen\/concerts\/musique-classique\/miroirs-du-temps-the-gesualdo-six-977077_A\" rel=\"nofollow noopener\" target=\"_blank\">Miroirs du Temps, The Gesualdo Six<\/a>Le 22\/08\/2025<a href=\"https:\/\/www.jds.fr\/rouen\/patrimoine-religieux\/chapelle-corneille-19288_L\" class=\"lieu font-size-14 text-gray-700 d-block lh-sm my-1\" rel=\"nofollow noopener\" target=\"_blank\"> Chapelle Corneille &#8211; Rouen<\/a>Miroirs du Temps, The Gesualdo Six en concert \u00e0 Rouen (Chapelle Corneille ), le 22 ao\u00fbt 2025. Toutes les informations pratiques (tarifs, billetterie, plan de salle) pour ce [\u2026]<a class=\"image\" href=\"https:\/\/www.jds.fr\/rouen\/concerts\/musique-classique\/miroirs-du-temps-the-gesualdo-six-977077_A\" rel=\"nofollow noopener\" target=\"_blank\"><img decoding=\"async\" loading=\"lazy\" src=\"https:\/\/www.europesays.com\/fr\/wp-content\/uploads\/2025\/07\/1753971300_613_\" width=\"180\" height=\"180\" alt=\"Miroirs du Temps, The Gesualdo Six\"\/><\/a><\/li>\n<li class=\"col-12 pt-4\" data-view-id-type=\"1\" data-view-id=\"1109787\" data-view-bc=\"0\"><a class=\"image\" href=\"https:\/\/www.jds.fr\/rouen\/concerts\/musique-classique\/inauguration-de-l-orgue-de-choeur-restaure-1109787_A\" rel=\"nofollow noopener\" target=\"_blank\"><img decoding=\"async\" loading=\"lazy\" src=\"https:\/\/www.europesays.com\/fr\/wp-content\/uploads\/2025\/07\/0-55400700-1753778086-684905-180-180.webp.webp\" width=\"180\" height=\"180\" alt=\"Inauguration de l'orgue de choeur restaur\u00e9\" class=\"border\"\/><\/a><\/li>\n<li class=\"col-12 pt-4\" data-view-id-type=\"1\" data-view-id=\"977079\" data-view-bc=\"0\"><a href=\"https:\/\/www.jds.fr\/rouen\/agenda\/musique-classique-89_B\" class=\"lh-sm\" rel=\"nofollow noopener\" target=\"_blank\">Musique classique \u00e0 Rouen<\/a><a class=\"d-block titre text-black mb-1 mb-md-2\" href=\"https:\/\/www.jds.fr\/rouen\/concerts\/musique-classique\/talents-adami-2025-977079_A\" rel=\"nofollow noopener\" target=\"_blank\">Talents Adami 2025<\/a>Le 23\/08\/2025<a href=\"https:\/\/www.jds.fr\/rouen\/patrimoine-religieux\/chapelle-corneille-19288_L\" class=\"lieu font-size-14 text-gray-700 d-block lh-sm my-1\" rel=\"nofollow noopener\" target=\"_blank\"> Chapelle Corneille &#8211; Rouen<\/a>Talents Adami 2025 en concert \u00e0 Rouen (Chapelle Corneille ), le 23 ao\u00fbt 2025. Toutes les informations pratiques (tarifs, billetterie, plan de salle) pour ce concert sont \u00e0 [\u2026]<a class=\"image\" href=\"https:\/\/www.jds.fr\/rouen\/concerts\/musique-classique\/talents-adami-2025-977079_A\" rel=\"nofollow noopener\" target=\"_blank\"><img decoding=\"async\" loading=\"lazy\" src=\"https:\/\/www.europesays.com\/fr\/wp-content\/uploads\/2025\/06\/musique-classique-16582-180-180.webp.webp\" width=\"180\" height=\"180\" alt=\"Talents Adami 2025\" class=\"border\"\/><\/a><\/li>\n<li class=\"li_gp_div li_gp_div_infeed\"\/>\n<li class=\"col-12 pt-4\" data-view-id-type=\"1\" data-view-id=\"1109791\" data-view-bc=\"0\"><a class=\"image\" href=\"https:\/\/www.jds.fr\/rouen\/concerts\/musique-classique\/recital-d-orgue-par-francois-menissier-1109791_A\" rel=\"nofollow noopener\" target=\"_blank\"><img decoding=\"async\" loading=\"lazy\" src=\"https:\/\/www.europesays.com\/fr\/wp-content\/uploads\/2025\/07\/0-00282700-1753778373-684899-180-180.webp.webp\" width=\"180\" height=\"180\" alt=\"R\u00e9cital d'orgue par Fran\u00e7ois M\u00e9nissier\" class=\"border\"\/><\/a><\/li>\n<li class=\"col-12 pt-4\" data-view-id-type=\"1\" data-view-id=\"993871\" data-view-bc=\"0\"><a href=\"https:\/\/www.jds.fr\/rouen\/agenda\/musique-classique-89_B\" class=\"lh-sm\" rel=\"nofollow noopener\" target=\"_blank\">Musique classique \u00e0 Rouen<\/a><a class=\"d-block titre text-black mb-1 mb-md-2\" href=\"https:\/\/www.jds.fr\/rouen\/concerts\/musique-classique\/rigodons-ensemble-tous-dehors-993871_A\" rel=\"nofollow noopener\" target=\"_blank\">Rigodons\u00a0! Ensemble Tous Dehors<\/a>Le 24\/08\/2025<a href=\"https:\/\/www.jds.fr\/rouen\/patrimoine-historique\/l-historial-jeanne-d-arc-22865_L\" class=\"lieu font-size-14 text-gray-700 d-block lh-sm my-1\" rel=\"nofollow noopener\" target=\"_blank\"> L&rsquo;Historial Jeanne d&rsquo;Arc &#8211; Rouen<\/a>Rigodons\u00a0! Ensemble Tous Dehors en concert \u00e0 Rouen (L&rsquo;Historial Jeanne d&rsquo;Arc ), le 24 ao\u00fbt 2025. Toutes les informations pratiques (tarifs, billetterie, plan de salle) pour [\u2026]<a class=\"image\" href=\"https:\/\/www.jds.fr\/rouen\/concerts\/musique-classique\/rigodons-ensemble-tous-dehors-993871_A\" rel=\"nofollow noopener\" target=\"_blank\"><img decoding=\"async\" loading=\"lazy\" src=\"https:\/\/www.europesays.com\/fr\/wp-content\/uploads\/2025\/07\/1753971302_279_\" width=\"180\" height=\"180\" alt=\"Rigodons ! Ensemble Tous Dehors\"\/><\/a><\/li>\n<li class=\"col-12 pt-4\" data-view-id-type=\"1\" data-view-id=\"1109783\" data-view-bc=\"0\"><a class=\"image\" href=\"https:\/\/www.jds.fr\/rouen\/concerts\/musique-classique\/recital-d-orgue-par-ben-van-oosten-1109783_A\" rel=\"nofollow noopener\" target=\"_blank\"><img decoding=\"async\" loading=\"lazy\" src=\"https:\/\/www.europesays.com\/fr\/wp-content\/uploads\/2025\/07\/0-51196800-1753776439-684886-180-180.webp.webp\" width=\"180\" height=\"180\" alt=\"R\u00e9cital d'orgue par Ben van Oosten\" class=\"border\"\/><\/a><\/li>\n<li class=\"col-12 pt-4\" data-view-id-type=\"1\" data-view-id=\"977082\" data-view-bc=\"0\"><a href=\"https:\/\/www.jds.fr\/rouen\/agenda\/musique-classique-89_B\" class=\"lh-sm\" rel=\"nofollow noopener\" target=\"_blank\">Musique classique \u00e0 Rouen<\/a><a class=\"d-block titre text-black mb-1 mb-md-2\" href=\"https:\/\/www.jds.fr\/rouen\/concerts\/musique-classique\/orchestre-de-l-opera-normandie-rouen-mozart-schubert-977082_A\" rel=\"nofollow noopener\" target=\"_blank\">Orchestre de l&rsquo;Op\u00e9ra Normandie Rouen, Mozart \/ Schubert<\/a>Le 31\/08\/2025<a href=\"https:\/\/www.jds.fr\/rouen\/patrimoine-religieux\/chapelle-corneille-19288_L\" class=\"lieu font-size-14 text-gray-700 d-block lh-sm my-1\" rel=\"nofollow noopener\" target=\"_blank\"> Chapelle Corneille &#8211; Rouen<\/a>Orchestre de l&rsquo;Op\u00e9ra Normandie Rouen, Mozart \/ Schubert en concert \u00e0 Rouen (Chapelle Corneille ), le 31 ao\u00fbt 2025. Toutes les informations pratiques (tarifs, billetterie, plan [\u2026]<a class=\"image\" href=\"https:\/\/www.jds.fr\/rouen\/concerts\/musique-classique\/orchestre-de-l-opera-normandie-rouen-mozart-schubert-977082_A\" rel=\"nofollow noopener\" target=\"_blank\"><img decoding=\"async\" loading=\"lazy\" src=\"https:\/\/www.europesays.com\/fr\/wp-content\/uploads\/2025\/07\/1753971303_512_\" width=\"180\" height=\"180\" alt=\"Orchestre de l'Op\u00e9ra Normandie Rouen, Mozart \/ Schubert\"\/><\/a><\/li>\n<li class=\"li_gp_div li_gp_div_infeed\"\/>\n<li class=\"col-12 pt-4\" data-view-id-type=\"1\" data-view-id=\"1067154\" data-view-bc=\"0\"><a class=\"image\" href=\"https:\/\/www.jds.fr\/rouen\/concerts\/musique-classique\/shani-diluka-1067154_A\" rel=\"nofollow noopener\" target=\"_blank\"><img decoding=\"async\" loading=\"lazy\" src=\"https:\/\/www.europesays.com\/fr\/wp-content\/uploads\/2025\/07\/0-01183700-1751357251-663291-180-180.webp.webp\" width=\"180\" height=\"180\" alt=\"Shani Diluka\" class=\"border\"\/><\/a><\/li>\n<li class=\"col-12 pt-4\" data-view-id-type=\"1\" data-view-id=\"1067161\" data-view-bc=\"0\"><a class=\"image\" href=\"https:\/\/www.jds.fr\/rouen\/concerts\/musique-classique\/dans-les-pas-de-mozart-1067161_A\" rel=\"nofollow noopener\" target=\"_blank\"><img decoding=\"async\" loading=\"lazy\" src=\"https:\/\/www.europesays.com\/fr\/wp-content\/uploads\/2025\/07\/0-65579000-1751358411-663307-180-180.webp.webp\" width=\"180\" height=\"180\" alt=\"Dans les pas  de Mozart\" class=\"border\"\/><\/a><\/li>\n<li class=\"col-12 pt-4\" data-view-id-type=\"1\" data-view-id=\"1067165\" data-view-bc=\"0\"><a class=\"image\" href=\"https:\/\/www.jds.fr\/rouen\/concerts\/musique-classique\/amore-siciliano-1067165_A\" rel=\"nofollow noopener\" target=\"_blank\"><img decoding=\"async\" loading=\"lazy\" src=\"https:\/\/www.europesays.com\/fr\/wp-content\/uploads\/2025\/07\/0-29914700-1751358676-663312-180-180.webp.webp\" width=\"180\" height=\"180\" alt=\"Amore Siciliano\" class=\"border\"\/><\/a><\/li>\n<li class=\"col-12 pt-4\" data-view-id-type=\"1\" data-view-id=\"1067169\" data-view-bc=\"0\"><a class=\"image\" href=\"https:\/\/www.jds.fr\/rouen\/concerts\/musique-classique\/beethoven-schumann-1067169_A\" rel=\"nofollow noopener\" target=\"_blank\"><img decoding=\"async\" loading=\"lazy\" src=\"https:\/\/www.europesays.com\/fr\/wp-content\/uploads\/2025\/07\/0-15746600-1751359318-663328-180-180.webp.webp\" width=\"180\" height=\"180\" alt=\"Beethoven,  Schumann\" class=\"border\"\/><\/a><\/li>\n<li class=\"li_gp_div li_gp_div_infeed\"\/>\n<li class=\"col-12 pt-4\" data-view-id-type=\"1\" data-view-id=\"1067186\" data-view-bc=\"0\"><a class=\"image\" href=\"https:\/\/www.jds.fr\/rouen\/concerts\/musique-classique\/bachar-mar-khalife-1067186_A\" rel=\"nofollow noopener\" target=\"_blank\"><img decoding=\"async\" loading=\"lazy\" src=\"https:\/\/www.europesays.com\/fr\/wp-content\/uploads\/2025\/07\/0-37938800-1751363196-663353-180-180.webp.webp\" width=\"180\" height=\"180\" alt=\"Bachar  Mar-Khalif\u00e9\" class=\"border\"\/><\/a><\/li>\n<\/ul>\n<p class=\"font-size-30 fw-bold lh-1 mt-0 mb-4\">Je trouve les meilleures sorties dans ma ville<\/p>\n<p class=\"mt-0 mb-3 h2\">Newsletter JDS Rouen<\/p>\n<p class=\"font-size-18 fw-normal lh-sm\">Pr\u00eat pour un week-end de folie\u00a0? Chaque jeudi tous les bons plans sorties<\/p>\n","protected":false},"excerpt":{"rendered":"Le 09\/08\/2025 Abbatiale Saint-Ouen | Rouen Gratuit Depuis 2016, l\u2019abbatiale Saint-Ouen de Rouen accueille chaque \u00e9t\u00e9 une masterclass&hellip;\n","protected":false},"author":2,"featured_media":286865,"comment_status":"","ping_status":"","sticky":false,"template":"","format":"standard","meta":{"footnotes":""},"categories":[9587],"tags":[1111,11,1777,674,1011,27,12,5161,25,9590],"class_list":{"0":"post-286864","1":"post","2":"type-post","3":"status-publish","4":"format-standard","5":"has-post-thumbnail","7":"category-rouen","8":"tag-actu","9":"tag-actualites","10":"tag-eu","11":"tag-europe","12":"tag-fr","13":"tag-france","14":"tag-news","15":"tag-normandie","16":"tag-republique-francaise","17":"tag-rouen"},"share_on_mastodon":{"url":"https:\/\/pubeurope.com\/@fr\/114948271705356548","error":""},"_links":{"self":[{"href":"https:\/\/www.europesays.com\/fr\/wp-json\/wp\/v2\/posts\/286864","targetHints":{"allow":["GET"]}}],"collection":[{"href":"https:\/\/www.europesays.com\/fr\/wp-json\/wp\/v2\/posts"}],"about":[{"href":"https:\/\/www.europesays.com\/fr\/wp-json\/wp\/v2\/types\/post"}],"author":[{"embeddable":true,"href":"https:\/\/www.europesays.com\/fr\/wp-json\/wp\/v2\/users\/2"}],"replies":[{"embeddable":true,"href":"https:\/\/www.europesays.com\/fr\/wp-json\/wp\/v2\/comments?post=286864"}],"version-history":[{"count":0,"href":"https:\/\/www.europesays.com\/fr\/wp-json\/wp\/v2\/posts\/286864\/revisions"}],"wp:featuredmedia":[{"embeddable":true,"href":"https:\/\/www.europesays.com\/fr\/wp-json\/wp\/v2\/media\/286865"}],"wp:attachment":[{"href":"https:\/\/www.europesays.com\/fr\/wp-json\/wp\/v2\/media?parent=286864"}],"wp:term":[{"taxonomy":"category","embeddable":true,"href":"https:\/\/www.europesays.com\/fr\/wp-json\/wp\/v2\/categories?post=286864"},{"taxonomy":"post_tag","embeddable":true,"href":"https:\/\/www.europesays.com\/fr\/wp-json\/wp\/v2\/tags?post=286864"}],"curies":[{"name":"wp","href":"https:\/\/api.w.org\/{rel}","templated":true}]}}