{"id":28687,"date":"2025-04-16T07:08:31","date_gmt":"2025-04-16T07:08:31","guid":{"rendered":"https:\/\/www.europesays.com\/fr\/28687\/"},"modified":"2025-04-16T07:08:31","modified_gmt":"2025-04-16T07:08:31","slug":"ils-tentent-darreter-des-cambrioleurs-au-nord-de-rennes-trois-riverains-agresses-par-un-groupe-de-jeunes","status":"publish","type":"post","link":"https:\/\/www.europesays.com\/fr\/28687\/","title":{"rendered":"Ils tentent d\u2019arr\u00eater des cambrioleurs au nord de Rennes\u00a0: trois riverains agress\u00e9s par un groupe de jeunes"},"content":{"rendered":"<p>Un dimanche paisible qui se termine par une sc\u00e8ne de violence. Trois habitants du quartier de la Bellangerais ont \u00e9t\u00e9 violemment agress\u00e9s, ce 13 avril, en fin de journ\u00e9e, par un groupe de jeunes. Les faits se d\u00e9roulent en fin d\u2019apr\u00e8s-midi. \u00c0 l\u2019origine : une tentative d\u2019intrusion dans un garage priv\u00e9 de la rue Fran\u00e7ois-D\u00e9sir\u00e9 Roullin, o\u00f9 se m\u00ealent maisons pavillonnaires et petits immeubles collectifs, comme le rapporte le site <a href=\"https:\/\/actu.fr\/bretagne\/rennes_35238\/dans-ce-quartier-de-rennes-des-voisins-evitent-un-cambriolage-ils-se-font-tabasser_62507319.html\" target=\"_blank\" rel=\"nofollow noopener\">actu.fr<\/a>.<\/p>\n<p>Peu apr\u00e8s 17 h, un riverain, alert\u00e9 par le bruit, surprend quatre jeunes en train de forcer la porte du garage et leur demande d\u2019arr\u00eater. Il est ensuite rejoint par deux voisins. Ensemble, ils parviennent \u00e0 retenir quelques instants l\u2019un des auteurs pendant que les autres d\u00e9guerpissent. Avant de revenir, cette fois \u00e0 quinze, et de passer \u00e0 tabac les trois habitants pendant de longues minutes.<\/p>\n<p>Une premi\u00e8re tentative de cambriolage<\/p>\n<p>Peu de temps avant, le groupe aurait d\u00e9j\u00e0 tent\u00e9 de s\u2019introduire dans des maisons du quartier Kerfleury, situ\u00e9 \u00e0 seulement quelques centaines de m\u00e8tres. Mais les jeunes ont \u00e9t\u00e9 mis en fuite par un habitant qui a contact\u00e9 la police. Les forces de l\u2019ordre ont ensuite \u00e9t\u00e9 appel\u00e9es une seconde fois pour intervenir rue Fran\u00e7ois-D\u00e9sir\u00e9 Roullin, o\u00f9 les trois riverains ont \u00e9t\u00e9 agress\u00e9s.<\/p>\n<p>Les agents sont parvenus \u00e0 interpeller trois des auteurs, dont l\u2019\u00e2ge n\u2019a pas encore \u00e9t\u00e9 communiqu\u00e9.<\/p>\n","protected":false},"excerpt":{"rendered":"Un dimanche paisible qui se termine par une sc\u00e8ne de violence. Trois habitants du quartier de la Bellangerais&hellip;\n","protected":false},"author":2,"featured_media":28688,"comment_status":"","ping_status":"","sticky":false,"template":"","format":"standard","meta":{"footnotes":""},"categories":[2821],"tags":[1111,11,829,1777,674,3383,1011,27,848,12,584,25],"class_list":{"0":"post-28687","1":"post","2":"type-post","3":"status-publish","4":"format-standard","5":"has-post-thumbnail","7":"category-rennes","8":"tag-actu","9":"tag-actualites","10":"tag-bretagne","11":"tag-eu","12":"tag-europe","13":"tag-faits-divers-a-rennes","14":"tag-fr","15":"tag-france","16":"tag-ille-et-vilaine","17":"tag-news","18":"tag-rennes","19":"tag-republique-francaise"},"share_on_mastodon":{"url":"https:\/\/pubeurope.com\/@fr\/114346387264173811","error":""},"_links":{"self":[{"href":"https:\/\/www.europesays.com\/fr\/wp-json\/wp\/v2\/posts\/28687","targetHints":{"allow":["GET"]}}],"collection":[{"href":"https:\/\/www.europesays.com\/fr\/wp-json\/wp\/v2\/posts"}],"about":[{"href":"https:\/\/www.europesays.com\/fr\/wp-json\/wp\/v2\/types\/post"}],"author":[{"embeddable":true,"href":"https:\/\/www.europesays.com\/fr\/wp-json\/wp\/v2\/users\/2"}],"replies":[{"embeddable":true,"href":"https:\/\/www.europesays.com\/fr\/wp-json\/wp\/v2\/comments?post=28687"}],"version-history":[{"count":0,"href":"https:\/\/www.europesays.com\/fr\/wp-json\/wp\/v2\/posts\/28687\/revisions"}],"wp:featuredmedia":[{"embeddable":true,"href":"https:\/\/www.europesays.com\/fr\/wp-json\/wp\/v2\/media\/28688"}],"wp:attachment":[{"href":"https:\/\/www.europesays.com\/fr\/wp-json\/wp\/v2\/media?parent=28687"}],"wp:term":[{"taxonomy":"category","embeddable":true,"href":"https:\/\/www.europesays.com\/fr\/wp-json\/wp\/v2\/categories?post=28687"},{"taxonomy":"post_tag","embeddable":true,"href":"https:\/\/www.europesays.com\/fr\/wp-json\/wp\/v2\/tags?post=28687"}],"curies":[{"name":"wp","href":"https:\/\/api.w.org\/{rel}","templated":true}]}}