{"id":286880,"date":"2025-07-31T14:25:24","date_gmt":"2025-07-31T14:25:24","guid":{"rendered":"https:\/\/www.europesays.com\/fr\/286880\/"},"modified":"2025-07-31T14:25:24","modified_gmt":"2025-07-31T14:25:24","slug":"le-tupelo-a-lautomne-fait-le-beau-a-nantes","status":"publish","type":"post","link":"https:\/\/www.europesays.com\/fr\/286880\/","title":{"rendered":"Le tupelo, \u00e0 l\u2019automne, fait le beau \u00e0 Nantes"},"content":{"rendered":"<p>Cet \u00e9t\u00e9, des jardiniers du Service des espaces verts de Nantes nous font d\u00e9couvrir leurs arbres pr\u00e9f\u00e9r\u00e9s. Aujourd\u2019hui, le choix de <a href=\"https:\/\/nantes.maville.com\/actu\/actudet_-saint-sebastien-sur-loire.-une-formation-pour-entretenir-les-arbres-sur-les-iles-_8-5550172_actu.Htm\" target=\"_blank\" rel=\"noopener\">Karl Hervouet<\/a>, responsable de l\u2019\u00e9quipe des arboristes grimpeurs.<\/p>\n<p>\t<img decoding=\"async\" src=\"https:\/\/www.europesays.com\/fr\/wp-content\/uploads\/2025\/07\/P35383466D6919833G_px_640_.jpg\" alt=\"photo karl hervouet, responsable de l\u2019\u00e9quipe des arboristes grimpeurs de la ville de nantes.  \u00a9  ouest-france\" width=\"640\" title=\" Karl Hervouet, responsable de l\u2019\u00e9quipe des arboristes grimpeurs de la Ville de Nantes.   Ouest-France \"\/><\/p>\n<p class=\"elmt-legende\"> Karl Hervouet, responsable de l\u2019\u00e9quipe des arboristes grimpeurs de la Ville de Nantes.   Ouest-France <\/p>\n<p>C\u2019est quoi cet arbre\u00a0?<\/p>\n<p>Quand on entre dans le jardin des plantes par la rue Fr\u00e9d\u00e9ric-Caillaud, l\u2019un des personnages fantaisistes de l\u2019artiste Jean Jullien semble nous le d\u00e9signer, de l\u2019autre c\u00f4t\u00e9 d\u2019un bassin. De son nom savant Nyssa sylvatica, le tupelo est originaire d\u2019Am\u00e9rique du Nord. Majestueux sans \u00eatre d\u00e9mesur\u00e9ment grand, il n\u2019attire pas particuli\u00e8rement le regard, malgr\u00e9 son feuillage luisant sous le soleil. <strong>\u00ab\u00a0On commence \u00e0 en voir dans les parcs, mais c\u2019est encore rare\u00a0\u00bb,<\/strong> nous apprend Karl Hervouet. Un autre grandit dans le parc de Proc\u00e9, <strong>\u00ab\u00a0mais il n\u2019est pas aussi beau\u00a0\u00bb,<\/strong> juge le connaisseur.<\/p>\n<p>Pourquoi il l\u2019aime\u00a0?<\/p>\n<p>\u00c0 l\u2019\u00e9t\u00e9, il est plut\u00f4t discret. Il cache bien son jeu\u00a0: c\u2019est \u00e0 l\u2019automne qu\u2019il fait le show, avec un festival de couleurs \u00e9clatantes rouges orang\u00e9es. \u00ab<strong>\u00a0Un coup de flash, une beaut\u00e9 pure\u00a0\u00bb,<\/strong> se r\u00e9gale le jardinier. Aux c\u00f4t\u00e9s du tupelo, le ginkgo biloba pavoise dans des tons de jaune. Mais le spectacle est de courte dur\u00e9e. <strong>\u00ab\u00a0Deux \u00e0 trois semaines seulement\u00a0: \u00e7a part du centre de l\u2019arbre vers l\u2019ext\u00e9rieur. On ne voit que lui, c\u2019est un petit r\u00eave.\u00a0\u00bb<\/strong><\/p>\n<p>\u00a0<\/p>\n","protected":false},"excerpt":{"rendered":"Cet \u00e9t\u00e9, des jardiniers du Service des espaces verts de Nantes nous font d\u00e9couvrir leurs arbres pr\u00e9f\u00e9r\u00e9s. Aujourd\u2019hui,&hellip;\n","protected":false},"author":2,"featured_media":286881,"comment_status":"","ping_status":"","sticky":false,"template":"","format":"standard","meta":{"footnotes":""},"categories":[2818],"tags":[1111,11,13632,6005,1777,674,21,1011,27,766,12,2636,25,42569],"class_list":{"0":"post-286880","1":"post","2":"type-post","3":"status-publish","4":"format-standard","5":"has-post-thumbnail","7":"category-nantes","8":"tag-actu","9":"tag-actualites","10":"tag-automne","11":"tag-beau","12":"tag-eu","13":"tag-europe","14":"tag-fait","15":"tag-fr","16":"tag-france","17":"tag-nantes","18":"tag-news","19":"tag-pays-de-la-loire","20":"tag-republique-francaise","21":"tag-tupelo"},"share_on_mastodon":{"url":"https:\/\/pubeurope.com\/@fr\/114948310691283437","error":""},"_links":{"self":[{"href":"https:\/\/www.europesays.com\/fr\/wp-json\/wp\/v2\/posts\/286880","targetHints":{"allow":["GET"]}}],"collection":[{"href":"https:\/\/www.europesays.com\/fr\/wp-json\/wp\/v2\/posts"}],"about":[{"href":"https:\/\/www.europesays.com\/fr\/wp-json\/wp\/v2\/types\/post"}],"author":[{"embeddable":true,"href":"https:\/\/www.europesays.com\/fr\/wp-json\/wp\/v2\/users\/2"}],"replies":[{"embeddable":true,"href":"https:\/\/www.europesays.com\/fr\/wp-json\/wp\/v2\/comments?post=286880"}],"version-history":[{"count":0,"href":"https:\/\/www.europesays.com\/fr\/wp-json\/wp\/v2\/posts\/286880\/revisions"}],"wp:featuredmedia":[{"embeddable":true,"href":"https:\/\/www.europesays.com\/fr\/wp-json\/wp\/v2\/media\/286881"}],"wp:attachment":[{"href":"https:\/\/www.europesays.com\/fr\/wp-json\/wp\/v2\/media?parent=286880"}],"wp:term":[{"taxonomy":"category","embeddable":true,"href":"https:\/\/www.europesays.com\/fr\/wp-json\/wp\/v2\/categories?post=286880"},{"taxonomy":"post_tag","embeddable":true,"href":"https:\/\/www.europesays.com\/fr\/wp-json\/wp\/v2\/tags?post=286880"}],"curies":[{"name":"wp","href":"https:\/\/api.w.org\/{rel}","templated":true}]}}