{"id":286882,"date":"2025-07-31T14:26:09","date_gmt":"2025-07-31T14:26:09","guid":{"rendered":"https:\/\/www.europesays.com\/fr\/286882\/"},"modified":"2025-07-31T14:26:09","modified_gmt":"2025-07-31T14:26:09","slug":"lafont-castelletto-awaziem-le-point-sur-le-mercato-estival-du-fc-nantes","status":"publish","type":"post","link":"https:\/\/www.europesays.com\/fr\/286882\/","title":{"rendered":"Lafont, Castelletto, Awaziem&#8230; Le point sur le mercato estival du FC Nantes"},"content":{"rendered":"<p>            Par<br \/>\n        <strong><br \/>\n            <a href=\"https:\/\/actu.fr\/auteur\/clemence-pays02-actu-fr\" title=\"Consulter tous les articles de Cl\u00e9mence Pays\" rel=\"nofollow noopener\" target=\"_blank\">Cl\u00e9mence Pays<\/a><br \/>\n        <\/strong><\/p>\n<p>        Publi\u00e9 le<\/p>\n<p>            31 juil. 2025 \u00e0 16h22        <\/p>\n<p>Alors que la premi\u00e8re partie du <a href=\"https:\/\/actu.fr\/tag\/mercato\" rel=\"nofollow noopener\" target=\"_blank\">mercato<\/a> estival touche \u00e0 sa fin et que les clubs de Ligue\u00a01 reprennent les matchs d\u2019entra\u00eenement, le <a href=\"https:\/\/actu.fr\/tag\/fc-nantes\" rel=\"nofollow noopener\" target=\"_blank\">FC Nantes<\/a> a d\u00e9j\u00e0 annonc\u00e9 plusieurs <strong>d\u00e9parts et arriv\u00e9es<\/strong> au sein de ses \u00e9quipes professionnelles. La r\u00e9daction d\u2019actu Nantes fait <strong>le point.<\/strong><\/p>\n<p>Les arriv\u00e9es<\/p>\n<p class=\" wall-content\">Pour cette nouvelle saison, les joueurs seront coach\u00e9s par <strong>Luis Castro,<\/strong> nouvel entra\u00eeneur principal du groupe professionnel, arriv\u00e9 le 16\u00a0juin, apr\u00e8s que <a href=\"https:\/\/actu.fr\/pays-de-la-loire\/nantes_44109\/fc-nantes-antoine-kombouare-n-est-plus-l-entraineur-des-canaris_62661184.html\" rel=\"nofollow noopener\" target=\"_blank\">la direction du club a mis fin \u00e0 sa collaboration avec Antoine Kombouar\u00e9<\/a>, fin mai.<\/p>\n<p class=\" wall-content\">\u00c0 20\u00a0ans, <strong>Alexis Mirbach<\/strong> s\u2019engage pour <strong>trois saisons<\/strong> (juin\u00a02028) avec les Canaris. Form\u00e9 au FC Metz, il \u00e9volue au poste de gardien.<\/p>\n<p class=\" wall-content\"><strong>Uros Radakovic<\/strong> a sign\u00e9 un contrat pour <strong>deux ans,<\/strong> soit jusqu\u2019en juin\u00a02027, avec le FC Nantes. Originaire de Belgrade, le d\u00e9fenseur central serbe est arriv\u00e9 tout droit de Turquie o\u00f9 il portait les couleurs de Sivasspor.<\/p>\n<p class=\" wall-content\">D\u00e9j\u00e0 pr\u00eat\u00e9 par le VFL Wolfsburg au FC Nantes pendant la seconde moiti\u00e9 de la saison 2023-2024, puis lors de la saison 2024-2025, <a href=\"https:\/\/actu.fr\/pays-de-la-loire\/nantes_44109\/je-suis-tres-content-de-revenir-ici-nicolas-cozza-est-de-retour-au-fc-nantes_62882698.html\" rel=\"nofollow noopener\" target=\"_blank\">Nicolas Cozza est de retour en terres nantaises pour une saison en tant que d\u00e9fenseur<\/a>. <strong>Ce pr\u00eat est sans option d\u2019achat.<\/strong><\/p>\n<p class=\" wall-content\">Pr\u00eat\u00e9 par l\u2019<a href=\"https:\/\/actu.fr\/tag\/olympique-lyonnais-ol\" rel=\"nofollow noopener\" target=\"_blank\">Olympique Lyonnais<\/a> avec option d\u2019achat durant la saison pass\u00e9e, <strong>Johann Lepenant<\/strong> s\u2019engage d\u00e9finitivement au FC Nantes. Le milieu de terrain a sign\u00e9 pour <strong>quatre ans<\/strong> (2029).<\/p>\n<p class=\" wall-content\"><a href=\"https:\/\/actu.fr\/pays-de-la-loire\/nantes_44109\/fc-nantes-qui-est-youssef-el-arabi-la-nouvelle-recrue-des-canaris_62931690.html\" rel=\"nofollow noopener\" target=\"_blank\">Youssef El Arabi, n\u00e9 \u00e0 Caen et international marocain a sign\u00e9 un accord avec le FC Nantes<\/a>, le 18\u00a0juillet. L\u2019attaquant s\u2019engage pour <strong>un an,<\/strong> jusqu\u2019en juin\u00a02026.<\/p>\n<p class=\" wall-content\">Pass\u00e9 par Nantes en 2017, <strong>Chidozie Awaziem<\/strong> fait son retour dans la cit\u00e9 des ducs de Bretagne. Le Nig\u00e9rian et d\u00e9fenseur central, pass\u00e9 par le Portugal, la Turquie et l\u2019Espagne, signe pour <strong>trois ans<\/strong> (juin\u00a02028).<\/p>\n<p class=\" wall-content\">\n<p class=\" wall-content\">Arriv\u00e9 au FC Nantes \u00e0 15\u00a0ans, <strong>Dehmaine Tabibou<\/strong> a presque toujours \u00e9volu\u00e9 avec les Jaune et Vert. Apr\u00e8s 12 matchs en Ligue\u00a01 durant la saison 2024-2025, le milieu de terrain prolonge l\u2019aventure avec les Nantais<strong> jusqu\u2019en 2030.<\/strong><\/p>\n<p class=\" wall-content\">Apr\u00e8s un accord pass\u00e9 avec le Celtic FC (\u00c9cosse), <strong>Hyeokkyu Kwon<\/strong> arrive \u00e0 Nantes pour <strong>trois\u00a0ans<\/strong> (juin\u00a02028). Le Sud-Cor\u00e9en et milieu d\u00e9fensif est pass\u00e9 par le Busan IPark et le Gimcheon Sangmu avant de d\u00e9barquer en Europe, au Celtic FC qui le pr\u00eate au St Mirren FC puis \u00e0 Hibernian FC.<\/p>\n<p class=\" wall-content\">\n<p class=\" wall-content\">Derni\u00e8re recrue annonc\u00e9e mercredi 30\u00a0juillet\u2009: <strong>Hyunseok Hong.<\/strong> Form\u00e9 \u00e0 S\u00e9oul, il a \u00e9galement \u00e9volu\u00e9 en Allemagne, en Autriche et en Belgique. C\u2019est avec le dernier club du milieu offensif, le FSV Mayence, que le FC Nantes a trouv\u00e9 un accord de <strong>pr\u00eat avec option d\u2019achat.<\/strong><\/p>\n<p>Premier contrat pro pour Bahmed Deuff<\/p>\n<p>Issu de la g\u00e9n\u00e9ration 2006 et arriv\u00e9 au centre de formation de Nantes \u00e0 8 ans, Bahmed Deuff a sign\u00e9 son premier contrat professionnel avec les Jaune et Vert. Le contrat pro du milieu de terrain prendra effet en juillet 2026 et s&rsquo;\u00e9tendra jusqu&rsquo;en juin 2029.<\/p>\n<p class=\" wall-content\">Premi\u00e8re recrue estivale du FC Nantes, l\u2019attaquante et internationale marocaine<strong> Imane Saoud<\/strong> arrive du Servette FC Ch\u00eanois f\u00e9minin.<\/p>\n<p class=\" wall-content\"><strong>Mariam Toloba,<\/strong> attaquante internationale belge en provenance du Standard de Li\u00e8ge, s\u2019est engag\u00e9e avec les Jaune et Verte jusqu\u2019au <strong>30\u00a0juin 2026.<\/strong><\/p>\n<p class=\" wall-content\">Form\u00e9e au FC Metz, pass\u00e9e par Dijon, le <a href=\"https:\/\/actu.fr\/tag\/paris-saint-germain-psg\" rel=\"nofollow noopener\" target=\"_blank\">Paris Saint-Germain<\/a> et le Montpellier HSC, <strong>L\u00e9a Khelifi<\/strong> a rejoint le FC Nantes, le 16\u00a0juin. La milieu de terrain s\u2019est engag\u00e9e avec les Nantaises pour <strong>une saison,<\/strong> soit jusqu\u2019au 30\u00a0juin 2026, ainsi qu\u2019une ann\u00e9e suppl\u00e9mentaire en option.<\/p>\n<p class=\" wall-content\">La milieu de terrain su\u00e9doise, <strong>Ema Paljevic,<\/strong> rejoint le FC Nantes avec qui elle s\u2019est engag\u00e9e jusqu\u2019au <strong>30\u00a0juin 2026.<\/strong> Apr\u00e8s avoir \u00e9volu\u00e9e au sein du Jitex BK et de l\u2019AIK au sein du championnat de su\u00e8de f\u00e9minin (Damallsvenskan), puis au Sparta Prague, la joueuse va d\u00e9couvrir un nouveau championnat.<\/p>\n<p class=\" wall-content\">\n<p class=\" wall-content\">\u00c0 20\u00a0ans, <strong>Lucie Calba,<\/strong> internationale fran\u00e7aise, s\u2019engage avec le FC Nantes pour <strong>une saison<\/strong> \u00ab\u2009assortie d\u2019une ann\u00e9e suppl\u00e9mentaire en option\u2009\u00bb, pr\u00e9cise le club.<\/p>\n<p class=\" wall-content\">Venue de la Real Sociedad, la lat\u00e9rale gauche espagnole de 23\u00a0ans,<strong> Izarne Sarasola,<\/strong> va porter la tunique des Canaris pour <strong>une saison.<\/strong><\/p>\n<p class=\" wall-content\">\n<p>Les d\u00e9parts<\/p>\n<p class=\" wall-content\">Apr\u00e8s six saisons avec le club des rives de l\u2019Erdre, <a href=\"https:\/\/actu.fr\/pays-de-la-loire\/nantes_44109\/je-pars-avec-le-sentiment-du-devoir-accompli-moses-simon-quitte-le-fc-nantes_62821180.html\" rel=\"nofollow noopener\" target=\"_blank\">Moses Simon quitte le FC Nantes<\/a> au profit du Paris FC. Il aura marqu\u00e9 l\u2019histoire des Canaris en marquant \u00e0 37 reprises et en \u00e9tant l\u2019auteur de 42 passes d\u00e9cisives en <strong>201 matchs.<\/strong><\/p>\n<p class=\" wall-content\">Le 26\u00a0juin, <a href=\"https:\/\/actu.fr\/pays-de-la-loire\/nantes_44109\/merci-pour-tout-nicolas-pallois-annonce-son-depart-du-fc-nantes_62759165.html\" rel=\"nofollow noopener\" target=\"_blank\">le club nantais a annonc\u00e9 le d\u00e9part du chouchou de la Beaujoire, Nicolas Pallois<\/a>. Arriv\u00e9 en fin de contrat et apr\u00e8s avoir pass\u00e9 huit ans et<strong> 243 matchs<\/strong> au sein du FC Nantes, le natif d\u2019Elbeuf n\u2019a pas \u00e9t\u00e9 prolong\u00e9. L\u2019ex Nantais a rejoint le Stade de Reims.<\/p>\n<p class=\" wall-content\">\n<p class=\" wall-content\">Le capitaine des Canaris, <a href=\"https:\/\/actu.fr\/pays-de-la-loire\/nantes_44109\/merci-de-tout-mon-coeur-pedro-chirivella-part-du-fc-nantes-et-remercie-les-supporters_62839445.html\" rel=\"nofollow noopener\" target=\"_blank\">Pedro Chirivella a officialis\u00e9 son transfert vers le Panathina\u00efk\u00f3s<\/a>. C\u2019est donc apr\u00e8s cinq saisons et <strong>173 matchs<\/strong> \u00e0 porter la tunique nantaise que l\u2019Espagnol s\u2019est envol\u00e9 pour la Gr\u00e8ce.<\/p>\n<p class=\" wall-content\"><strong>Florent Mollet <\/strong>est arriv\u00e9 d\u00e9but 2023 chez les Jaune et Vert. En fin de contrat, le milieu offensif quitte le club apr\u00e8s avoir disput\u00e9 <strong>66 matchs.<\/strong><\/p>\n<p class=\" wall-content\">Apr\u00e8s un accord trouv\u00e9 avec l\u2019Aris Salonique,<strong> Tino Kadewere<\/strong> quitte le FC Nantes pour la Gr\u00e8ce. Form\u00e9 au Zimbabwe, l\u2019attaquant est arriv\u00e9 \u00e0 Nantes en janvier\u00a02024, pr\u00eat\u00e9 par l\u2019OL avant d\u2019\u00eatre automatiquement transf\u00e9r\u00e9 chez les Jaune et Vert en fin de saison gr\u00e2ce \u00e0 leur maintien en Ligue\u00a01.<\/p>\n<p class=\" wall-content\">\u00ab\u2009Moins sollicit\u00e9 la saison derni\u00e8re, <a href=\"https:\/\/actu.fr\/pays-de-la-loire\/nantes_44109\/alban-lafont-quitte-le-fc-nantes-et-rejoint-son-ancien-capitaine-en-grece_62927584.html\" rel=\"nofollow noopener\" target=\"_blank\">Alban Lafont choisit la Gr\u00e8ce et le Panathina\u00efkos pour se relancer<\/a>\u2009\u00bb, a annonc\u00e9 le FC Nantes. Form\u00e9 au <strong>Toulouse FC<\/strong>, le gardien natif de Ouagadougou a ensuite \u00e9volu\u00e9 \u00e0 l\u2019ACF Fiorentina avant de rejoindre les bords de l\u2019Erdre en avril\u00a02021. <strong>Le pr\u00eat d\u2019une dur\u00e9e d\u2019un an est sans option d\u2019achat.<\/strong><\/p>\n<p class=\" wall-content\">Transf\u00e9r\u00e9 au FC Nantes en ao\u00fbt\u00a02023, <strong>Douglas Augusto Gomes Soares,<\/strong> form\u00e9 au Br\u00e9sil, \u00e9lu plusieurs fois \u00ab\u2009Canari du mois\u2009\u00bb, quitte le club. Apr\u00e8s <strong>57 matchs<\/strong> et 4\u00a0buts en Jaune et Vert, le milieu d\u00e9fensif va d\u00e9couvrir un nouveau championnat avec le FK Krasnodar (Russie).<\/p>\n<p class=\" wall-content\">En fin de contrat avec le FC Nantes, <strong>Marcus Coco<\/strong> ne prolonge pas avec le club des bords de l\u2019Erdre. \u00ab\u2009Ailier, reconverti piston ou lat\u00e9ral, il disputera <strong>152 matchs<\/strong> avec les Jaune et Vert\u2009\u00bb, note le club nantais.<\/p>\n<p class=\" wall-content\">Apr\u00e8s cinq ann\u00e9es pass\u00e9es \u00e0 \u00e9voluer au sein du FC Nantes, <strong>Jean-Charles Castelletto<\/strong> s\u2019en va pour le Qatar et l\u2019Al-Duhail. L\u2019international camerounais a disput\u00e9 <strong>163 matchs<\/strong> avec Nantes et marqu\u00e9 5\u00a0buts.<\/p>\n<p class=\" wall-content\">Apr\u00e8s avoir \u00e9t\u00e9 pr\u00eat\u00e9 \u00e0 Hatayspor (Turquie) la saison derni\u00e8re, <strong>Lamine Diack<\/strong> est \u00e0 nouveau pr\u00eat\u00e9, au FC Sion (Suisse), cette fois-ci. Ce <strong>pr\u00eat pour la saison 2025-2026<\/strong> est assorti d\u2019une<strong> option d\u2019achat.<\/strong><\/p>\n<p class=\" wall-content\">Arriv\u00e9 \u00e0 l\u2019\u00e9t\u00e9 2024, <strong>Andrea Fernandez Recio<\/strong> ne poursuivra pas son aventure nantaise pour la saison 2025-2026.<\/p>\n<p class=\" wall-content\">En fin de contrat, <strong>Amira Ould Braham<\/strong> quitte les bords de l\u2019Erdre apr\u00e8s deux saisons pass\u00e9es \u00e0 porter les couleurs des Canaris.<\/p>\n<p class=\" wall-content\">Suivez toute l\u2019actualit\u00e9 de vos villes et m\u00e9dias favoris en vous inscrivant \u00e0 <a href=\"https:\/\/moncompte.actu.fr\" title=\"D\u00e9couvez Mon Actu\" rel=\"nofollow noopener\" data-trk=\"{&quot;cta&quot;:{&quot;action&quot;:&quot;https:\\\/\\\/moncompte.actu.fr&quot;,&quot;category&quot;:&quot;mon compte&quot;,&quot;from&quot;:&quot;article footer&quot;,&quot;name&quot;:&quot;Mon actu&quot;,&quot;type&quot;:&quot;cta&quot;}}\" target=\"_blank\">Mon Actu<\/a>.<\/p>\n","protected":false},"excerpt":{"rendered":"Par Cl\u00e9mence Pays Publi\u00e9 le 31 juil. 2025 \u00e0 16h22 Alors que la premi\u00e8re partie du mercato estival&hellip;\n","protected":false},"author":2,"featured_media":286883,"comment_status":"","ping_status":"","sticky":false,"template":"","format":"standard","meta":{"footnotes":""},"categories":[2818],"tags":[1111,11,1777,674,462,63,1011,27,1434,766,12,2636,25,60],"class_list":{"0":"post-286882","1":"post","2":"type-post","3":"status-publish","4":"format-standard","5":"has-post-thumbnail","7":"category-nantes","8":"tag-actu","9":"tag-actualites","10":"tag-eu","11":"tag-europe","12":"tag-fc-nantes","13":"tag-football","14":"tag-fr","15":"tag-france","16":"tag-mercato","17":"tag-nantes","18":"tag-news","19":"tag-pays-de-la-loire","20":"tag-republique-francaise","21":"tag-sports"},"share_on_mastodon":{"url":"https:\/\/pubeurope.com\/@fr\/114948314411061391","error":""},"_links":{"self":[{"href":"https:\/\/www.europesays.com\/fr\/wp-json\/wp\/v2\/posts\/286882","targetHints":{"allow":["GET"]}}],"collection":[{"href":"https:\/\/www.europesays.com\/fr\/wp-json\/wp\/v2\/posts"}],"about":[{"href":"https:\/\/www.europesays.com\/fr\/wp-json\/wp\/v2\/types\/post"}],"author":[{"embeddable":true,"href":"https:\/\/www.europesays.com\/fr\/wp-json\/wp\/v2\/users\/2"}],"replies":[{"embeddable":true,"href":"https:\/\/www.europesays.com\/fr\/wp-json\/wp\/v2\/comments?post=286882"}],"version-history":[{"count":0,"href":"https:\/\/www.europesays.com\/fr\/wp-json\/wp\/v2\/posts\/286882\/revisions"}],"wp:featuredmedia":[{"embeddable":true,"href":"https:\/\/www.europesays.com\/fr\/wp-json\/wp\/v2\/media\/286883"}],"wp:attachment":[{"href":"https:\/\/www.europesays.com\/fr\/wp-json\/wp\/v2\/media?parent=286882"}],"wp:term":[{"taxonomy":"category","embeddable":true,"href":"https:\/\/www.europesays.com\/fr\/wp-json\/wp\/v2\/categories?post=286882"},{"taxonomy":"post_tag","embeddable":true,"href":"https:\/\/www.europesays.com\/fr\/wp-json\/wp\/v2\/tags?post=286882"}],"curies":[{"name":"wp","href":"https:\/\/api.w.org\/{rel}","templated":true}]}}