{"id":286886,"date":"2025-07-31T14:29:13","date_gmt":"2025-07-31T14:29:13","guid":{"rendered":"https:\/\/www.europesays.com\/fr\/286886\/"},"modified":"2025-07-31T14:29:13","modified_gmt":"2025-07-31T14:29:13","slug":"attention-cette-station-du-metro-a-toulouse-ferme-plusieurs-semaines-cet-ete","status":"publish","type":"post","link":"https:\/\/www.europesays.com\/fr\/286886\/","title":{"rendered":"Attention, cette station du m\u00e9tro \u00e0 Toulouse ferme plusieurs semaines cet \u00e9t\u00e9"},"content":{"rendered":"<p><strong>La station Compans-Caffarelli va fermer aux voyageurs du lundi 4 au mardi 26 ao\u00fbt inclus. En cause : le remplacement des escaliers m\u00e9caniques sur la ligne B du m\u00e9tro \u00e0 Toulouse.<\/strong><\/p>\n<p><img fetchpriority=\"high\" decoding=\"async\" width=\"1200\" height=\"900\" src=\"https:\/\/www.europesays.com\/fr\/wp-content\/uploads\/2025\/07\/Metro-Compans-Caffarelli.jpg\" alt=\"station\"  \/><\/p>\n<p>La station va fermer durant un peu plus de trois semaines CC BY-SA 4.0 Kuremu Sakura via Wikimedia Commons<\/p>\n<p><a href=\"https:\/\/www.lejournaltoulousain.fr\/occitanie\/haute-garonne\/toulouse\/metro-toulouse-station-ferme-311713\/\" target=\"_blank\" rel=\"noopener\">Comme la station La Vache il y a quelques mois de \u00e7a<\/a>, celle de Compans-Caffarelli va fermer durant plusieurs semaines. Et ce, pour permettre le remplacement de ses escaliers m\u00e9caniques. Chantier qui d\u00e9butera avec l\u2019enl\u00e8vement de l\u2019ancien mat\u00e9riel. Ce qui n\u00e9cessitera <strong>la fermeture de la station du lundi 4 au mardi 26 ao\u00fbt inclus.<\/strong> <\/p>\n<p>Lors de celle-ci, <strong>le terminus de la ligne de bus 63 sera report\u00e9 \u00e0 la station Canal du Midi<\/strong>. En revanche, les itin\u00e9raires des L1, L14, ligne 45 et navette a\u00e9roport resteront inchang\u00e9s. Tiss\u00e9o conseille d\u2019utiliser le <a href=\"https:\/\/www.tisseo.fr\/calculateur\" target=\"_blank\" rel=\"noreferrer noopener\">calculateur d\u2019itin\u00e9raires<\/a> et la rubrique prochains passages sur son site internet et son application pour \u00ab pr\u00e9parer votre d\u00e9placement et trouver la solution la plus adapt\u00e9e \u00bb. \u00c0 savoir que le temps de marche estim\u00e9 est de 7 minutes pour rejoindre la station Canal du Midi et 13 minutes pour aller \u00e0 Jeanne d\u2019Arc depuis Compans-Caffarelli.<\/p>\n<p>Ces travaux \u00e0 la station Compans-Caffarelli vont durer jusqu\u2019en octobre<\/p>\n<p>La station n\u2019est pas la seule \u00e0 avoir ferm\u00e9 pour cette raison. \u00ab Ce remplacement s\u2019inscrit dans le cadre d\u2019un plan de r\u00e9novation des escaliers m\u00e9caniques qui a d\u00e9marr\u00e9 fin 2020 avec la station Ramonville. <strong>Jusqu\u2019en 2026, tous les escaliers m\u00e9caniques de la ligne B seront remplac\u00e9s<\/strong>. Nous avons fait le choix de l\u2019\u00e9talonner station par station afin de limiter la g\u00eane occasionn\u00e9e. Cette op\u00e9ration a pour but d\u2019am\u00e9liorer le confort et la s\u00e9curit\u00e9 de nos voyageurs \u00bb, d\u00e9clare Jean-Michel Lattes, le pr\u00e9sident de Tiss\u00e9o Collectivit\u00e9s et Tiss\u00e9o Ing\u00e9nierie, dans un communiqu\u00e9.<\/p>\n<p><strong>Une fois la station rouverte aux voyageurs le 26 ao\u00fbt, les travaux ne seront pas, pour autant, termin\u00e9s<\/strong>. En effet, il faudra encore que les nouveaux escaliers m\u00e9caniques soient install\u00e9s. Ce qui devrait durer cinq \u00e0 huit semaines. Le nouveau mat\u00e9riel sera ensuite test\u00e9 durant deux semaines. Ainsi, le chantier de renouvellement des escaliers m\u00e9caniques de la station Compans-Caffarelli devrait se poursuivre jusqu\u2019en octobre 2025. En attendant, les voyageurs ne pourront utiliser que les escaliers et ascenseurs. <\/p>\n","protected":false},"excerpt":{"rendered":"La station Compans-Caffarelli va fermer aux voyageurs du lundi 4 au mardi 26 ao\u00fbt inclus. En cause :&hellip;\n","protected":false},"author":2,"featured_media":286887,"comment_status":"","ping_status":"","sticky":false,"template":"","format":"standard","meta":{"footnotes":""},"categories":[2816],"tags":[1111,11,24500,42570,1777,674,1011,27,12,2680,25,2312],"class_list":{"0":"post-286886","1":"post","2":"type-post","3":"status-publish","4":"format-standard","5":"has-post-thumbnail","7":"category-toulouse","8":"tag-actu","9":"tag-actualites","10":"tag-attention","11":"tag-cette-station-du-mu00e9tro-u00e0-toulouse-ferme-plusieurs-semaines-cet-u00e9tu00e9","12":"tag-eu","13":"tag-europe","14":"tag-fr","15":"tag-france","16":"tag-news","17":"tag-occitanie","18":"tag-republique-francaise","19":"tag-toulouse"},"share_on_mastodon":{"url":"https:\/\/pubeurope.com\/@fr\/114948326340033264","error":""},"_links":{"self":[{"href":"https:\/\/www.europesays.com\/fr\/wp-json\/wp\/v2\/posts\/286886","targetHints":{"allow":["GET"]}}],"collection":[{"href":"https:\/\/www.europesays.com\/fr\/wp-json\/wp\/v2\/posts"}],"about":[{"href":"https:\/\/www.europesays.com\/fr\/wp-json\/wp\/v2\/types\/post"}],"author":[{"embeddable":true,"href":"https:\/\/www.europesays.com\/fr\/wp-json\/wp\/v2\/users\/2"}],"replies":[{"embeddable":true,"href":"https:\/\/www.europesays.com\/fr\/wp-json\/wp\/v2\/comments?post=286886"}],"version-history":[{"count":0,"href":"https:\/\/www.europesays.com\/fr\/wp-json\/wp\/v2\/posts\/286886\/revisions"}],"wp:featuredmedia":[{"embeddable":true,"href":"https:\/\/www.europesays.com\/fr\/wp-json\/wp\/v2\/media\/286887"}],"wp:attachment":[{"href":"https:\/\/www.europesays.com\/fr\/wp-json\/wp\/v2\/media?parent=286886"}],"wp:term":[{"taxonomy":"category","embeddable":true,"href":"https:\/\/www.europesays.com\/fr\/wp-json\/wp\/v2\/categories?post=286886"},{"taxonomy":"post_tag","embeddable":true,"href":"https:\/\/www.europesays.com\/fr\/wp-json\/wp\/v2\/tags?post=286886"}],"curies":[{"name":"wp","href":"https:\/\/api.w.org\/{rel}","templated":true}]}}