{"id":28689,"date":"2025-04-16T07:10:29","date_gmt":"2025-04-16T07:10:29","guid":{"rendered":"https:\/\/www.europesays.com\/fr\/28689\/"},"modified":"2025-04-16T07:10:29","modified_gmt":"2025-04-16T07:10:29","slug":"une-boulangerie-juive-attaquee-a-strasbourg-anatomie-dune-fake-news","status":"publish","type":"post","link":"https:\/\/www.europesays.com\/fr\/28689\/","title":{"rendered":"Une \u00ab\u00a0boulangerie juive attaqu\u00e9e \u00e0 Strasbourg\u00a0\u00bb, anatomie d&rsquo;une fake news"},"content":{"rendered":"<p class=\"wp-block-post-excerpt__excerpt\">En marge de la manifestation de soutien \u00e0 la Palestine du samedi 12 avril \u00e0 Strasbourg, des heurts ont \u00e9clat\u00e9 aux abords d\u2019une boulangerie. L\u2019extr\u00eame droite en a profit\u00e9 pour propager une fausse information accusant \u00ab\u00a0les islamistes\u00a0\u00bb de s\u2019en prendre \u00e0 \u00ab\u00a0un commerce juif\u00a0\u00bb, provoquant des r\u00e9actions indign\u00e9es jusqu\u2019au gouvernement. <\/p>\n<p class=\"font-sans\">\n\t\t\tCet article est en acc\u00e8s libre. Pour soutenir Rue89 Strasbourg,<br \/>\n\t\t\t<a class=\"underline\" href=\"https:\/\/www.rue89strasbourg.com\/abonnement\" target=\"_blank\" rel=\"noopener\">abonnez-vous<\/a>.\n\t\t<\/p>\n<p>Pierre France<\/p>\n<p>Publi\u00e9 le 14 avril 2025\u00a0\u00a0\u00b7\u00a0\u00a0<\/p>\n<p>Imprim\u00e9 le 16 avril 2025 \u00e0 08h24\u00a0\u00a0\u00b7\u00a0\u00a0<\/p>\n<p>Modifi\u00e9 le 15 avril 2025\u00a0\u00a0\u00b7\u00a0\u00a0<\/p>\n<p>\t\t\t\t\t4\u00a0minutes\n<\/p>\n<p>L\u2019\u00e9pisode est tristement m\u00e9canique et malgr\u00e9 toutes les alertes, les analyses et les mises en garde, il se reproduit encore et encore sur les r\u00e9seaux sociaux. Dimanche 13 avril, la ministre Aurore Berg\u00e9 (Renaissance) d\u00e9nonce sur son compte X qu\u2019une boulangerie de Strasbourg a \u00e9t\u00e9 \u00ab\u00a0prise d\u2019assaut car elle serait isra\u00e9lienne\u00a0\u00bb. Elle ajoute \u00e0 son post une vid\u00e9o o\u00f9 on voit une altercation rue des Grandes-Arcades\u00a0:<\/p>\n<p><a href=\"https:\/\/x.com\/auroreberge\/status\/1911532082393993680\"><img loading=\"lazy\" decoding=\"async\" width=\"577\" height=\"732\" src=\"https:\/\/www.europesays.com\/fr\/wp-content\/uploads\/2025\/04\/aurore-berge.jpg\" alt=\"\" class=\"wp-image-340186\"  \/><\/a>Capture d\u2019\u00e9cran du post de la ministre Aurore Berg\u00e9.<\/p>\n<p>La ministre rajoute d\u2019autres faits et relie cette altercation \u00e0 l\u2019antis\u00e9mitisme, en faisant un lien direct avec \u00ab\u00a0l\u2019antisionisme\u00a0\u00bb, puis appelle \u00ab\u00a0la soci\u00e9t\u00e9 \u00e0 r\u00e9agir\u00a0\u00bb. Probl\u00e8me\u00a0: tout est faux. Selon des t\u00e9moignages directs recueillis par Rue89 Strasbourg, la boulangerie n\u2019\u00e9tait pas cibl\u00e9e. Elle n\u2019a d\u2019ailleurs pas de lien avec la religion juive ni avec Isra\u00ebl, il s\u2019agit d\u2019une filiale de la boulangerie allemande Dreher, install\u00e9e \u00e0 Kehl depuis 1987.<\/p>\n<p>L\u2019origine de l\u2019altercation provient d\u2019insultes et de doigts d\u2019honneur envoy\u00e9s en direction du cort\u00e8ge palestinien par une personne de nationalit\u00e9 isra\u00e9lienne qui \u00e9tait attabl\u00e9e sur la terrasse avec son fils. Ces \u00e9l\u00e9ments proviennent de Nadia Zourgui, adjointe \u00e0 la maire en charge de la s\u00e9curit\u00e9, qui les tient elle-m\u00eame de la Police nationale. Cette personne isra\u00e9lienne a semble-t-il vivement r\u00e9agi aux cris de \u00ab\u00a0Isra\u00ebl barra barra\u00a0\u00bb (Isra\u00ebl dehors), des slogans habituellement scand\u00e9s lors de ces manifestations r\u00e9currentes dans les rues de Strasbourg depuis novembre 2023.<\/p>\n<p>\u00ab\u00a0J\u2019\u00e9tais sur la camion, j\u2019ai vu ce monsieur s\u2019agiter dans tous les sens\u00a0\u00bb, t\u00e9moigne Le\u00efla Sihabi, qui organise cette manifestation pour le collectif Strasbourg \u2013 Palestine. \u00ab\u00a0J\u2019ai vu ensuite une manifestante s\u2019en prendre \u00e0 lui. Notre service d\u2019ordre a tout de suite r\u00e9agi, puis les policiers sont arriv\u00e9s.\u00a0\u00bb<\/p>\n<p>Des t\u00e9moignages qui co\u00efncident avec une vid\u00e9o du moment, capt\u00e9e par <a href=\"https:\/\/linktr.ee\/ia1_info\" target=\"_blank\" rel=\"noreferrer noopener\">IA1 infos, un m\u00e9dia citoyen<\/a> tenu par Maiky Suplon. Il \u00e9tait en direct sur TikTok au moment des faits\u00a0:<\/p>\n<\/p>\n<p>Les d\u00e9buts de l\u2019altercation (vid\u00e9o IA1 infos \/ Maiky Suplon)<\/p>\n<p>Une patrouille de policiers \u00e0 v\u00e9lo, pr\u00e9sente sur place, permet d\u2019\u00e9viter que d\u2019autres personnes ne s\u2019en m\u00ealent. Le monsieur trouve bri\u00e8vement refuge dans la boulangerie Dreher, puis ressort encadr\u00e9 par les policiers, faisant face \u00e0 des manifestants pro-palestiniens virulents. Le\u00efla Sihabi le traite de \u00ab\u00a0l\u00e2che\u00a0\u00bb puis repart\u00a0:<\/p>\n<blockquote class=\"wp-block-quote is-layout-flow wp-block-quote-is-layout-flow\">\n<p>\u00ab\u00a0Il m\u2019a r\u00e9pondu en anglais, j\u2019ai compris qu\u2019il n\u2019\u00e9tait pas d\u2019ici. Pour moi, l\u2019incident se terminait l\u00e0. Isra\u00ebl Darra, \u00e7a veut dire Isra\u00ebl hors des territoires occup\u00e9s. On ne demande que l\u2019application du droit international dans nos manifestations.\u00a0\u00bb<\/p>\n<\/blockquote>\n<p>\t\tUn mat\u00e9riau de choix pour l\u2019extr\u00eame droite<\/p>\n<p>Mais c\u2019\u00e9tait sans compter les manipulations habituelles de l\u2019extr\u00eame droite\u2026 La premi\u00e8re lecture d\u2019une boulangerie juive attaqu\u00e9e par des islamistes trouvable sur les r\u00e9seaux sociaux provient d\u2019un compte anonyme, Wolf (@Psyguy007). Suivi par pr\u00e8s de 60 000 personnes, il se d\u00e9finit comme patriote et fait r\u00e9guli\u00e8rement des publications contre les musulmans. <a href=\"https:\/\/x.com\/PsyGuy007\/status\/1911455770442408031\" target=\"_blank\" rel=\"noreferrer noopener\">Il r\u00e9alise son post le dimanche 13 avril \u00e0 18h25<\/a>. Contact\u00e9 via X, ledit Wolf n\u2019a pas r\u00e9pondu sur l\u2019origine de la vid\u00e9o, mais peu importe puisqu\u2019elle buzze imm\u00e9diatement avec sa fausse version des faits. D\u2019autant plus que cette plateforme est d\u00e9sormais contr\u00f4l\u00e9e par l\u2019extr\u00eame droite. Son post est ensuite repris par une \u00e9lue, socialiste cette fois, Delphine Pineda, qui <a href=\"https:\/\/x.com\/DelphinePineda\/status\/1911505496969748906\" target=\"_blank\" rel=\"noreferrer noopener\">reprend le narratif antis\u00e9mite \u00e0 son compte \u00e0 21h45<\/a>.<\/p>\n<p>Moins de dix minutes plus tard, c\u2019est Pernelle Richardot, \u00e9lue socialiste \u00e0 Strasbourg, qui la repartage, avec toujours la m\u00eame accusation d\u2019antis\u00e9mitisme, et une pique en direction de la municipalit\u00e9 \u00e9cologiste de Strasbourg tant qu\u2019\u00e0 faire\u2026 D\u2019autres reprises de cette fausse information seront publi\u00e9es par Jean Messiha (Reconqu\u00eate), la ministre Aurore Berg\u00e9 donc, l\u2019eurod\u00e9put\u00e9e Virginie Joron (Rassemblement national), puis \u00e9videmment jusqu\u2019en Isra\u00ebl\u2026<\/p>\n<p>\t\tImpossible r\u00e9tractation<\/p>\n<p>Ce n\u2019est qu\u2019au matin du lundi 14 avril que les faits cit\u00e9s plus haut commencent \u00e0 \u00e9merger sur les r\u00e9seaux sociaux. Le compte Wolf a bien publi\u00e9 un correctif d\u00e8s le 13 avril \u00e0 22h35, mais il n\u2019a pas supprim\u00e9 son post initial qui continue \u00e0 \u00eatre partag\u00e9 (1,2 million de vues et plus de 2\u00a0000 partages \u00e0 l\u2019heure de publication de cet article). Aucun correctif en revanche chez Aurore Berg\u00e9, ni chez Delphine Pineda.<\/p>\n<p>Pernelle Richardot publiera un second message pr\u00e9cisant que ce n\u2019\u00e9tait pas la boulangerie qui \u00e9tait vis\u00e9e, mais elle ne supprime pas son \u00e9crit initial non plus. Sur Facebook, son message avec la vid\u00e9o a \u00e9t\u00e9 partag\u00e9 dans des groupes de \u00ab\u00a0fans de Touche pas \u00e0 mon poste\u00a0\u00bb, l\u2019\u00e9mission pol\u00e9mique de Cyril Hanouna. Bouclant ainsi la boucle d\u2019une nouvelle manipulation de l\u2019extr\u00eame droite.<\/p>\n","protected":false},"excerpt":{"rendered":"En marge de la manifestation de soutien \u00e0 la Palestine du samedi 12 avril \u00e0 Strasbourg, des heurts&hellip;\n","protected":false},"author":2,"featured_media":28690,"comment_status":"","ping_status":"","sticky":false,"template":"","format":"standard","meta":{"footnotes":""},"categories":[2820],"tags":[1111,11,1777,674,1076,10063,842,1011,27,775,12,25,640],"class_list":{"0":"post-28689","1":"post","2":"type-post","3":"status-publish","4":"format-standard","5":"has-post-thumbnail","7":"category-strasbourg","8":"tag-actu","9":"tag-actualites","10":"tag-eu","11":"tag-europe","12":"tag-extreme-droite","13":"tag-fact-checking","14":"tag-fake-news","15":"tag-fr","16":"tag-france","17":"tag-grand-est","18":"tag-news","19":"tag-republique-francaise","20":"tag-strasbourg"},"share_on_mastodon":{"url":"https:\/\/pubeurope.com\/@fr\/114346395093920406","error":""},"_links":{"self":[{"href":"https:\/\/www.europesays.com\/fr\/wp-json\/wp\/v2\/posts\/28689","targetHints":{"allow":["GET"]}}],"collection":[{"href":"https:\/\/www.europesays.com\/fr\/wp-json\/wp\/v2\/posts"}],"about":[{"href":"https:\/\/www.europesays.com\/fr\/wp-json\/wp\/v2\/types\/post"}],"author":[{"embeddable":true,"href":"https:\/\/www.europesays.com\/fr\/wp-json\/wp\/v2\/users\/2"}],"replies":[{"embeddable":true,"href":"https:\/\/www.europesays.com\/fr\/wp-json\/wp\/v2\/comments?post=28689"}],"version-history":[{"count":0,"href":"https:\/\/www.europesays.com\/fr\/wp-json\/wp\/v2\/posts\/28689\/revisions"}],"wp:featuredmedia":[{"embeddable":true,"href":"https:\/\/www.europesays.com\/fr\/wp-json\/wp\/v2\/media\/28690"}],"wp:attachment":[{"href":"https:\/\/www.europesays.com\/fr\/wp-json\/wp\/v2\/media?parent=28689"}],"wp:term":[{"taxonomy":"category","embeddable":true,"href":"https:\/\/www.europesays.com\/fr\/wp-json\/wp\/v2\/categories?post=28689"},{"taxonomy":"post_tag","embeddable":true,"href":"https:\/\/www.europesays.com\/fr\/wp-json\/wp\/v2\/tags?post=28689"}],"curies":[{"name":"wp","href":"https:\/\/api.w.org\/{rel}","templated":true}]}}