{"id":286890,"date":"2025-07-31T14:31:09","date_gmt":"2025-07-31T14:31:09","guid":{"rendered":"https:\/\/www.europesays.com\/fr\/286890\/"},"modified":"2025-07-31T14:31:09","modified_gmt":"2025-07-31T14:31:09","slug":"roubaix-donnez-une-seconde-vie-a-vos-jouets-inutilises-avec-cette-collecte-solidaire","status":"publish","type":"post","link":"https:\/\/www.europesays.com\/fr\/286890\/","title":{"rendered":"Roubaix. Donnez une seconde vie \u00e0 vos jouets inutilis\u00e9s avec cette collecte solidaire"},"content":{"rendered":"<p>            Par<br \/>\n        <strong><br \/>\n            <a href=\"https:\/\/actu.fr\/auteur\/bastien-grossin\" title=\"Consulter tous les articles de Bastien Grossin\" rel=\"nofollow noopener\" target=\"_blank\">Bastien Grossin<\/a><br \/>\n        <\/strong><\/p>\n<p>        Publi\u00e9 le<\/p>\n<p>            31 juil. 2025 \u00e0 15h46        <\/p>\n<p>Vous avez des jouets ou des peluches qui prennent la poussi\u00e8re\u2009? Bonne nouvelle\u2009! \u00c0 <a href=\"https:\/\/actu.fr\/hauts-de-france\/roubaix_59512\" rel=\"nofollow noopener\" target=\"_blank\">Roubaix<\/a> (Nord), la startup <b data-end=\"547\">MyPlayground<\/b> propose de leur donner une seconde vie \u00e0 travers une <b data-end=\"644\">collecte nationale de jouets d\u2019occasion<\/b>, du <b data-end=\"683\">1er\u00a0ao\u00fbt au 1er\u00a0septembre 2025<\/b>. Objectif\u2009: les remettre en \u00e9tat, puis les redistribuer \u00e0 des <b data-end=\"793\">associations aidant les enfants d\u00e9favoris\u00e9s<\/b>.<\/p>\n<p class=\" wall-content\">L\u2019entreprise le rappelle\u2009: \u00ab\u2009Chaque ann\u00e9e, <b data-end=\"1170\">100\u2009000\u00a0tonnes de jouets<\/b> sont jet\u00e9es, et <b data-end=\"1231\">moins de 10\u2009%<\/b> sont recycl\u00e9es.\u2009\u00bb En lan\u00e7ant cette campagne, <b data-end=\"1291\">MyPlayground<\/b>, esp\u00e8re sensibiliser \u00e0 un geste simple mais concret pour l\u2019environnement et la solidarit\u00e9.<\/p>\n<p>Une collecte nationale gratuite et solidaire<\/p>\n<p class=\" wall-content\">Le principe est simple\u2009: il suffit de se rendre sur le site <a href=\"https:\/\/www.myplayground.store\/\" rel=\"nofollow noopener\" target=\"_blank\">myplayground.store<\/a> pour <b data-end=\"1008\">t\u00e9l\u00e9charger une \u00e9tiquette d\u2019envoi gratuite<\/b>, puis d\u00e9poser son colis contenant les jouets \u00e0 recycler. L\u2019op\u00e9ration est ouverte \u00e0 toutes et tous, partout en France.<\/p>\n<p class=\" wall-content\">Cette initiative est port\u00e9e par <b data-end=\"1507\">Maamar Gomeri<\/b>, fondateur de <b data-end=\"1538\">MyPlayground<\/b>, un nouveau site n\u00e9 \u00e0 Roubaix et sp\u00e9cialis\u00e9 dans la revente de <b data-end=\"1635\">jouets p\u00e9dagogiques et responsables<\/b>. \u00ab\u00a0Nous choisissons des marques qui sont consciencieuses dans la production des\u00a0jouets et qui\u00a0privil\u00e9gient l\u2019apprentissage, le d\u00e9veloppement sensoriel et moteur des enfants (jouets en bois, fabriqu\u00e9s en Europe\u2026). Avec un accent mis sur le design avec des beaux jouets qui vont plaire visuellement\u2026\u00a0\u00bb\u00a0\u00bb<\/p>\n<p>Comment participer\u2009?<\/p>\n<p data-end=\"2236\" class=\" wall-content\">Les dates \u00e0 bien noter : du <b data-end=\"2236\">1er ao\u00fbt au 1er septembre 2025. <\/b>Quoi donner\u2009? Des jouets, peluches, loisirs cr\u00e9atifs, jeux p\u00e9dagogiques\u2026 O\u00f9 ? Envoi gratuit via <a href=\"https:\/\/www.myplayground.store\/\" rel=\"nofollow noopener\" target=\"_blank\">www.myplayground.store\/<\/a><\/p>\n<p class=\" wall-content\">Suivez toute l\u2019actualit\u00e9 de vos villes et m\u00e9dias favoris en vous inscrivant \u00e0 <a href=\"https:\/\/moncompte.actu.fr\" title=\"D\u00e9couvez Mon Actu\" rel=\"nofollow noopener\" data-trk=\"{&quot;cta&quot;:{&quot;action&quot;:&quot;https:\\\/\\\/moncompte.actu.fr&quot;,&quot;category&quot;:&quot;mon compte&quot;,&quot;from&quot;:&quot;article footer&quot;,&quot;name&quot;:&quot;Mon actu&quot;,&quot;type&quot;:&quot;cta&quot;}}\" target=\"_blank\">Mon Actu<\/a>.<\/p>\n","protected":false},"excerpt":{"rendered":"Par Bastien Grossin Publi\u00e9 le 31 juil. 2025 \u00e0 15h46 Vous avez des jouets ou des peluches qui&hellip;\n","protected":false},"author":2,"featured_media":286891,"comment_status":"","ping_status":"","sticky":false,"template":"","format":"standard","meta":{"footnotes":""},"categories":[2815],"tags":[1111,11,1777,674,1011,27,811,1757,1307,12,25,675],"class_list":{"0":"post-286890","1":"post","2":"type-post","3":"status-publish","4":"format-standard","5":"has-post-thumbnail","7":"category-lille","8":"tag-actu","9":"tag-actualites","10":"tag-eu","11":"tag-europe","12":"tag-fr","13":"tag-france","14":"tag-hauts-de-france","15":"tag-insolite","16":"tag-lille","17":"tag-news","18":"tag-republique-francaise","19":"tag-start-up"},"share_on_mastodon":{"url":"https:\/\/pubeurope.com\/@fr\/114948334201954850","error":""},"_links":{"self":[{"href":"https:\/\/www.europesays.com\/fr\/wp-json\/wp\/v2\/posts\/286890","targetHints":{"allow":["GET"]}}],"collection":[{"href":"https:\/\/www.europesays.com\/fr\/wp-json\/wp\/v2\/posts"}],"about":[{"href":"https:\/\/www.europesays.com\/fr\/wp-json\/wp\/v2\/types\/post"}],"author":[{"embeddable":true,"href":"https:\/\/www.europesays.com\/fr\/wp-json\/wp\/v2\/users\/2"}],"replies":[{"embeddable":true,"href":"https:\/\/www.europesays.com\/fr\/wp-json\/wp\/v2\/comments?post=286890"}],"version-history":[{"count":0,"href":"https:\/\/www.europesays.com\/fr\/wp-json\/wp\/v2\/posts\/286890\/revisions"}],"wp:featuredmedia":[{"embeddable":true,"href":"https:\/\/www.europesays.com\/fr\/wp-json\/wp\/v2\/media\/286891"}],"wp:attachment":[{"href":"https:\/\/www.europesays.com\/fr\/wp-json\/wp\/v2\/media?parent=286890"}],"wp:term":[{"taxonomy":"category","embeddable":true,"href":"https:\/\/www.europesays.com\/fr\/wp-json\/wp\/v2\/categories?post=286890"},{"taxonomy":"post_tag","embeddable":true,"href":"https:\/\/www.europesays.com\/fr\/wp-json\/wp\/v2\/tags?post=286890"}],"curies":[{"name":"wp","href":"https:\/\/api.w.org\/{rel}","templated":true}]}}