{"id":286894,"date":"2025-07-31T14:33:11","date_gmt":"2025-07-31T14:33:11","guid":{"rendered":"https:\/\/www.europesays.com\/fr\/286894\/"},"modified":"2025-07-31T14:33:11","modified_gmt":"2025-07-31T14:33:11","slug":"plus-de-150-kg-de-cocaine-saisis-au-grand-port-de-marseille-un-reseau-de-stupefiants-demantele-en-espagne","status":"publish","type":"post","link":"https:\/\/www.europesays.com\/fr\/286894\/","title":{"rendered":"Plus de 150\u00a0kg de coca\u00efne saisis au grand port de Marseille, un r\u00e9seau de stup\u00e9fiants d\u00e9mantel\u00e9 en Espagne"},"content":{"rendered":"<p>Deux importantes saisies de drogue ont eu lieu au grand port de Marseille au mois de juillet, a r\u00e9v\u00e9l\u00e9 la douane fran\u00e7aise dans un communiqu\u00e9. <strong>Au d\u00e9but du mois, <a href=\"https:\/\/www.laprovence.com\/article\/faits-divers-justice\/20581485043766\/de-la-cocaine-a-ete-decouverte-dans-une-epicerie-a-avignon-l-etablissement-est-temporairement-ferme-par-la-prefecture\" target=\"_blank\" rel=\"noopener\">138,5\u00a0kg de coca\u00efne<\/a> quasiment pure ont \u00e9t\u00e9 saisis par la douane, pour un prix de revente estim\u00e9 \u00e0 pr\u00e8s de 9\u00a0millions d&rsquo;euros,<\/strong> puis 16\u00a0kg lors d&rsquo;une seconde saisie le 10\u00a0juillet. Un r\u00e9seau de stup\u00e9fiants a \u00e9t\u00e9 d\u00e9mantel\u00e9 \u00e0 la suite de cette saisie, et quatre personnes ont \u00e9t\u00e9 arr\u00eat\u00e9es en Espagne.<\/p>\n<p>\u00c0 la fin du mois de juin, les conteneurs d&rsquo;un navire arriv\u00e9 au port de <a href=\"https:\/\/www.laprovence.com\/article\/region\/1956718359737314\/un-concert-exceptionnel-de-juan-carmona-figure-emblematique-du-flamenco-ce-dimanche-a-fos-sur-mer\" target=\"_blank\" rel=\"noopener\">Fos-sur-Mer<\/a> en provenance du Chili ont \u00e9t\u00e9 contr\u00f4l\u00e9s par les douaniers de la brigade des douanes,<strong> r\u00e9v\u00e9lant des pains de coca\u00efne emball\u00e9s dans des sacs en toile dissimul\u00e9s entre les bobines de carton.<\/strong> \u00ab\u00a0Cette technique est typique de la technique dite du \u00ab\u00a0rip-off\u00a0\u00bb, qui consiste pour les organisations criminelles \u00e0 polluer du fret commercial avec de la drogue\u00a0\u00bb, explique la Douane fran\u00e7aise dans un communiqu\u00e9.<\/p>\n<p>Une enqu\u00eate a \u00e9t\u00e9 ouverte le 4\u00a0juillet et confi\u00e9e \u00e0 la Jirs des chefs \u00ab\u00a0<strong>d&rsquo;importation sans d\u00e9claration en douane applicable \u00e0 une marchandise dangereuse pour la sant\u00e9 publique commis en bande organis\u00e9e<\/strong>\u00ab\u00a0, afin d&rsquo;identifier et d&rsquo;interpeller les destinataires des produits stup\u00e9fiants.<\/p>\n<p>Un r\u00e9seau d\u00e9mantel\u00e9 en Espagne<\/p>\n<p>Le 10\u00a0juillet, le navire a repris sa route vers Barcelone, sa destination finale, mais sous \u00e9troite surveillance. Arriv\u00e9 sur place le 14\u00a0juillet, le conteneur cibl\u00e9 a rejoint trois jours plus tard un entrep\u00f4t situ\u00e9 \u00e0 30 kilom\u00e8tres de Barcelone, ce qui a conduit les autorit\u00e9s espagnoles \u00e0 d\u00e9clencher leur op\u00e9ration de bouclage. <strong>Deux individus ont \u00e9t\u00e9 arr\u00eat\u00e9s sur le site et des perquisitions ont \u00e9t\u00e9 men\u00e9es, r\u00e9v\u00e9lant l&rsquo;existence d&rsquo;un r\u00e9seau de <a href=\"https:\/\/www.laprovence.com\/article\/france-monde\/49839799954047\/couvre-feux-pour-mineurs-une-efficacite-difficile-a-mesurer\" target=\"_blank\" rel=\"noopener\">trafic de stup\u00e9fiants.<\/a><\/strong> Deux autres personnes ont elles aussi \u00e9t\u00e9 interpell\u00e9es.<\/p>\n<p><strong>Le 10\u00a0juillet, 16\u00a0kg de coca\u00efne suppl\u00e9mentaires sont saisis par la douane au grand port maritime de Marseille<\/strong>. La drogue \u00e9tait dissimul\u00e9e de la m\u00eame fa\u00e7on dans un conteneur, mais aucun lien n&rsquo;a pu \u00eatre \u00e9tabli entre les deux saisies.<\/p>\n","protected":false},"excerpt":{"rendered":"Deux importantes saisies de drogue ont eu lieu au grand port de Marseille au mois de juillet, a&hellip;\n","protected":false},"author":2,"featured_media":286895,"comment_status":"","ping_status":"","sticky":false,"template":"","format":"standard","meta":{"footnotes":""},"categories":[2814],"tags":[6540,17,1111,11,3993,1777,674,274,1011,27,2515,884,12,378,5159,882,25,17491],"class_list":{"0":"post-286894","1":"post","2":"type-post","3":"status-publish","4":"format-standard","5":"has-post-thumbnail","7":"category-marseille","8":"tag-6540","9":"tag-17","10":"tag-actu","11":"tag-actualites","12":"tag-cocaine","13":"tag-eu","14":"tag-europe","15":"tag-faits-divers-justice","16":"tag-fr","17":"tag-france","18":"tag-grand","19":"tag-marseille","20":"tag-news","21":"tag-plus","22":"tag-port","23":"tag-provence-alpes-cote-dazur","24":"tag-republique-francaise","25":"tag-saisis"},"share_on_mastodon":{"url":"https:\/\/pubeurope.com\/@fr\/114948342005161534","error":""},"_links":{"self":[{"href":"https:\/\/www.europesays.com\/fr\/wp-json\/wp\/v2\/posts\/286894","targetHints":{"allow":["GET"]}}],"collection":[{"href":"https:\/\/www.europesays.com\/fr\/wp-json\/wp\/v2\/posts"}],"about":[{"href":"https:\/\/www.europesays.com\/fr\/wp-json\/wp\/v2\/types\/post"}],"author":[{"embeddable":true,"href":"https:\/\/www.europesays.com\/fr\/wp-json\/wp\/v2\/users\/2"}],"replies":[{"embeddable":true,"href":"https:\/\/www.europesays.com\/fr\/wp-json\/wp\/v2\/comments?post=286894"}],"version-history":[{"count":0,"href":"https:\/\/www.europesays.com\/fr\/wp-json\/wp\/v2\/posts\/286894\/revisions"}],"wp:featuredmedia":[{"embeddable":true,"href":"https:\/\/www.europesays.com\/fr\/wp-json\/wp\/v2\/media\/286895"}],"wp:attachment":[{"href":"https:\/\/www.europesays.com\/fr\/wp-json\/wp\/v2\/media?parent=286894"}],"wp:term":[{"taxonomy":"category","embeddable":true,"href":"https:\/\/www.europesays.com\/fr\/wp-json\/wp\/v2\/categories?post=286894"},{"taxonomy":"post_tag","embeddable":true,"href":"https:\/\/www.europesays.com\/fr\/wp-json\/wp\/v2\/tags?post=286894"}],"curies":[{"name":"wp","href":"https:\/\/api.w.org\/{rel}","templated":true}]}}