{"id":286898,"date":"2025-07-31T14:35:10","date_gmt":"2025-07-31T14:35:10","guid":{"rendered":"https:\/\/www.europesays.com\/fr\/286898\/"},"modified":"2025-07-31T14:35:10","modified_gmt":"2025-07-31T14:35:10","slug":"pourquoi-cette-boulangerie-fait-autant-parler-a-lyon-on-vous-dit-tout","status":"publish","type":"post","link":"https:\/\/www.europesays.com\/fr\/286898\/","title":{"rendered":"Pourquoi cette boulangerie fait autant parler \u00e0 Lyon ? On vous dit tout"},"content":{"rendered":"<p data-start=\"165\" data-end=\"518\">Ce jeudi ouvre la deuxi\u00e8me boutique Copains dans le 6e arrondissement, au 3 cours Vitton. Une nouvelle adresse qui vient tenir compagnie \u00e0 sa petite s\u0153ur, r\u00e9cemment install\u00e9e en plein c\u0153ur de la Presqu\u2019\u00eele, au 80 rue du Pr\u00e9sident \u00c9douard Herriot. Mais derri\u00e8re cette fa\u00e7ade rouge et blanche, \u00e0 l\u2019int\u00e9rieur \u00e9pur\u00e9 et moderne, se cache tout un concept.<\/p>\n<p data-start=\"520\" data-end=\"839\">D\u00e9j\u00e0 bien connue des Parisiens, avec quatorze adresses r\u00e9parties dans la capitale, la boulangerie Copains propose une vision contemporaine de l\u2019artisanat boulanger. Pains singuliers \u00e0 base de farines biologiques, viennoiseries et desserts cr\u00e9atifs, le tout sans gluten, avec des options sans lactose et sans sucre.<\/p>\n<p data-start=\"841\" data-end=\"1162\">L\u2019enseigne propose \u00e9galement un large choix de boissons chaudes et froides, allant de l\u2019ice coffee latte au matcha au lait d\u2019avoine. Une nouveaut\u00e9 lyonnaise qui s\u00e9duit les personnes atteintes de la maladie c\u0153liaque, pour qui l\u2019offre sans gluten reste rare \u00e0 Lyon, mais aussi les curieux avides de nouvelles saveurs.<\/p>\n<p data-start=\"1164\" data-end=\"1263\">Le lieu dispose de quelques tables, id\u00e9ales pour siroter son caf\u00e9 entre deux stories Instagram.<\/p>\n<p data-start=\"1265\" data-end=\"1501\">\u00c0 noter toutefois : mieux vaut pr\u00e9voir un certain budget, car les prix peuvent \u00eatre \u00e9lev\u00e9s, ainsi qu\u2019un peu de patience, le service \u00e9tant parfois long. Curiosit\u00e9 passag\u00e8re ou nouveau rep\u00e8re pour les Lyonnais ? Le temps nous le dira.<\/p>\n<blockquote class=\"instagram-media\" style=\"background: #FFF; border: 0; border-radius: 3px; box-shadow: 0 0 1px 0 rgba(0,0,0,0.5),0 1px 10px 0 rgba(0,0,0,0.15); margin: 1px; max-width: 540px; min-width: 326px; padding: 0; width: calc(100% - 2px);\" data-instgrm-captioned=\"\" data-instgrm-permalink=\"https:\/\/www.instagram.com\/reel\/DMw_EoXtsXg\/?utm_source=ig_embed&amp;utm_campaign=loading\" data-instgrm-version=\"14\"><p>&#13;<br \/>\n&#13;\n<\/p><\/blockquote>\n<p>\t\t  <script async src=\"\/\/www.instagram.com\/embed.js\"><\/script><\/p>\n","protected":false},"excerpt":{"rendered":"Ce jeudi ouvre la deuxi\u00e8me boutique Copains dans le 6e arrondissement, au 3 cours Vitton. Une nouvelle adresse&hellip;\n","protected":false},"author":2,"featured_media":286899,"comment_status":"","ping_status":"","sticky":false,"template":"","format":"standard","meta":{"footnotes":""},"categories":[1889],"tags":[1111,11,2813,2190,2430,1109,251,1112,2811,1777,674,118,1294,4651,1011,27,1922,1110,1114,2428,4903,4902,12,241,316,25,2812,517,800],"class_list":{"0":"post-286898","1":"post","2":"type-post","3":"status-publish","4":"format-standard","5":"has-post-thumbnail","7":"category-lyon","8":"tag-actu","9":"tag-actualites","10":"tag-article","11":"tag-asvel","12":"tag-auvergne-rhone-alpes","13":"tag-breves","14":"tag-culture","15":"tag-depeches","16":"tag-economique","17":"tag-eu","18":"tag-europe","19":"tag-faits-divers","20":"tag-femme","21":"tag-femmes","22":"tag-fr","23":"tag-france","24":"tag-info","25":"tag-informations","26":"tag-infos","27":"tag-lyon","28":"tag-lyonfemme","29":"tag-lyonfemmes","30":"tag-news","31":"tag-ol","32":"tag-politique","33":"tag-republique-francaise","34":"tag-sociale","35":"tag-sport","36":"tag-transports"},"share_on_mastodon":{"url":"https:\/\/pubeurope.com\/@fr\/114948349892139972","error":""},"_links":{"self":[{"href":"https:\/\/www.europesays.com\/fr\/wp-json\/wp\/v2\/posts\/286898","targetHints":{"allow":["GET"]}}],"collection":[{"href":"https:\/\/www.europesays.com\/fr\/wp-json\/wp\/v2\/posts"}],"about":[{"href":"https:\/\/www.europesays.com\/fr\/wp-json\/wp\/v2\/types\/post"}],"author":[{"embeddable":true,"href":"https:\/\/www.europesays.com\/fr\/wp-json\/wp\/v2\/users\/2"}],"replies":[{"embeddable":true,"href":"https:\/\/www.europesays.com\/fr\/wp-json\/wp\/v2\/comments?post=286898"}],"version-history":[{"count":0,"href":"https:\/\/www.europesays.com\/fr\/wp-json\/wp\/v2\/posts\/286898\/revisions"}],"wp:featuredmedia":[{"embeddable":true,"href":"https:\/\/www.europesays.com\/fr\/wp-json\/wp\/v2\/media\/286899"}],"wp:attachment":[{"href":"https:\/\/www.europesays.com\/fr\/wp-json\/wp\/v2\/media?parent=286898"}],"wp:term":[{"taxonomy":"category","embeddable":true,"href":"https:\/\/www.europesays.com\/fr\/wp-json\/wp\/v2\/categories?post=286898"},{"taxonomy":"post_tag","embeddable":true,"href":"https:\/\/www.europesays.com\/fr\/wp-json\/wp\/v2\/tags?post=286898"}],"curies":[{"name":"wp","href":"https:\/\/api.w.org\/{rel}","templated":true}]}}