{"id":286900,"date":"2025-07-31T14:36:24","date_gmt":"2025-07-31T14:36:24","guid":{"rendered":"https:\/\/www.europesays.com\/fr\/286900\/"},"modified":"2025-07-31T14:36:24","modified_gmt":"2025-07-31T14:36:24","slug":"des-clients-reagissent-apres-la-fermeture-en-urgence-de-marie-blachere","status":"publish","type":"post","link":"https:\/\/www.europesays.com\/fr\/286900\/","title":{"rendered":"des clients r\u00e9agissent apr\u00e8s la fermeture en urgence de Marie Blach\u00e8re"},"content":{"rendered":"<p>            Par<br \/>\n        <strong><br \/>\n            <a href=\"https:\/\/actu.fr\/auteur\/theophile-blondet\" title=\"Consulter tous les articles de Theophile Blondet\" target=\"_blank\" rel=\"noopener\">Theophile Blondet<\/a><br \/>\n        <\/strong><\/p>\n<p>        Publi\u00e9 le<\/p>\n<p>            31 juil. 2025 \u00e0 15h26        <\/p>\n<p>La pr\u00e9fecture du Rh\u00f4ne <a href=\"https:\/\/actu.fr\/auvergne-rhone-alpes\/mions_69283\/pres-de-lyon-la-boulangerie-marie-blachere-fermee-d-urgence-par-la-prefecture-l-hygiene-en-cause_62975477.html\" target=\"_blank\" rel=\"noopener\">a ferm\u00e9 administrativement la boulangerie Marie Blach\u00e8re \u00e0 Mions<\/a>, \u00e0 l\u2019est de <a href=\"https:\/\/actu.fr\/lyon\/\" target=\"_blank\" rel=\"noopener\">Lyon<\/a>. L\u2019\u00e9tablissement n\u2019a pas respect\u00e9 de nombreuses r\u00e8gles d\u2019hygi\u00e8ne de bases. Suite \u00e0 cette d\u00e9cision, de nombreux habitu\u00e9s ont r\u00e9agi dans les avis Google de la page de l\u2019\u00e9tablissement. Beaucoup ne sont pas surpris pas cette fermeture.<\/p>\n<p>    <a href=\"https:\/\/www.google.com\/maps\/embed?pb=!1m18!1m12!1m3!1d2787.537485330574!2d4.954094675949447!3d45.68018461900232!2m3!1f0!2f0!3f0!3m2!1i1024!2i768!4f13.1!3m3!1m2!1s0x47f4c48b556564c5%3A0xe97bcc1d0f35a24e!2sMarie%20Blach%C3%A8re%20Boulangerie%20Sandwicherie%20Tarterie!5e0!3m2!1sfr!2sfr!4v1753966769717!5m2!1sfr!2sfr\" title=\"Ouvrie le lien\" target=\"_blank\" rel=\"noopener\">Cliquez ici pour visualiser le contenu<\/a><\/p>\n<p>\u00ab\u2009Pas \u00e9tonn\u00e9e\u2009\u00bb<\/p>\n<p class=\" wall-content\">Avec la fermeture de l\u2019\u00e9tablissement, les clients de cette enseigne de Marie Blach\u00e8re, not\u00e9e 3,4\/5, ont partag\u00e9 leurs exp\u00e9riences personnelles.<\/p>\n<p class=\" wall-content\">\u00ab\u2009J\u2019avais d\u00e9j\u00e0 remarqu\u00e9 un manque d\u2019hygi\u00e8ne\u2009\u00bb, \u00e9crit un internaute, dans un avis publi\u00e9 il y a quelques heures.<\/p>\n<p class=\" wall-content\">Une autre d\u00e9veloppe davantage son exp\u00e9rience client.<\/p>\n<blockquote class=\"ac-article-quote wall-content\">\n<p>Pas \u00e9tonn\u00e9e de la fermeture pour manque d\u2019hygi\u00e8ne vu l\u2019\u00e9tat de ma baguette achet\u00e9e il y a deux jours, heureusement qu\u2019elle a fini \u00e0 la poubelle !!!  De plus, le personnel sert directement avec les mains apr\u00e8s avoir manipul\u00e9 l\u2019argent. J\u2019ai \u00e9galement aper\u00e7u des mouches au-dessus des viennoiseries.<\/p>\n<p>    <strong>Cliente de la boulangerie Marie Blach\u00e8re \u00e0 Mions<\/strong>\n            <\/p><\/blockquote>\n<p class=\" wall-content\">Un troisi\u00e8me d\u00e9crit son passage datant de la semaine du 23\u00a0juillet 2025. \u00ab\u00a0Aucune surprise suite \u00e0 un achat de beignet la semaine derni\u00e8re\u2009: <strong>une odeur f\u00e9cale \u00e9tait fortement pr\u00e9sente\u00a0\u00bb<\/strong>.<\/p>\n<p class=\" wall-content\">\u00ab\u2009Cela plus d\u2019un an que ce magasin se d\u00e9gradait. Autant au niveau de la qualit\u00e9 des produits, de l\u2019accueil du personnel\u2009\u00bb, ajoute un dernier client.<\/p>\n<p>Pas de date de r\u00e9ouverture<\/p>\n<p class=\" wall-content\">Dans son communiqu\u00e9, la pr\u00e9fecture du Rh\u00f4ne n\u2019a pas indiqu\u00e9 de date de r\u00e9ouverture pour cette enseigne. Elle a simplement not\u00e9 que l\u2019\u00e9tablissement sera ferm\u00e9 \u00ab\u2009jusqu\u2019\u00e0 r\u00e9alisation des mesures correctives\u2009\u00bb, sans donner plus de pr\u00e9cisions.<\/p>\n<p class=\" wall-content\">Les services de l\u2019\u00c9tat ont notifi\u00e9 \u00e0 la direction de l\u2019\u00e9tablissement que 32 mesures correctives \u00e9taient n\u00e9cessaires.<\/p>\n<p class=\" wall-content\">Sollicit\u00e9, Marie Blach\u00e8re n\u2019a pas souhait\u00e9 faire de commentaire ou de r\u00e9action sur cette fermeture.\u00a0<\/p>\n<p class=\" wall-content\">Suivez toute l\u2019actualit\u00e9 de vos villes et m\u00e9dias favoris en vous inscrivant \u00e0 <a href=\"https:\/\/moncompte.actu.fr\" title=\"D\u00e9couvez Mon Actu\" rel=\"nofollow noopener\" data-trk=\"{&quot;cta&quot;:{&quot;action&quot;:&quot;https:\\\/\\\/moncompte.actu.fr&quot;,&quot;category&quot;:&quot;mon compte&quot;,&quot;from&quot;:&quot;article footer&quot;,&quot;name&quot;:&quot;Mon actu&quot;,&quot;type&quot;:&quot;cta&quot;}}\" target=\"_blank\">Mon Actu<\/a>.<\/p>\n<ul class=\"ac-article-tag wall-content\">\n<li><a href=\"https:\/\/actu.fr\/tag\/commerce\" data-trk=\"{&quot;cta&quot;:{&quot;action&quot;:&quot;Commerce&quot;,&quot;category&quot;:&quot;tag&quot;,&quot;from&quot;:&quot;article footer&quot;,&quot;name&quot;:&quot;Commerce&quot;,&quot;type&quot;:&quot;cta&quot;}}\" target=\"_blank\" rel=\"noopener\">#Commerce<\/a><\/li>\n<li><a href=\"https:\/\/actu.fr\/tag\/prefecture-du-rhone\" data-trk=\"{&quot;cta&quot;:{&quot;action&quot;:&quot;pr\\u00e9fecture du Rh\\u00f4ne&quot;,&quot;category&quot;:&quot;tag&quot;,&quot;from&quot;:&quot;article footer&quot;,&quot;name&quot;:&quot;pr\\u00e9fecture du Rh\\u00f4ne&quot;,&quot;type&quot;:&quot;cta&quot;}}\" target=\"_blank\" rel=\"noopener\">#pr\u00e9fecture du Rh\u00f4ne<\/a><\/li>\n<\/ul>\n","protected":false},"excerpt":{"rendered":"Par Theophile Blondet Publi\u00e9 le 31 juil. 2025 \u00e0 15h26 La pr\u00e9fecture du Rh\u00f4ne a ferm\u00e9 administrativement la&hellip;\n","protected":false},"author":2,"featured_media":286901,"comment_status":"","ping_status":"","sticky":false,"template":"","format":"standard","meta":{"footnotes":""},"categories":[1889],"tags":[1111,11,2430,215,1777,674,1011,27,2428,12,9450,25,104],"class_list":{"0":"post-286900","1":"post","2":"type-post","3":"status-publish","4":"format-standard","5":"has-post-thumbnail","7":"category-lyon","8":"tag-actu","9":"tag-actualites","10":"tag-auvergne-rhone-alpes","11":"tag-commerce","12":"tag-eu","13":"tag-europe","14":"tag-fr","15":"tag-france","16":"tag-lyon","17":"tag-news","18":"tag-prefecture-du-rhone","19":"tag-republique-francaise","20":"tag-societe"},"share_on_mastodon":{"url":"https:\/\/pubeurope.com\/@fr\/114948353792400644","error":""},"_links":{"self":[{"href":"https:\/\/www.europesays.com\/fr\/wp-json\/wp\/v2\/posts\/286900","targetHints":{"allow":["GET"]}}],"collection":[{"href":"https:\/\/www.europesays.com\/fr\/wp-json\/wp\/v2\/posts"}],"about":[{"href":"https:\/\/www.europesays.com\/fr\/wp-json\/wp\/v2\/types\/post"}],"author":[{"embeddable":true,"href":"https:\/\/www.europesays.com\/fr\/wp-json\/wp\/v2\/users\/2"}],"replies":[{"embeddable":true,"href":"https:\/\/www.europesays.com\/fr\/wp-json\/wp\/v2\/comments?post=286900"}],"version-history":[{"count":0,"href":"https:\/\/www.europesays.com\/fr\/wp-json\/wp\/v2\/posts\/286900\/revisions"}],"wp:featuredmedia":[{"embeddable":true,"href":"https:\/\/www.europesays.com\/fr\/wp-json\/wp\/v2\/media\/286901"}],"wp:attachment":[{"href":"https:\/\/www.europesays.com\/fr\/wp-json\/wp\/v2\/media?parent=286900"}],"wp:term":[{"taxonomy":"category","embeddable":true,"href":"https:\/\/www.europesays.com\/fr\/wp-json\/wp\/v2\/categories?post=286900"},{"taxonomy":"post_tag","embeddable":true,"href":"https:\/\/www.europesays.com\/fr\/wp-json\/wp\/v2\/tags?post=286900"}],"curies":[{"name":"wp","href":"https:\/\/api.w.org\/{rel}","templated":true}]}}