{"id":286907,"date":"2025-07-31T14:43:12","date_gmt":"2025-07-31T14:43:12","guid":{"rendered":"https:\/\/www.europesays.com\/fr\/286907\/"},"modified":"2025-07-31T14:43:12","modified_gmt":"2025-07-31T14:43:12","slug":"a-paris-le-disquaire-balades-sonores-un-endroit-unique-dans-lecosysteme-musical-lutte-pour-sa-survie","status":"publish","type":"post","link":"https:\/\/www.europesays.com\/fr\/286907\/","title":{"rendered":"\u00c0 Paris, le disquaire Balades Sonores, \u00ab\u00a0un endroit unique dans l\u2019\u00e9cosyst\u00e8me musical\u00a0\u00bb, lutte pour sa survie"},"content":{"rendered":"<p class=\"paragraph text_align_left lp-f-body-02\">Toma d\u00e9ambule dans la boutique anim\u00e9e par des notes de blues. \u00ab Ici, on am\u00e8ne les gens \u00e0 prendre le temps dans les rayons \u00bb, commente le cog\u00e9rant des lieux, lunettes carr\u00e9es, chemise \u00e0 fleurs et large sourire aux l\u00e8vres. Balades Sonores, n\u00e9 il y a vingt ans de l\u2019amour de la musique \u2015 et de l\u2019amour tout court \u2015 de Toma et sa compagne Esther, est l\u2019un des 300 disquaires que compte encore la France, <a href=\"https:\/\/www.leparisien.fr\/paris-75\/quatre-disquaires-independants-de-paris-parmi-les-meilleurs-du-monde-22-02-2025-4DR6VE3WXZCS7FZJCO7C3JF7IU.php\" target=\"_self\" rel=\"nofollow noopener\">dont une petite centaine \u00e9tablie \u00e0 Paris<\/a>.<\/p>\n<p class=\"paragraph text_align_left lp-f-body-02\">\u00ab On a toujours eu le vinyle sous le bras \u00bb, assure celui qui \u00e9tait auparavant vendeur itin\u00e9rant dans les festivals et les concerts. Entre Barb\u00e8s et la butte Montmartre (<a href=\"https:\/\/www.leparisien.fr\/paris-75\/paris-75018\/\" target=\"_blank\" rel=\"noreferrer nofollow noopener\">XVIIIe<\/a>), ce marchand de vinyles ind\u00e9pendant traverse une p\u00e9riode difficile. Les bouleversements de l\u2019industrie musicale li\u00e9s au streaming ont r\u00e9duit leur tr\u00e9sorerie, d\u00e9j\u00e0 impact\u00e9e par d\u2019autres ennuis financiers, \u00e0 peau de chagrin. \u00ab C\u2019est la premi\u00e8re fois qu\u2019on admet publiquement qu\u2019on gal\u00e8re \u00bb, se d\u00e9sole Toma.<\/p>\n<p>\u00ab On ne fait pas de la charit\u00e9 \u00bb<\/p>\n<p class=\"paragraph text_align_left lp-f-body-02\">Fin juin, le couple a pris la parole face cam\u00e9ra sur les r\u00e9seaux sociaux pour demander de l\u2019aide \u00e0 ses fid\u00e8les. \u00ab On ne fait pas de la charit\u00e9, on dit aux clients que s\u2019ils ont quelques euros \u00e0 d\u00e9penser chez nous, \u00e7a peut vraiment nous aider. \u00bb<\/p>\n<p class=\"paragraph text_align_left lp-f-body-02\">Message re\u00e7u. Lorsqu\u2019elle a eu vent de leurs difficult\u00e9s, Delphine, quadrag\u00e9naire habitu\u00e9e des lieux, a tout de suite voulu soutenir Toma et Esther. Et elle a achet\u00e9 des cartes cadeaux dans la boutique, pour les faire gagner lors des ap\u00e9ros de soutien organis\u00e9s depuis quelques semaines, dont le prochain a lieu ce jeudi 31 juillet, avec l\u2019oiseau de nuit Nicolas Ullmann, DJ et musicien parisien, aux manettes.<\/p>\n<p class=\"paragraph text_align_left lp-f-body-02\">\u00ab J\u2019ai tout de suite senti l\u2019ambiance familiale de cet endroit unique dans l\u2019\u00e9cosyst\u00e8me musical \u00bb, poursuit Delphine, qui ne peut pas imaginer sa vie sans cet endroit o\u00f9 elle trouve \u00ab du r\u00e9confort \u00bb quand \u00e7a ne va pas. Comme elle, \u00ab les clients nous aident beaucoup, nous offrent des choses que l\u2019on peut vendre ensuite, explique Toma, notamment des dessins et des photos \u00bb.<\/p>\n<p class=\"paragraph text_align_left lp-f-body-02\">Depuis son appel \u00e0 l\u2019aide, \u00ab nous retrouvons peu \u00e0 peu des couleurs, m\u00eame s\u2019il y a encore du chemin \u00e0 faire \u00bb, explique le couple sur la page Instagram de sa boutique. Balades Sonores se donne le mois d\u2019ao\u00fbt pour prendre une d\u00e9cision quant au maintien ou non de son activit\u00e9. \u00ab On verra si \u00e7a passe ou si \u00e7a casse \u00bb, r\u00e9sume Toma.<\/p>\n<p>Une boutique pour \u00ab cr\u00e9er du lien \u00bb<\/p>\n<p class=\"paragraph text_align_left lp-f-body-02\">\u00c0 l\u2019image de beaucoup de boutiques ind\u00e9pendantes, <a href=\"https:\/\/www.leparisien.fr\/culture-loisirs\/musique\/crise-sanitaire-4-5-milliards-d-euros-de-pertes-pour-l-industrie-musicale-17-06-2020-8337597.php\" target=\"_self\" rel=\"nofollow noopener\">la pand\u00e9mie a fragilis\u00e9 le disquaire<\/a>. \u00ab Mais on a fait le choix de renforcer le lien et le physique plut\u00f4t que la vente en ligne \u00bb, explique Toma, m\u00eame si leur site web propose de passer commande parmi leurs 35 000 r\u00e9f\u00e9rences en ligne. D\u2019ailleurs, les progr\u00e8s de technologie et de g\u00e9olocalisation leur indiquent que les clients passent plus de temps dans leur boutique qu\u2019avant. Rien de plus satisfaisant pour ses g\u00e9rants, qui l\u2019ont pens\u00e9e pour \u00ab cr\u00e9er du lien \u00bb.<\/p>\n<p class=\"paragraph text_align_left lp-f-body-02\">Ici les showcases sont hebdomadaires, les expositions r\u00e9guli\u00e8res et les soir\u00e9es font la promotion de tous les artistes, petits comme grands. De quoi satisfaire les habitu\u00e9s en qu\u00eate de contact humain comme Bertrand, gros consommateur de disques et de musique, qui vit \u00e0 50 m de l\u00e0.<\/p>\n<p class=\"paragraph text_align_left lp-f-body-02\">\u00ab Je suis tr\u00e8s attach\u00e9 au fait de me rendre dans un lieu pour acheter de la musique, explique ce riverain. C\u2019est important pour moi d\u2019avoir, au-del\u00e0 d\u2019un algorithme, quelqu\u2019un qui me conseille. Le lien social que permet cet endroit dans une grande ville comme Paris est magique. La musique existait avant eux, elle existera apr\u00e8s eux. Mais ce qui m\u2019inqui\u00e8te, c\u2019est qu\u2019un lieu comme \u00e7a disparaisse. \u00bb<\/p>\n<p>Plusieurs fa\u00e7ons d\u2019aider les g\u00e9rants<\/p>\n<p class=\"paragraph text_align_left lp-f-body-02\">Nouveaux albums, occasions, r\u00e9\u00e9ditions, bande sons de films et de jeux vid\u00e9o, et m\u00eame quelques cassettes\u2026 Chaque coin de Balades sonores a sa th\u00e9matique, sa tranche de prix. Dans le fond du magasin, une s\u00e9lection d\u00e9bordante mais tr\u00e8s organis\u00e9e de vinyles du monde entier \u2015 \u00ab Around the world \u00bb \u2015 remplit les \u00e9tag\u00e8res, class\u00e9e par r\u00e9gions et continents, de l\u2019Afrique au Moyen-Orient en passant par les Antilles et l\u2019Am\u00e9rique du Sud.<\/p>\n<p class=\"paragraph text_align_left lp-f-body-02\">\u00ab Disquaire \u00e9clectique (et bien plus) \u00bb : le lieu annon\u00e7ait la couleur d\u00e8s la porte d\u2019entr\u00e9e. \u00ab Et nos collections grandissent gr\u00e2ce aux demandes des clients \u00bb, ajoute Esther, qui g\u00e8re une commande en ligne, un disque de Green Day \u00e0 la main. Le vinyle conna\u00eet un <a href=\"https:\/\/www.leparisien.fr\/week-end\/le-vinyle-nouvelle-idole-des-jeunes-14-04-2017-6849534.php\" target=\"_self\" rel=\"nofollow noopener\">nouveau souffle<\/a> depuis les ann\u00e9es 2010, faisant <a href=\"https:\/\/snepmusique.com\/actualites-du-snep\/prod-musicale-francaise-en-2024\/\" target=\"_self\" rel=\"nofollow noopener\">cro\u00eetre de 1,3 % les ventes de supports physiques en 2024<\/a> \u2015 une premi\u00e8re depuis les ann\u00e9es 1980 selon le Syndicat national de l\u2019\u00e9dition phonographique (SNEP).<\/p>\n<p class=\"paragraph text_align_left lp-f-body-02\">Pour Toma, acheter un vinyle permet de \u00ab transmettre la musique autrement, partager le disque avec les autres, \u00e0 la diff\u00e9rence d\u2019un disque achet\u00e9 en streaming \u00bb. Faire un don sur leur site, adh\u00e9rer au programme de fid\u00e9lit\u00e9, ou bien tout simplement s\u2019offrir un disque\u2026 Tous les moyens sont bons pour que la boutique \u2015 et les vinyles \u2015 continuent de tourner.<\/p>\n","protected":false},"excerpt":{"rendered":"Toma d\u00e9ambule dans la boutique anim\u00e9e par des notes de blues. \u00ab Ici, on am\u00e8ne les gens \u00e0&hellip;\n","protected":false},"author":2,"featured_media":286908,"comment_status":"","ping_status":"","sticky":false,"template":"","format":"standard","meta":{"footnotes":""},"categories":[1888],"tags":[11,1777,674,1011,27,1944,12,626,25],"class_list":{"0":"post-286907","1":"post","2":"type-post","3":"status-publish","4":"format-standard","5":"has-post-thumbnail","7":"category-paris","8":"tag-actualites","9":"tag-eu","10":"tag-europe","11":"tag-fr","12":"tag-france","13":"tag-ma-ville","14":"tag-news","15":"tag-paris","16":"tag-republique-francaise"},"share_on_mastodon":{"url":"https:\/\/pubeurope.com\/@fr\/114948381399768153","error":""},"_links":{"self":[{"href":"https:\/\/www.europesays.com\/fr\/wp-json\/wp\/v2\/posts\/286907","targetHints":{"allow":["GET"]}}],"collection":[{"href":"https:\/\/www.europesays.com\/fr\/wp-json\/wp\/v2\/posts"}],"about":[{"href":"https:\/\/www.europesays.com\/fr\/wp-json\/wp\/v2\/types\/post"}],"author":[{"embeddable":true,"href":"https:\/\/www.europesays.com\/fr\/wp-json\/wp\/v2\/users\/2"}],"replies":[{"embeddable":true,"href":"https:\/\/www.europesays.com\/fr\/wp-json\/wp\/v2\/comments?post=286907"}],"version-history":[{"count":0,"href":"https:\/\/www.europesays.com\/fr\/wp-json\/wp\/v2\/posts\/286907\/revisions"}],"wp:featuredmedia":[{"embeddable":true,"href":"https:\/\/www.europesays.com\/fr\/wp-json\/wp\/v2\/media\/286908"}],"wp:attachment":[{"href":"https:\/\/www.europesays.com\/fr\/wp-json\/wp\/v2\/media?parent=286907"}],"wp:term":[{"taxonomy":"category","embeddable":true,"href":"https:\/\/www.europesays.com\/fr\/wp-json\/wp\/v2\/categories?post=286907"},{"taxonomy":"post_tag","embeddable":true,"href":"https:\/\/www.europesays.com\/fr\/wp-json\/wp\/v2\/tags?post=286907"}],"curies":[{"name":"wp","href":"https:\/\/api.w.org\/{rel}","templated":true}]}}