{"id":28691,"date":"2025-04-16T07:11:08","date_gmt":"2025-04-16T07:11:08","guid":{"rendered":"https:\/\/www.europesays.com\/fr\/28691\/"},"modified":"2025-04-16T07:11:08","modified_gmt":"2025-04-16T07:11:08","slug":"ue-vague-de-restaurations-lancee-a-la-villa-ephrussi-de-rothschild-la-nouvelle-conservatrice-de-ce-joyau-de-la-cote-dazur-nous-en-dit-plus","status":"publish","type":"post","link":"https:\/\/www.europesays.com\/fr\/28691\/","title":{"rendered":"Ue vague de restaurations lanc\u00e9e \u00e0 la villa Ephrussi-de-Rothschild, la nouvelle conservatrice de ce joyau de la C\u00f4te d\u2019Azur nous en dit plus"},"content":{"rendered":"<p>Depuis la reprise en main de la villa Ephrussi-de-Rothschild par l\u2019Acad\u00e9mie des beaux-arts, de nombreux changements sont intervenus dans la demeure la plus c\u00e9l\u00e8bre de Saint-Jean-Cap-Ferrat.<\/p>\n<p>La nouvelle conservatrice, Oriane Beaufils, qui a pris ses fonctions il y a tout juste un an, a notamment r\u00e9alis\u00e9 un audit complet des collections et d\u00e9nich\u00e9, dans les r\u00e9serves, un certain nombre d\u2019\u0153uvres d\u2019art jusqu\u2019alors non r\u00e9pertori\u00e9es.<\/p>\n<p>D\u00e9couverte qui a donn\u00e9 lieu \u00e0 la parution d\u2019un nouveau catalogue intitul\u00e9 La villa Ephrussi de Rothschild, histoire et collections, dans lequel on retrouve, outre les \u0153uvres conserv\u00e9es, l\u2019histoire de la demeure et des photos in\u00e9dites de sa propri\u00e9taire, la baronne B\u00e9atrice Ephrussi de Rothschild.<\/p>\n<p><strong>\u00ab\u00a0La restauration d\u2019un meuble peut r\u00e9v\u00e9ler des choses surprenantes\u00a0\u00bb<\/strong><\/p>\n<p>Oriane Beaufils d\u00e9roule: \u00ab\u00a0J\u2019ai r\u00e9alis\u00e9 des r\u00e9am\u00e9nagements des pi\u00e8ces, renouvel\u00e9 les objets de vitrine et lanc\u00e9 une campagne de restauration des peintures, sculptures, tableaux et meubles anciens. Parmi ces derniers, l\u2019un des plus spectaculaires est ce tr\u00e8s rare gu\u00e9ridon au plateau octogonal r\u00e9alis\u00e9 vers 1788 par Jean-Jacques Hettlinger \u00e0 la manufacture de S\u00e8vres. Il est compos\u00e9 de panneaux en b\u00e2ti de ch\u00eane, placage d\u2019acajou et plaques en cire repr\u00e9sentant des oiseaux recouverts de v\u00e9ritables plumes et ailes de papillon\u00a0\u00bb.<\/p>\n<p>Un travail tr\u00e8s pointu confi\u00e9 au Centre de recherche et de restauration des mus\u00e9es de France, qui a plus d\u2019un si\u00e8cle d\u2019existence et poss\u00e8de un personnel et un mat\u00e9riel technique de pointe.<\/p>\n<p>\u00ab\u00a0La restauration d\u2019un meuble, poursuit la conservatrice, peut parfois r\u00e9v\u00e9ler des choses surprenantes comme ce petit secr\u00e9taire dont on a d\u00e9couvert que la couleur initiale \u00e9tait le vert et non le jaune, comme on le croyait. Une vingtaine d\u2019objets, sans compter les porcelaines, ont \u00e9t\u00e9 restaur\u00e9s depuis un an et le rythme n\u2019est pas pr\u00e8s de ralentir car il reste encore un gros travail \u00e0 effectuer. Je vais aussi prochainement remplacer l\u2019\u00e9clairage au n\u00e9on des vitrines par des leds afin de mieux mettre en valeur les objets pr\u00e9sent\u00e9s. Je veux, en fait, donner l\u2019impression au visiteur que les lieux sont toujours habit\u00e9s par sa propri\u00e9taire et qu\u2019il y a toujours quelque chose de nouveau \u00e0 voir.\u00a0\u00bb<\/p>\n","protected":false},"excerpt":{"rendered":"Depuis la reprise en main de la villa Ephrussi-de-Rothschild par l\u2019Acad\u00e9mie des beaux-arts, de nombreux changements sont intervenus&hellip;\n","protected":false},"author":2,"featured_media":28692,"comment_status":"","ping_status":"","sticky":false,"template":"","format":"standard","meta":{"footnotes":""},"categories":[2819],"tags":[1111,11,1777,674,1011,27,12,2401,882,25,3366],"class_list":{"0":"post-28691","1":"post","2":"type-post","3":"status-publish","4":"format-standard","5":"has-post-thumbnail","7":"category-nice","8":"tag-actu","9":"tag-actualites","10":"tag-eu","11":"tag-europe","12":"tag-fr","13":"tag-france","14":"tag-news","15":"tag-nice","16":"tag-provence-alpes-cote-dazur","17":"tag-republique-francaise","18":"tag-vie-locale"},"share_on_mastodon":{"url":"https:\/\/pubeurope.com\/@fr\/114346399104880475","error":""},"_links":{"self":[{"href":"https:\/\/www.europesays.com\/fr\/wp-json\/wp\/v2\/posts\/28691","targetHints":{"allow":["GET"]}}],"collection":[{"href":"https:\/\/www.europesays.com\/fr\/wp-json\/wp\/v2\/posts"}],"about":[{"href":"https:\/\/www.europesays.com\/fr\/wp-json\/wp\/v2\/types\/post"}],"author":[{"embeddable":true,"href":"https:\/\/www.europesays.com\/fr\/wp-json\/wp\/v2\/users\/2"}],"replies":[{"embeddable":true,"href":"https:\/\/www.europesays.com\/fr\/wp-json\/wp\/v2\/comments?post=28691"}],"version-history":[{"count":0,"href":"https:\/\/www.europesays.com\/fr\/wp-json\/wp\/v2\/posts\/28691\/revisions"}],"wp:featuredmedia":[{"embeddable":true,"href":"https:\/\/www.europesays.com\/fr\/wp-json\/wp\/v2\/media\/28692"}],"wp:attachment":[{"href":"https:\/\/www.europesays.com\/fr\/wp-json\/wp\/v2\/media?parent=28691"}],"wp:term":[{"taxonomy":"category","embeddable":true,"href":"https:\/\/www.europesays.com\/fr\/wp-json\/wp\/v2\/categories?post=28691"},{"taxonomy":"post_tag","embeddable":true,"href":"https:\/\/www.europesays.com\/fr\/wp-json\/wp\/v2\/tags?post=28691"}],"curies":[{"name":"wp","href":"https:\/\/api.w.org\/{rel}","templated":true}]}}