{"id":286913,"date":"2025-07-31T14:46:15","date_gmt":"2025-07-31T14:46:15","guid":{"rendered":"https:\/\/www.europesays.com\/fr\/286913\/"},"modified":"2025-07-31T14:46:15","modified_gmt":"2025-07-31T14:46:15","slug":"etats-unis-linflation-pce-accelere-a-26-sur-un-an-en-juin","status":"publish","type":"post","link":"https:\/\/www.europesays.com\/fr\/286913\/","title":{"rendered":"Etats-Unis : L&rsquo;inflation PCE acc\u00e9l\u00e8re \u00e0 2,6% sur un an en juin"},"content":{"rendered":"<p>(Reuters) &#8211;     Les prix \u00e0 la consommation aux \u00c9tats-Unis ont acc\u00e9l\u00e9r\u00e9 en juin sur un an, au-dessus des attentes, montrent les donn\u00e9es publi\u00e9es jeudi par le d\u00e9partement du Commerce.<\/p>\n<p>L&rsquo;indice des prix de la consommation personnelle (PCE) a avanc\u00e9 de +2,6% en rythme annuel, apr\u00e8s +2,4% (r\u00e9vis\u00e9) en mai. Les \u00e9conomistes interrog\u00e9s par Reuters attendaient +2,5%.<\/p>\n<p>Il a avanc\u00e9 sur un mois \u00e0 +0,3%, conform\u00e9ment aux attentes des \u00e9conomistes (+0,3%), et apr\u00e8s +0,2% (r\u00e9vis\u00e9) en mai.<\/p>\n<p>Une mesure plus \u00e9troite de l&rsquo;inflation, l&rsquo;indice \u00ab\u00a0core PCE\u00a0\u00bb, qui exclut les \u00e9l\u00e9ments volatils que sont l&rsquo;\u00e9nergie et les produits alimentaires, reste inchang\u00e9e \u00e0 +2,8% sur un an en juin, au-dessus des attentes des analystes (+2,7%), et apr\u00e8s +2,8% en mai (r\u00e9vis\u00e9 de +2,7%).<\/p>\n<p>Sur un mois, il acc\u00e9l\u00e8re de +0,3% en juin, en ligne avec les attentes (+0,3%) et apr\u00e8s +0,2% en mai.<\/p>\n<p>Parall\u00e8lement, les d\u00e9penses de consommation des m\u00e9nages am\u00e9ricains ont augment\u00e9 de +0,1% en juin, apr\u00e8s -0,2% (r\u00e9vis\u00e9) en mai.<\/p>\n<p>Les revenus des m\u00e9nages ont avanc\u00e9 de +0,3% en juin, apr\u00e8s -0,4% en mai et au-dessus des analystes (+0,2%).<\/p>\n<p>(R\u00e9dig\u00e9 par Elena Smirnova, \u00e9dit\u00e9 par Kate Entringer)<\/p>\n<p>Copyright \u00a9 2025 Thomson Reuters<\/p>\n","protected":false},"excerpt":{"rendered":"(Reuters) &#8211; Les prix \u00e0 la consommation aux \u00c9tats-Unis ont acc\u00e9l\u00e9r\u00e9 en juin sur un an, au-dessus des&hellip;\n","protected":false},"author":2,"featured_media":286914,"comment_status":"","ping_status":"","sticky":false,"template":"","format":"standard","meta":{"footnotes":""},"categories":[1589],"tags":[11,73,1866,12,1864,1865,1863,308],"class_list":{"0":"post-286913","1":"post","2":"type-post","3":"status-publish","4":"format-standard","5":"has-post-thumbnail","7":"category-etats-unis","8":"tag-actualites","9":"tag-etats-unis","10":"tag-etats-unis-damerique","11":"tag-news","12":"tag-united-states","13":"tag-united-states-of-america","14":"tag-us","15":"tag-usa"},"share_on_mastodon":{"url":"https:\/\/pubeurope.com\/@fr\/114948393086297386","error":""},"_links":{"self":[{"href":"https:\/\/www.europesays.com\/fr\/wp-json\/wp\/v2\/posts\/286913","targetHints":{"allow":["GET"]}}],"collection":[{"href":"https:\/\/www.europesays.com\/fr\/wp-json\/wp\/v2\/posts"}],"about":[{"href":"https:\/\/www.europesays.com\/fr\/wp-json\/wp\/v2\/types\/post"}],"author":[{"embeddable":true,"href":"https:\/\/www.europesays.com\/fr\/wp-json\/wp\/v2\/users\/2"}],"replies":[{"embeddable":true,"href":"https:\/\/www.europesays.com\/fr\/wp-json\/wp\/v2\/comments?post=286913"}],"version-history":[{"count":0,"href":"https:\/\/www.europesays.com\/fr\/wp-json\/wp\/v2\/posts\/286913\/revisions"}],"wp:featuredmedia":[{"embeddable":true,"href":"https:\/\/www.europesays.com\/fr\/wp-json\/wp\/v2\/media\/286914"}],"wp:attachment":[{"href":"https:\/\/www.europesays.com\/fr\/wp-json\/wp\/v2\/media?parent=286913"}],"wp:term":[{"taxonomy":"category","embeddable":true,"href":"https:\/\/www.europesays.com\/fr\/wp-json\/wp\/v2\/categories?post=286913"},{"taxonomy":"post_tag","embeddable":true,"href":"https:\/\/www.europesays.com\/fr\/wp-json\/wp\/v2\/tags?post=286913"}],"curies":[{"name":"wp","href":"https:\/\/api.w.org\/{rel}","templated":true}]}}