{"id":286915,"date":"2025-07-31T14:47:12","date_gmt":"2025-07-31T14:47:12","guid":{"rendered":"https:\/\/www.europesays.com\/fr\/286915\/"},"modified":"2025-07-31T14:47:12","modified_gmt":"2025-07-31T14:47:12","slug":"feux-de-foret-en-europe-chypre-et-royaume-uni-battent-leurs-records-demissions-liees-aux-feux-de-forets","status":"publish","type":"post","link":"https:\/\/www.europesays.com\/fr\/286915\/","title":{"rendered":"Feux de for\u00eat en Europe &#8211; Chypre et Royaume-Uni battent leurs records d&rsquo;\u00e9missions li\u00e9es aux feux de for\u00eats"},"content":{"rendered":"<p class=\"ap-StoryElement ap-StoryElement--mb ap-StoryText\">Outre-Atlantique, la situation est \u00e9galement critique. Depuis le d\u00e9but de l&rsquo;ann\u00e9e, les incendies au Canada ont lib\u00e9r\u00e9 189 m\u00e9gatonnes de CO2. L&rsquo;ann\u00e9e en cours se classe ainsi comme la deuxi\u00e8me plus grave en la mati\u00e8re, juste derri\u00e8re le record de 2023.<\/p>\n<p class=\"ap-StoryElement ap-StoryElement--mb ap-StoryText\">La combinaison de la chaleur, de la s\u00e9cheresse et de vents forts cr\u00e9e un cocktail hautement inflammable. Ces conditions m\u00e9t\u00e9orologiques, qui favorisent le d\u00e9clenchement et la propagation rapide des feux en ass\u00e9chant la v\u00e9g\u00e9tation, sont exacerb\u00e9es par le d\u00e9r\u00e8glement climatique d&rsquo;origine humaine.<\/p>\n","protected":false},"excerpt":{"rendered":"Outre-Atlantique, la situation est \u00e9galement critique. Depuis le d\u00e9but de l&rsquo;ann\u00e9e, les incendies au Canada ont lib\u00e9r\u00e9 189&hellip;\n","protected":false},"author":2,"featured_media":25030,"comment_status":"","ping_status":"","sticky":false,"template":"","format":"standard","meta":{"footnotes":""},"categories":[1588],"tags":[11,574,42571,1129,436,1777,674,8906,1310,2742,12,473,1853,3496,1851,1850,1852],"class_list":{"0":"post-286915","1":"post","2":"type-post","3":"status-publish","4":"format-standard","5":"has-post-thumbnail","7":"category-royaume-uni","8":"tag-actualites","9":"tag-canada","10":"tag-chypre-pays","11":"tag-climat","12":"tag-environnement","13":"tag-eu","14":"tag-europe","15":"tag-grece","16":"tag-incendie","17":"tag-nature","18":"tag-news","19":"tag-royaume-uni","20":"tag-royaume-uni-de-grande-bretagne-et-dirlande-du-nord","21":"tag-turquie","22":"tag-uk","23":"tag-united-kingdom","24":"tag-united-kingdom-of-great-britain-and-northern-ireland"},"share_on_mastodon":{"url":"https:\/\/pubeurope.com\/@fr\/114948397144656933","error":""},"_links":{"self":[{"href":"https:\/\/www.europesays.com\/fr\/wp-json\/wp\/v2\/posts\/286915","targetHints":{"allow":["GET"]}}],"collection":[{"href":"https:\/\/www.europesays.com\/fr\/wp-json\/wp\/v2\/posts"}],"about":[{"href":"https:\/\/www.europesays.com\/fr\/wp-json\/wp\/v2\/types\/post"}],"author":[{"embeddable":true,"href":"https:\/\/www.europesays.com\/fr\/wp-json\/wp\/v2\/users\/2"}],"replies":[{"embeddable":true,"href":"https:\/\/www.europesays.com\/fr\/wp-json\/wp\/v2\/comments?post=286915"}],"version-history":[{"count":0,"href":"https:\/\/www.europesays.com\/fr\/wp-json\/wp\/v2\/posts\/286915\/revisions"}],"wp:featuredmedia":[{"embeddable":true,"href":"https:\/\/www.europesays.com\/fr\/wp-json\/wp\/v2\/media\/25030"}],"wp:attachment":[{"href":"https:\/\/www.europesays.com\/fr\/wp-json\/wp\/v2\/media?parent=286915"}],"wp:term":[{"taxonomy":"category","embeddable":true,"href":"https:\/\/www.europesays.com\/fr\/wp-json\/wp\/v2\/categories?post=286915"},{"taxonomy":"post_tag","embeddable":true,"href":"https:\/\/www.europesays.com\/fr\/wp-json\/wp\/v2\/tags?post=286915"}],"curies":[{"name":"wp","href":"https:\/\/api.w.org\/{rel}","templated":true}]}}