{"id":286920,"date":"2025-07-31T14:50:13","date_gmt":"2025-07-31T14:50:13","guid":{"rendered":"https:\/\/www.europesays.com\/fr\/286920\/"},"modified":"2025-07-31T14:50:13","modified_gmt":"2025-07-31T14:50:13","slug":"plusieurs-blesses-dans-un-accident-de-petit-train-touristique","status":"publish","type":"post","link":"https:\/\/www.europesays.com\/fr\/286920\/","title":{"rendered":"plusieurs bless\u00e9s dans un accident de petit train touristique"},"content":{"rendered":"<p>Le dernier wagon d&rsquo;un petit train touristique s&rsquo;est renvers\u00e9 ce jeudi \u00e0 la mi-journ\u00e9e sur la route des Sanguinaires \u00e0 Ajaccio (Corse-du-Sud), faisant 12 bless\u00e9s dont quatre graves parmi lesquels un enfant. Cet accident dans lequel \u00ab une quarantaine de personnes sont impliqu\u00e9es \u00bb a fait \u00ab quatre bless\u00e9s graves, pour l&rsquo;heure sans pronostic vital engag\u00e9, et huit bless\u00e9s l\u00e9gers \u00bb, a pr\u00e9cis\u00e9 le directeur de cabinet du pr\u00e9fet, Florian Straser, pr\u00e9cisant que les blessures \u00e9taient principalement des \u00ab \u00e9crasements de membres \u00bb.<\/p>\n<p>Ce petit train contenait 58 passagers dont 43 sont impliqu\u00e9s dans l&rsquo;accident. Une enqu\u00eate a \u00e9t\u00e9 ouverte et le chauffeur du train a \u00e9t\u00e9 plac\u00e9 en garde \u00e0 vue. Le procureur a pr\u00e9cis\u00e9 que \u00ab les premi\u00e8res informations pourraient laisser supposer que la vitesse est en cause \u00bb. Un cort\u00e8ge de six v\u00e9hicules de secours a \u00e9vacu\u00e9 les premiers bless\u00e9s, alors que la ville est embouteill\u00e9e suite \u00e0 la fermeture d&rsquo;une partie de la route des Sanguinaires, longue de sept kilom\u00e8tres et qui longe la mer.<\/p>\n<p>Ce contenu est bloqu\u00e9 car vous n&rsquo;avez pas accept\u00e9 les cookies et autres traceurs.<\/p>\n<p>En cliquant sur \u00ab J\u2019accepte \u00bb, les cookies et autres traceurs seront d\u00e9pos\u00e9s et vous pourrez visualiser les contenus  (<a href=\"\" class=\"consentModule_policy\" target=\"_blank\" title=\"Consulter la politique de protection des donn\u00e9es du fournisseur\">plus d&rsquo;informations<\/a>).<\/p>\n<p>En cliquant sur \u00ab J\u2019accepte tous les cookies \u00bb, vous autorisez des d\u00e9p\u00f4ts de cookies et autres traceurs pour le stockage de vos donn\u00e9es sur nos sites et applications \u00e0 des fins de personnalisation et de ciblage publicitaire.<\/p>\n<p class=\"consentModule_secondaryText\">Vous gardez la possibilit\u00e9 de retirer votre consentement \u00e0 tout moment en consultant notre <a href=\"https:\/\/www.ledauphine.com\/protection-des-donnees\" target=\"_blank\" title=\"Consulter notre politique de protection des donn\u00e9es\" rel=\"nofollow noopener\">politique de protection des donn\u00e9es<\/a>. <br \/>&#13;<br \/>\n            <a href=\"https:\/\/www.ledauphine.com\/faits-divers-justice\/2025\/07\/31\/javascript:Didomi.notice.show()\" class=\"consentModule_cmp\" rel=\"nofollow noopener\" target=\"_blank\">G\u00e9rer mes choix<\/a>&#13;\n        <\/p>\n<p>&#13;<br \/>\n                        J&rsquo;accepte&#13;<br \/>\n            J&rsquo;accepte tous les cookies&#13;\n        <\/p>\n<p>  \u00ab Il roulait tr\u00e8s tr\u00e8s vite\u00a0\u00bb<\/p>\n<p>\u00ab Depuis le d\u00e9part, il roulait tr\u00e8s tr\u00e8s vite et au final il a pris le rond-point tellement vite que le dernier wagon dans lequel on \u00e9tait s&rsquo;est retourn\u00e9 contre un trottoir. On a eu de la chance, on a rien, que des \u00e9gratignures \u00bb, a d\u00e9clar\u00e9 G\u00e9raldine, une passag\u00e8re du wagon accident\u00e9, \u00e0 la radio <a href=\"https:\/\/www.francebleu.fr\/infos\/faits-divers-justice\/un-petit-train-touristique-se-renverse-et-fait-plusieurs-blesses-a-Ajaccio-2065671\" target=\"_blank\" rel=\"nofollow noopener\">ici RCFM<\/a>. La jeune femme \u00e9tait dans le petit train avec son conjoint et ses deux enfants. \u00ab On a eu tr\u00e8s peur \u00bb, a-t-elle ajout\u00e9, indiquant \u00eatre au premier jour de ses vacances et pr\u00e9cisant avoir l&rsquo;intention de porter plainte.<\/p>\n","protected":false},"excerpt":{"rendered":"Le dernier wagon d&rsquo;un petit train touristique s&rsquo;est renvers\u00e9 ce jeudi \u00e0 la mi-journ\u00e9e sur la route des&hellip;\n","protected":false},"author":2,"featured_media":286921,"comment_status":"","ping_status":"","sticky":false,"template":"","format":"standard","meta":{"footnotes":""},"categories":[1586],"tags":[119,11,1777,674,1779,274,107,1011,27,329,12,25,602,1778,364],"class_list":{"0":"post-286920","1":"post","2":"type-post","3":"status-publish","4":"format-standard","5":"has-post-thumbnail","7":"category-europe","8":"tag-accident","9":"tag-actualites","10":"tag-eu","11":"tag-europe","12":"tag-european-union","13":"tag-faits-divers-justice","14":"tag-fil-info","15":"tag-fr","16":"tag-france","17":"tag-france-monde","18":"tag-news","19":"tag-republique-francaise","20":"tag-tourisme","21":"tag-ue","22":"tag-union-europeenne"},"share_on_mastodon":{"url":"https:\/\/pubeurope.com\/@fr\/114948408933251782","error":""},"_links":{"self":[{"href":"https:\/\/www.europesays.com\/fr\/wp-json\/wp\/v2\/posts\/286920","targetHints":{"allow":["GET"]}}],"collection":[{"href":"https:\/\/www.europesays.com\/fr\/wp-json\/wp\/v2\/posts"}],"about":[{"href":"https:\/\/www.europesays.com\/fr\/wp-json\/wp\/v2\/types\/post"}],"author":[{"embeddable":true,"href":"https:\/\/www.europesays.com\/fr\/wp-json\/wp\/v2\/users\/2"}],"replies":[{"embeddable":true,"href":"https:\/\/www.europesays.com\/fr\/wp-json\/wp\/v2\/comments?post=286920"}],"version-history":[{"count":0,"href":"https:\/\/www.europesays.com\/fr\/wp-json\/wp\/v2\/posts\/286920\/revisions"}],"wp:featuredmedia":[{"embeddable":true,"href":"https:\/\/www.europesays.com\/fr\/wp-json\/wp\/v2\/media\/286921"}],"wp:attachment":[{"href":"https:\/\/www.europesays.com\/fr\/wp-json\/wp\/v2\/media?parent=286920"}],"wp:term":[{"taxonomy":"category","embeddable":true,"href":"https:\/\/www.europesays.com\/fr\/wp-json\/wp\/v2\/categories?post=286920"},{"taxonomy":"post_tag","embeddable":true,"href":"https:\/\/www.europesays.com\/fr\/wp-json\/wp\/v2\/tags?post=286920"}],"curies":[{"name":"wp","href":"https:\/\/api.w.org\/{rel}","templated":true}]}}