{"id":286926,"date":"2025-07-31T14:53:18","date_gmt":"2025-07-31T14:53:18","guid":{"rendered":"https:\/\/www.europesays.com\/fr\/286926\/"},"modified":"2025-07-31T14:53:18","modified_gmt":"2025-07-31T14:53:18","slug":"faire-entendre-sa-voix-la-france-veut-negocier-des-exemptions-de-droits-de-douane-pour-le-secteur-de-la-sante","status":"publish","type":"post","link":"https:\/\/www.europesays.com\/fr\/286926\/","title":{"rendered":"\u00ab\u00a0Faire entendre sa voix\u00a0\u00bb : la France veut n\u00e9gocier des exemptions de droits de douane pour le secteur de la sant\u00e9"},"content":{"rendered":"<ul class=\"jsx-862013697 ArticleChapo__List\">\n<li class=\"jsx-862013697 ArticleChapo__List_Item flex\">Plusieurs secteurs essentiels de l&rsquo;\u00e9conomie europ\u00e9enne seront concern\u00e9s par des droits de douane am\u00e9ricains de 15%.<\/li>\n<li class=\"jsx-862013697 ArticleChapo__List_Item flex\">Dans ce contexte, la France a indiqu\u00e9 jeudi tenter d&rsquo;obtenir des exemptions avec les \u00c9tats-Unis, notamment dans le domaine de la sant\u00e9.<\/li>\n<\/ul>\n<p><a href=\"https:\/\/www.tf1info.fr\/actualite\/etats-unis-la-guerre-commerciale-de-donald-trump-contre-le-reste-du-monde-ue-france-chine-mexique-canada-13890\/\" rel=\"noopener\" class=\"jsx-484472199 Link jsx-1428418400 jsx-1404382745\" target=\"_blank\"><\/p>\n<p style=\"font-weight:400\" class=\"jsx-1837267516\">Suivez la couverture compl\u00e8te<\/p>\n<p style=\"font-weight:800\" class=\"jsx-1837267516\">La guerre commerciale de Donald Trump contre le reste du monde<\/p>\n<p><\/a><\/p>\n<p data-module=\"article-paragraph\" class=\"jsx-3046738180 Paragraph Paragraph__End\">Apr\u00e8s <a href=\"https:\/\/www.tf1info.fr\/international\/droits-de-douane-que-contient-l-accord-ue-usa-entre-trump-et-von-der-leyen-2385464.html\" target=\"_blank\" rel=\"noopener\">l&rsquo;accord sur les droits de douane<\/a>, la France tente encore de limiter les d\u00e9g\u00e2ts. Jeudi 31 juillet, la ministre d\u00e9l\u00e9gu\u00e9e au Commerce, V\u00e9ronique Louwagie, a indiqu\u00e9 vouloir \u00ab\u00a0travailler\u00a0\u00bb pour obtenir des exemptions de <a href=\"https:\/\/www.tf1info.fr\/international\/accord-ue-union-europeenne-etats-unis-sur-les-droits-de-douane-francois-bayrou-denonce-une-soumission-des-27-2385519.html\" target=\"_blank\" rel=\"noopener\">droits de douane<\/a> avec les \u00c9tats-Unis, notamment dans \u00ab\u00a0le domaine de la sant\u00e9\u00a0\u00bb. \u00ab\u00a0Est-ce que tout est d\u00e9fini ? Non. (&#8230;) Il nous faut travailler maintenant sur les exemptions, sur les cas particuliers. (&#8230;) Par exemple, l&rsquo;a\u00e9ronautique va \u00eatre exempt\u00e9e, mais il y a d&rsquo;autres secteurs \u00e9galement sur lesquels nous devons travailler. Et la France veut faire entendre sa voix\u00a0\u00bb aupr\u00e8s de la Commission europ\u00e9enne, a-t-elle assur\u00e9 sur Sud Radio.<\/p>\n<p>L&rsquo;a\u00e9ronautique et certains dispositifs m\u00e9dicaux exempt\u00e9s<\/p>\n<p data-module=\"article-paragraph\" class=\"jsx-3046738180 Paragraph\">\u00ab\u00a0Tout ce qui peut prot\u00e9ger nos entreprises fran\u00e7aises [\u2026], qu&rsquo;il s&rsquo;agisse de la fili\u00e8re viticole, mais il y a \u00e9galement le domaine de la sant\u00e9 pour lequel il pourrait y avoir des exemptions, la pharmacie, la fili\u00e8re chimique, l&rsquo;industrie agroalimentaire\u2026\u00a0\u00bb, a ajout\u00e9 la ministre.<\/p>\n<p data-module=\"article-paragraph\" class=\"jsx-3046738180 Paragraph Paragraph__End\">Jusqu&rsquo;\u00e0 pr\u00e9sent, comme nous l&rsquo;\u00e9voquions <a href=\"https:\/\/www.tf1info.fr\/economie\/droits-de-douane-ces-secteurs-europeens-grands-perdant-de-l-accord-commercial-trump-entre-l-ue-et-les-etats-unis-2385516.html\" target=\"_blank\" rel=\"noopener\">dans cet article<\/a>, seule l&rsquo;a\u00e9ronautique et certains dispositifs m\u00e9dicaux sont explicitement exclus de la taxation de 15% sur les exportations europ\u00e9ennes vers les \u00c9tats-Unis, issue de <a href=\"https:\/\/www.tf1info.fr\/economie\/droits-de-douane-l-accord-ue-etats-unis-est-mauvais-et-devra-etre-ameliore-estime-le-ministre-de-l-economie-2385677.html\" target=\"_blank\" rel=\"noopener\">l&rsquo;accord n\u00e9goci\u00e9 dimanche par Donald Trump et Ursula von der Leyen<\/a>, en \u00e9change d&rsquo;engagements europ\u00e9ens massifs en mati\u00e8re d&rsquo;\u00e9nergie et d&rsquo;investissements.<\/p>\n<p><a href=\"https:\/\/www.tf1info.fr\/environnement-ecologie\/droits-de-douane-accord-union-europeenne-etas-unis-il-y-a-une-contradiction-entre-les-engagements-environnementaux-de-l-ue-et-l-accord-avec-les-etats-unis-2385592.html\" rel=\"noopener\" class=\"jsx-3308031228 Link flex\" target=\"_blank\"><img decoding=\"async\" src=\"https:\/\/www.europesays.com\/fr\/wp-content\/uploads\/2025\/07\/trump-von-der-leyen-plan-large-afp-3c228b-0@1x.jpeg\" alt=\"Brendan SMIALOWSKI \/ AFP\" loading=\"lazy\" importance=\"low\" fetchpriority=\"low\" class=\"\" aria-hidden=\"true\"\/><\/p>\n<p class=\"jsx-3657663356 ReadMoreArticle__Title\">Lire aussi<\/p>\n<p class=\"jsx-3657663356\">Droits de douane : \u00ab\u00a0Une contradiction entre les engagements climatiques de l&rsquo;UE et cette concession faite \u00e0 Trump\u00a0\u00bb<\/p>\n<p><\/a><\/p>\n<p data-module=\"article-paragraph\" class=\"jsx-3046738180 Paragraph\">Mercredi, lors d&rsquo;une r\u00e9union \u00e0 Bercy avec plusieurs membres du gouvernement et les repr\u00e9sentants du patronat et des fili\u00e8res professionnelles, le ministre de l&rsquo;\u00c9conomie Eric Lombard avait assur\u00e9 que l&rsquo;Europe continuait \u00ab\u00a0\u00e0 n\u00e9gocier avec les Am\u00e9ricains pour que si possible les spiritueux, peut-\u00eatre le vin, d&rsquo;autres secteurs soient exempt\u00e9s\u00a0\u00bb, sans citer explicitement le secteur pharmaceutique.\u00a0<\/p>\n<p data-module=\"article-paragraph\" class=\"jsx-3046738180 Paragraph\">\u00ab\u00a0Ce que nous poussons de fa\u00e7on tr\u00e8s claire, c&rsquo;est une exemption pour le secteur (&#8230;) des <a href=\"https:\/\/www.tf1info.fr\/economie\/droits-de-douane-guerre-commerciale-de-donald-trump-vins-spiritueux-alcool-automobile-textile-luxe-aeronautique-quel-impact-sur-l-emploi-a-l-echelle-de-la-france-de-l-europe-du-monde-des-etats-unis-2363264.html\" target=\"_blank\" rel=\"noopener\">vins et des spiritueux<\/a>, en plus de l&rsquo;a\u00e9ronautique\u00a0\u00bb, avait rench\u00e9ri le ministre du Commerce ext\u00e9rieur Laurent Saint-Martin. Lors de cette r\u00e9union, plusieurs fili\u00e8res, dont l&rsquo;alimentaire, les cosm\u00e9tiques ou la viticulture, ont alert\u00e9 sur les pertes \u00e9conomiques \u00e0 pr\u00e9voir.\u00a0<\/p>\n<p data-module=\"article-paragraph\" class=\"jsx-3046738180 Paragraph Paragraph__End\">\u00ab\u00a0Les n\u00e9gociations avec les \u00c9tats-Unis ne font que commencer sur la base de l&rsquo;accord qui a \u00e9t\u00e9 mis en place dimanche\u00a0\u00bb, avait assur\u00e9 Eric Lombard, tout en reconnaissant que le taux de 15% de droits de douane constituait une \u00ab\u00a0d\u00e9ception\u00a0\u00bb. \u00ab\u00a0Tout sera fait vendredi\u00a0\u00bb, a toutefois assur\u00e9 le secr\u00e9taire am\u00e9ricain au Commerce, Howard Lutnick. \u00ab\u00a0Le 1er ao\u00fbt est le jour o\u00f9 nous mettons en place ces taux et ils ne seront plus sujets \u00e0 discussion apr\u00e8s\u00a0\u00bb, a-t-il ajout\u00e9.\u00a0<\/p>\n<p>M.T avec AFP<\/p>\n","protected":false},"excerpt":{"rendered":"Plusieurs secteurs essentiels de l&rsquo;\u00e9conomie europ\u00e9enne seront concern\u00e9s par des droits de douane am\u00e9ricains de 15%. Dans ce&hellip;\n","protected":false},"author":2,"featured_media":286927,"comment_status":"","ping_status":"","sticky":false,"template":"","format":"standard","meta":{"footnotes":""},"categories":[4],"tags":[1111,11,1921,73,1011,27,1922,3078,12,25,133,5642],"class_list":{"0":"post-286926","1":"post","2":"type-post","3":"status-publish","4":"format-standard","5":"has-post-thumbnail","7":"category-france","8":"tag-actu","9":"tag-actualites","10":"tag-article-video","11":"tag-etats-unis","12":"tag-fr","13":"tag-france","14":"tag-info","15":"tag-la-guerre-commerciale-de-donald-trump-contre-le-reste-du-monde","16":"tag-news","17":"tag-republique-francaise","18":"tag-video","19":"tag-video-economie"},"share_on_mastodon":{"url":"https:\/\/pubeurope.com\/@fr\/114948420814858215","error":""},"_links":{"self":[{"href":"https:\/\/www.europesays.com\/fr\/wp-json\/wp\/v2\/posts\/286926","targetHints":{"allow":["GET"]}}],"collection":[{"href":"https:\/\/www.europesays.com\/fr\/wp-json\/wp\/v2\/posts"}],"about":[{"href":"https:\/\/www.europesays.com\/fr\/wp-json\/wp\/v2\/types\/post"}],"author":[{"embeddable":true,"href":"https:\/\/www.europesays.com\/fr\/wp-json\/wp\/v2\/users\/2"}],"replies":[{"embeddable":true,"href":"https:\/\/www.europesays.com\/fr\/wp-json\/wp\/v2\/comments?post=286926"}],"version-history":[{"count":0,"href":"https:\/\/www.europesays.com\/fr\/wp-json\/wp\/v2\/posts\/286926\/revisions"}],"wp:featuredmedia":[{"embeddable":true,"href":"https:\/\/www.europesays.com\/fr\/wp-json\/wp\/v2\/media\/286927"}],"wp:attachment":[{"href":"https:\/\/www.europesays.com\/fr\/wp-json\/wp\/v2\/media?parent=286926"}],"wp:term":[{"taxonomy":"category","embeddable":true,"href":"https:\/\/www.europesays.com\/fr\/wp-json\/wp\/v2\/categories?post=286926"},{"taxonomy":"post_tag","embeddable":true,"href":"https:\/\/www.europesays.com\/fr\/wp-json\/wp\/v2\/tags?post=286926"}],"curies":[{"name":"wp","href":"https:\/\/api.w.org\/{rel}","templated":true}]}}