{"id":286936,"date":"2025-07-31T15:00:13","date_gmt":"2025-07-31T15:00:13","guid":{"rendered":"https:\/\/www.europesays.com\/fr\/286936\/"},"modified":"2025-07-31T15:00:13","modified_gmt":"2025-07-31T15:00:13","slug":"max-verstappen-confirme-enfin-quil-restera-avec-red-bull-en-2026","status":"publish","type":"post","link":"https:\/\/www.europesays.com\/fr\/286936\/","title":{"rendered":"Max Verstappen confirme enfin qu&rsquo;il restera avec Red Bull en 2026"},"content":{"rendered":"<p>Apr\u00e8s des mois de sp\u00e9culations et de rumeurs, <a href=\"https:\/\/fr.motorsport.com\/driver\/max-verstappen\/93029\/\" target=\"_blank\" rel=\"noopener\">Max Verstappen<\/a> a finalement d\u00e9cid\u00e9 de confirmer son engagement avec <a href=\"https:\/\/fr.motorsport.com\/team\/red-bull\/553\/\" target=\"_blank\" rel=\"noopener\">Red Bull<\/a> pour la saison 2026.<\/p>\n<p>Le N\u00e9erlandais \u00e9tait encore au c\u0153ur, ces derni\u00e8res semaines, de l&rsquo;actualit\u00e9 sur ce sujet, des bruits de couloir \u00e9voquant des discussions avec <a href=\"https:\/\/fr.motorsport.com\/team\/mercedes\/611\/\" target=\"_blank\" rel=\"noopener\">Mercedes<\/a> et son directeur Toto Wolff. Toutefois, ce jeudi dans le paddock du Hungaroring, le quadruple champion du monde a finalement ouvertement mis fin aux interrogations en vue de 2026.<\/p>\n<p>\u00ab\u00a0Je n&rsquo;ai jamais vraiment parl\u00e9 de \u00e7a parce que j&rsquo;\u00e9tais concentr\u00e9 sur les discussions avec l&rsquo;\u00e9quipe pour am\u00e9liorer nos performances et r\u00e9fl\u00e9chir \u00e0 des id\u00e9es pour l&rsquo;ann\u00e9e prochaine, donc je n&rsquo;avais rien \u00e0 ajouter\u00a0\u00bb, a-t-il d&rsquo;abord d\u00e9clar\u00e9, sans toutefois pr\u00e9ciser que son silence face \u00e0 des questions claires des m\u00e9dias entretenait aussi la rumeur.<\/p>\n<blockquote>\n<p>Il est temps de mettre fin \u00e0 toutes ces rumeurs. Pour moi, il a toujours \u00e9t\u00e9 clair que je restais.<\/p>\n<\/blockquote>\n<p>\u00ab\u00a0Mais je pense qu&rsquo;il est temps de mettre fin \u00e0 toutes ces rumeurs. Pour moi, il a toujours \u00e9t\u00e9 clair que je restais.\u00a0Je pense que c&rsquo;\u00e9tait aussi le sentiment g\u00e9n\u00e9ral au sein de l&rsquo;\u00e9quipe, car nous discutions toujours de ce que nous pouvions faire avec la voiture. Et quand on n&rsquo;est pas int\u00e9ress\u00e9 par le fait rester, on arr\u00eate aussi de parler de ce genre de choses, ce que je n&rsquo;ai jamais fait.\u00a0\u00bb<\/p>\n<p>Plus t\u00f4t dans la semaine, <strong>Motorsport.com<\/strong>\u00a0rapportait que les clauses de sortie du contrat de Verstappen avec Red Bull Racing &#8211; qui court jusqu&rsquo;en 2028 &#8211; <a href=\"https:\/\/fr.motorsport.com\/f1\/news\/verstappen-pas-activer-clause-sortie-red-bull-2026\/10746127\/\" target=\"_blank\" rel=\"noopener\">ne pourraient plus \u00eatre activ\u00e9es lors de la tr\u00eave<\/a> puisqu&rsquo;\u00e0 cette date, il figurera quoi qu&rsquo;il arrive dans le top 3 du <a href=\"https:\/\/fr.motorsport.com\/f1\/standings\/2025\/\" target=\"_self\" rel=\"noopener\">classement pilotes<\/a>.<\/p>\n<p>Il appara\u00eet que ces dispositions\u00a0pourraient \u00e9galement entrer en jeu l&rsquo;\u00e9t\u00e9 prochain. Lorsqu&rsquo;il lui a \u00e9t\u00e9 demand\u00e9 s&rsquo;il s&rsquo;attendait \u00e0 un niveau similaire d&rsquo;attention m\u00e9diatique dans 12 mois, il a r\u00e9pondu : \u00ab\u00a0Je ne sais pas. Je veux dire, si vous me posez cette question l&rsquo;ann\u00e9e prochaine, alors oui, et nous aurons ces sp\u00e9culations. Mais je n&rsquo;en parle jamais, car je pr\u00e9f\u00e8re me concentrer sur mes performances. C&rsquo;est pourquoi je ne parle jamais vraiment de ce qui se trouve dans mon contrat.\u00a0\u00bb<\/p>\n<p>Il faut cependant rappeler que, quoi qu&rsquo;il en soit, un d\u00e9part de l&rsquo;\u00e9curie autrichienne d\u00e8s la fin 2025 \u00e9tait peu probable, le N\u00e9erlandais pouvant se laisser le temps de voir qui prendra le meilleur d\u00e9part sous l&#8217;empire de la nouvelle r\u00e9glementation 2026 avant de d\u00e9cider de s&rsquo;engager pour 2027 et au-del\u00e0.<\/p>\n<p>Avec cette confirmation, les regards se tournent d\u00e9sormais vers Mercedes et le dossier de la reconduction \u00e9ventuelle des contrats de <a href=\"https:\/\/fr.motorsport.com\/driver\/george-russell\/96626\/\" target=\"_blank\" rel=\"noopener\">George Russell<\/a> et <a href=\"https:\/\/fr.motorsport.com\/driver\/kimi-antonelli\/947765\/\" target=\"_blank\" rel=\"noopener\">Kimi Antonelli<\/a>.<\/p>\n<p>Lire aussi :<\/p>\n<p>Dans cet article<\/p>\n<p>Soyez le premier inform\u00e9 et souscrivez aux alertes mails pour recevoir les infos en temps r\u00e9el<\/p>\n<p>    S&rsquo;abonner aux alertes de news<\/p>\n","protected":false},"excerpt":{"rendered":"Apr\u00e8s des mois de sp\u00e9culations et de rumeurs, Max Verstappen a finalement d\u00e9cid\u00e9 de confirmer son engagement avec&hellip;\n","protected":false},"author":2,"featured_media":286937,"comment_status":"","ping_status":"","sticky":false,"template":"","format":"standard","meta":{"footnotes":""},"categories":[1412],"tags":[1451,1452,1453,1454,1455,1011,27,21746,42060,2236,2255,60],"class_list":{"0":"post-286936","1":"post","2":"type-post","3":"status-publish","4":"format-standard","5":"has-post-thumbnail","7":"category-f1","8":"tag-f1","9":"tag-formula-1","10":"tag-formula1","11":"tag-formule-1","12":"tag-formule1","13":"tag-fr","14":"tag-france","15":"tag-gp-de-hongrie","16":"tag-hungaroring","17":"tag-max-verstappen","18":"tag-red-bull","19":"tag-sports"},"share_on_mastodon":{"url":"https:\/\/pubeurope.com\/@fr\/114948448188696320","error":""},"_links":{"self":[{"href":"https:\/\/www.europesays.com\/fr\/wp-json\/wp\/v2\/posts\/286936","targetHints":{"allow":["GET"]}}],"collection":[{"href":"https:\/\/www.europesays.com\/fr\/wp-json\/wp\/v2\/posts"}],"about":[{"href":"https:\/\/www.europesays.com\/fr\/wp-json\/wp\/v2\/types\/post"}],"author":[{"embeddable":true,"href":"https:\/\/www.europesays.com\/fr\/wp-json\/wp\/v2\/users\/2"}],"replies":[{"embeddable":true,"href":"https:\/\/www.europesays.com\/fr\/wp-json\/wp\/v2\/comments?post=286936"}],"version-history":[{"count":0,"href":"https:\/\/www.europesays.com\/fr\/wp-json\/wp\/v2\/posts\/286936\/revisions"}],"wp:featuredmedia":[{"embeddable":true,"href":"https:\/\/www.europesays.com\/fr\/wp-json\/wp\/v2\/media\/286937"}],"wp:attachment":[{"href":"https:\/\/www.europesays.com\/fr\/wp-json\/wp\/v2\/media?parent=286936"}],"wp:term":[{"taxonomy":"category","embeddable":true,"href":"https:\/\/www.europesays.com\/fr\/wp-json\/wp\/v2\/categories?post=286936"},{"taxonomy":"post_tag","embeddable":true,"href":"https:\/\/www.europesays.com\/fr\/wp-json\/wp\/v2\/tags?post=286936"}],"curies":[{"name":"wp","href":"https:\/\/api.w.org\/{rel}","templated":true}]}}