{"id":286938,"date":"2025-07-31T15:01:13","date_gmt":"2025-07-31T15:01:13","guid":{"rendered":"https:\/\/www.europesays.com\/fr\/286938\/"},"modified":"2025-07-31T15:01:13","modified_gmt":"2025-07-31T15:01:13","slug":"cyclisme-criterium-dorian-godon-et-justine-gegu-les-vainqueurs-du-critostar-2025","status":"publish","type":"post","link":"https:\/\/www.europesays.com\/fr\/286938\/","title":{"rendered":"Cyclisme. Crit\u00e9rium &#8211; Dorian Godon et Justine Gegu, les vainqueurs du Crito&rsquo;Star 2025"},"content":{"rendered":"<p>La valse des <strong>Crit\u00e9rium d&rsquo;apr\u00e8s Tour de France<\/strong> est lanc\u00e9e ! Au lendemain de la victoire de <strong><a href=\"https:\/\/www.cyclismactu.net\/..\/news-criterium-route-en-jaune-ben-healy-a-fait-show-sur-criterium-de-lisieux-89337.html\" target=\"_blank\" rel=\"nofollow noopener\">Ben Healy<\/a><\/strong> \u00e0 Lisieux, le\u00a0<strong><a href=\"https:\/\/www.cyclismactu.net\/..\/news-criterium-route-derny-duos-mixtes-legendes-du-velo-show-crito-star-ce-soir-89314.html\" target=\"_blank\" rel=\"nofollow noopener\">Crito\u2019Star<\/a><\/strong>\u00a0(seul\u00a0crit\u00e9rium cycliste professionnel derri\u00e8re derny\u00a0en r\u00e9gion parisienne) avait lieu \u00e0\u00a0Choisy-le-Roi\u00a0ce\u00a0mercredi 30 juillet 2025, pour une \u00e9dition\u00a0exceptionnelle organis\u00e9e dans un format spectaculaire et in\u00e9dit : les\u00a0grands noms du peloton s&rsquo;\u00e9lan\u00e7aient ainsi derri\u00e8re les mythiques motos Derny&#8230; mais en duos mixtes (11 au d\u00e9part) ! Apr\u00e8s plusieurs tours d&rsquo;un circuit rapide et nerveux de\u00a01,8 km en bord de Seine, cette 9e \u00e9dition a \u00e9t\u00e9 remport\u00e9e par le duo form\u00e9 par le champion de France <strong>Dorian Godon<\/strong> (Decathlon AG2R La Mondiale) et <strong>Justine Gegu<\/strong>, espoir du cyclisme f\u00e9minin. Ils ont devanc\u00e9 au finish la paire compos\u00e9e d&rsquo;<strong>Arnaud D\u00e9mare<\/strong> (Ark\u00e9aa-B&amp;B H\u00f4tel) et d&rsquo;<strong>Eug\u00e9nie Duval<\/strong> (FDJ-SUEZ), le tenant du titre <strong>Hugo Page<\/strong> (Intermarch\u00e9-Wanty) montant lui sur la 3e marche du podium avec\u00a0<strong>Coralie Demay<\/strong>\u00a0(FDJ-SUEZ).<\/p>\n<p>Vid\u00e9o &#8211; Dorian Godon le champion de France a remport\u00e9 le Crito&rsquo;Star Lire la suite de l&rsquo;article&#13;<\/p>\n<p>\u00a0<\/p>\n<p>&#13;<br \/>\nLa liste des Crit\u00e9riums 2025 :&#13;<\/p>\n<p>&#8211;\u00a0<strong>Crit\u00e9rium de Lisieux<\/strong> : 29 juillet 2025 (14)<br \/>Vainqueur : <strong><a href=\"https:\/\/www.cyclismactu.net\/..\/news-criterium-route-en-jaune-ben-healy-a-fait-show-sur-criterium-de-lisieux-89337.html\" target=\"_blank\" rel=\"nofollow noopener\">Ben Healy<\/a><\/strong> (EF Education-EasyPost)<\/p>\n<p>&#13;<\/p>\n<p>&#8211; <strong>Crito\u2019Star<\/strong> : 30 juillet 2025 (75)<br \/>Vainqueurs (duo mixte) :\u00a0<strong>Dorian Godon<\/strong>\u00a0(Decathlon AG2R La Mondiale) et\u00a0<strong>Justine Gegu<\/strong><\/p>\n<p>&#13;<\/p>\n<p>&#8211; <strong>Crit\u00e9rium de Dijon<\/strong> : 31 juillet 2025 (21)<br \/>Vainqueur :<\/p>\n<p>&#13;<\/p>\n<p>&#8211; <strong>La Ronde d\u2019AIX<\/strong> : 1er ao\u00fbt 2025 (13)<br \/>Vainqueur :<\/p>\n<p>&#13;<\/p>\n<p>&#8211; <strong>Crit\u00e9rium Cycliste International Grand D\u00f4le COLRUYT<\/strong> : 2 ao\u00fbt 2025 (39)<br \/>Vainqueur :<\/p>\n<p>&#13;<\/p>\n<p>&#8211; <strong>5\u00e8me Tour PMA Crit\u00e9rium Pro<\/strong> : 3 ao\u00fbt 2025 (25)<br \/>Vainqueur :<\/p>\n<p>&#13;<\/p>\n<p>&#8211; <strong>Crit\u00e9rium de Colmar<\/strong> : 4 ao\u00fbt 2025 (68)<br \/>Vainqueur :<\/p>\n<p>&#13;<\/p>\n<p>&#8211; <strong>Crit\u00e9rium de Saint Seurin sur l\u2019Isle<\/strong> : 5 ao\u00fbt 2025 (33)<br \/>Vainqueur :<\/p>\n<p>&#13;<\/p>\n<p>&#8211; <strong>Crit\u00e9rium de Marcol\u00e8s<\/strong> : 6 ao\u00fbt 2025 (15)<br \/>Vainqueur :<\/p>\n<p>&#13;<\/p>\n<p>&#8211; <strong>Crit\u00e9rium D\u2019Avermes Porte de l\u2019Allier<\/strong> : 7 ao\u00fbt 2025 (03)<br \/>Vainqueur :<\/p>\n<p>&#13;<\/p>\n<p>&#8211; <strong>Crit\u00e9rium Arc-en-Ciel Saint-Amand Montrond<\/strong> : 8 ao\u00fbt 2025 (18)<br \/>Vainqueur :<\/p>\n<p>&#13;<\/p>\n<p>&#8211; <strong>Crit\u00e9rium de Dun le Palestel<\/strong> : 9 ao\u00fbt 2025 (23)<br \/>Vainqueur :<\/p>\n<p>&#13;<\/p>\n<p>&#8211; <strong>Crit\u00e9rium de Quillan<\/strong> : 15 ao\u00fbt 2025 (11)<br \/>Vainqueur :<\/p>\n<p>&#13;<\/p>\n<p>&#8211; <strong>Crit\u00e9rium de Bretagne<\/strong> : 24 ao\u00fbt 2025 (35) &#8211; Nouveau : Crit\u00e9rium Cycliste F\u00e9minin<br \/>Vainqueur :<\/p>\n<p>&#13;<\/p>\n<p>&#8211; <strong>La Ronde des Sources<\/strong> : 29 ao\u00fbt 2025 (59)<br \/>Vainqueur :<\/p>\n<p>&#13;<\/p>\n<blockquote\/><p>&#13;<\/p>\n<p>\u00a0<\/p>\n<p>&#13;<\/p>\n<p>Pour votre rappel et information, l&rsquo;<strong><a href=\"https:\/\/www.acpfcriteriums.fr\/\" target=\"_blank\" rel=\"nofollow noopener\">Association des Crit\u00e9riums Professionnel Fran\u00e7ais<\/a>\u00a0(<a href=\"https:\/\/www.acpfcriteriums.fr\/\" target=\"_blank\" rel=\"nofollow noopener\">ACPF<\/a>)\u00a0<\/strong>organise chaque ann\u00e9e les diff\u00e9rents\u00a0<strong>Crit\u00e9riums<\/strong>\u00a0en France d&rsquo;apr\u00e8s<strong>\u00a0Tour de France<\/strong>.\u00a0\u00ab\u00a0C\u2019est avec une grande impatience que nous vous attendons ces Crit\u00e9riums Cyclistes Professionnels qui se d\u00e9rouleront apr\u00e8s le\u00a0<strong>Tour de<\/strong>\u00a0<strong>France 2025<\/strong>, explique l<a href=\"https:\/\/www.acpfcriteriums.fr\/\" target=\"_blank\" rel=\"nofollow noopener\">&lsquo;ACPF<\/a>.\u00a0On a d\u00e9sormais a \u00e9tabli un partenariat strat\u00e9gique avec\u00a0<a href=\"https:\/\/www.cyclismactu.net\/..\/\" target=\"_blank\" rel=\"nofollow noopener\">Cyclism\u2019Actu<\/a>. Cette \u00e9dition 2025, riche en \u00e9v\u00e9nements, comptera\u00a0<strong>14 \u00e9preuves<\/strong>\u00a0captivantes \u00e0 travers la France, offrant aux cyclistes l\u2019occasion de briller sur des parcours vari\u00e9s et de mettre en avant leurs talents et d\u2019\u00eatre au plus proche des spectateurs. Cette ann\u00e9e vient s\u2019inscrire un nouveau au calendrier baptis\u00e9e\u00a0<strong>Crit\u00e9rium de<\/strong>\u00a0<strong>Bretagne<\/strong>\u00a0qui se d\u00e9roule \u00e0\u00a0<strong>Javen\u00e9<\/strong>, r\u00e9gion plus repr\u00e9sent\u00e9e depuis l\u2019arr\u00eat de Camors en 2022. Malheureusement, cette p\u00e9riode de renouveau s\u2019accompagne \u00e9galement de l\u2019arr\u00eat d&rsquo;un Crit\u00e9rium embl\u00e9matiques :<strong>\u00a0Vayrac<\/strong>.\u00a0\u00bb<\/p>\n","protected":false},"excerpt":{"rendered":"La valse des Crit\u00e9rium d&rsquo;apr\u00e8s Tour de France est lanc\u00e9e ! Au lendemain de la victoire de Ben&hellip;\n","protected":false},"author":2,"featured_media":286939,"comment_status":"","ping_status":"","sticky":false,"template":"","format":"standard","meta":{"footnotes":""},"categories":[1411],"tags":[42572,1154,207,211,1011,27,209,60,210,212,208,213],"class_list":{"0":"post-286938","1":"post","2":"type-post","3":"status-publish","4":"format-standard","5":"has-post-thumbnail","7":"category-cyclisme","8":"tag-criterium","9":"tag-cycling","10":"tag-cyclisme","11":"tag-ffc","12":"tag-fr","13":"tag-france","14":"tag-route","15":"tag-sports","16":"tag-tour-de-france","17":"tag-uci","18":"tag-velo","19":"tag-world-tour"},"share_on_mastodon":{"url":"https:\/\/pubeurope.com\/@fr\/114948452142617172","error":""},"_links":{"self":[{"href":"https:\/\/www.europesays.com\/fr\/wp-json\/wp\/v2\/posts\/286938","targetHints":{"allow":["GET"]}}],"collection":[{"href":"https:\/\/www.europesays.com\/fr\/wp-json\/wp\/v2\/posts"}],"about":[{"href":"https:\/\/www.europesays.com\/fr\/wp-json\/wp\/v2\/types\/post"}],"author":[{"embeddable":true,"href":"https:\/\/www.europesays.com\/fr\/wp-json\/wp\/v2\/users\/2"}],"replies":[{"embeddable":true,"href":"https:\/\/www.europesays.com\/fr\/wp-json\/wp\/v2\/comments?post=286938"}],"version-history":[{"count":0,"href":"https:\/\/www.europesays.com\/fr\/wp-json\/wp\/v2\/posts\/286938\/revisions"}],"wp:featuredmedia":[{"embeddable":true,"href":"https:\/\/www.europesays.com\/fr\/wp-json\/wp\/v2\/media\/286939"}],"wp:attachment":[{"href":"https:\/\/www.europesays.com\/fr\/wp-json\/wp\/v2\/media?parent=286938"}],"wp:term":[{"taxonomy":"category","embeddable":true,"href":"https:\/\/www.europesays.com\/fr\/wp-json\/wp\/v2\/categories?post=286938"},{"taxonomy":"post_tag","embeddable":true,"href":"https:\/\/www.europesays.com\/fr\/wp-json\/wp\/v2\/tags?post=286938"}],"curies":[{"name":"wp","href":"https:\/\/api.w.org\/{rel}","templated":true}]}}