{"id":286942,"date":"2025-07-31T15:03:15","date_gmt":"2025-07-31T15:03:15","guid":{"rendered":"https:\/\/www.europesays.com\/fr\/286942\/"},"modified":"2025-07-31T15:03:15","modified_gmt":"2025-07-31T15:03:15","slug":"carole-bouquet-une-maison-et-un-vignoble-a-quoi-ressemble-son-superbe-domaine-italien-de-pantelleria","status":"publish","type":"post","link":"https:\/\/www.europesays.com\/fr\/286942\/","title":{"rendered":"Carole Bouquet : une maison et un vignoble&#8230; \u00e0 quoi ressemble son superbe domaine italien de Pantelleria ?"},"content":{"rendered":"<p class=\"p1\">C&rsquo;est un endroit o\u00f9 elle aime se ressourcer. Depuis<br \/>\nla fin des ann\u00e9es 1990, <a href=\"https:\/\/www.closermag.fr\/people\/carole-bouquet-en-deuil-son-ex-pere-de-son-fils-meconnu-louis-giacobetti-est-mort-3553149\" target=\"_blank\" rel=\"noopener\"><br \/>\nCarole Bouquet<\/a> <strong>a une maison secondaire sur l&rsquo;\u00eele<br \/>\nvolcanique de Pantelleria<\/strong>, situ\u00e9e entre la Sicile et la<br \/>\nTunisie. Chaque ann\u00e9e, elle passe trois \u00e0 quatre mois loin de la<br \/>\nFrance pour profiter de son domaine italien, nich\u00e9 entre la mer,<br \/>\nles vignes et les montagnes.<\/p>\n<p class=\"p1\">Dans un entretien accord\u00e9 en d\u00e9cembre 2024 au<br \/>\nFigaro, l\u2019actrice s\u2019est confi\u00e9e sur <strong>son amour pour<br \/>\nl\u2019Italie<\/strong>. \u201cL\u2019histoire a commenc\u00e9 parce que je suis<br \/>\ntomb\u00e9e amoureuse de cet endroit. Je suis all\u00e9e l\u2019acheter, mais sans<br \/>\nle dire, en cachette. C\u2019\u00e9tait, pour moi, ma fa\u00e7on de dire que<br \/>\nj\u2019\u00e9tais italienne\u201d.<\/p>\n<p>Carole Bouquet produit son propre vin<\/p>\n<p class=\"p1\">Lorsqu\u2019elle s\u2019est install\u00e9e \u00e0 Pantelleria, Carole<br \/>\nBouquet a <strong>acquis une maison<\/strong> de \u201cquatre<br \/>\nmurs\u201d, avant d\u2019en faire son jardin secret. Avec le temps, la<br \/>\nmaison de pierre a \u00e9t\u00e9 r\u00e9nov\u00e9e et elle lui permet d\u00e9sormais de<br \/>\nrecevoir. Son domaine s\u2019\u00e9tend d\u2019ailleurs sur plusieurs hectares<br \/>\npuisqu\u2019elle s\u2019est <strong>lanc\u00e9e dans la viticulture<\/strong>.<\/p>\n<p class=\"p1\">Avec l\u2019aide de locaux, l\u2019ancienne compagne de<br \/>\n<a href=\"https:\/\/www.closermag.fr\/people\/affaire-gerard-depardieu-les-discussions-secretes-de-carole-bouquet-devoilees-3489110\" target=\"_blank\" rel=\"noopener\"><br \/>\nG\u00e9rard Depardieu<\/a> a \u201cremis les vignes en l\u2019\u00e9tat\u201d et a<br \/>\nrelanc\u00e9 la production de <strong>passito<\/strong>, un vin doux.<br \/>\nChaque ann\u00e9e, son vignoble produit ainsi <strong>14.000<br \/>\nbouteilles<\/strong> sous la marque \u201cSangue d\u2019Oro\u201d. Un<br \/>\nproduit qui fait d\u2019ailleurs sa fiert\u00e9 alors que \u201c80\u00a0% du<br \/>\ntravail se fait \u00e0 la main\u201d.<\/p>\n<p>L\u2019actrice re\u00e7oit ses proches dans sa<br \/>\nmaison italienne<\/p>\n<p class=\"p1\">En plus de produire du vin \u00e0 Pantelleria, Carole<br \/>\nBouquet aime <strong>recevoir ses proches<\/strong>. Chaque ann\u00e9e,<br \/>\nsa petite maison lui permet d\u2019accueillir <a href=\"https:\/\/www.closermag.fr\/people\/dimitri-rassam-ce-reproche-quil-fait-a-sa-mere-carole-bouquet-3509906\" target=\"_blank\" rel=\"noopener\"><br \/>\nses enfants<\/a>, mais aussi ses petits-enfants, Dasha, Balthazar,<br \/>\nGaia et Paloma.<\/p>\n<p class=\"p1\">Dans un entretien \u00e0 Madame Figaro, la femme<br \/>\nde 67 ans a confi\u00e9 \u00e0 ce propos : \u201cJe donne du temps \u00e0 la<br \/>\npeinture, la sculpture, la marche, et \u00e0 mes petits-enfants avec qui<br \/>\nje passe un mois par an, en Italie\u2026 J\u2019aimerais les voir davantage,<br \/>\nmais mon temps est moins organis\u00e9 aujourd\u2019hui qu\u2019il ne l\u2019\u00e9tait<br \/>\nquand mes enfants \u00e9taient jeunes. Prendre de l\u2019\u00e2ge, c\u2019est aussi<br \/>\n\u00e7a\u00a0: moins de contraintes \u2018ext\u00e9rieures\u2019 et plus de libert\u00e9<br \/>\npour ne penser parfois qu\u2019\u00e0 soi\u201d. Un refuge qui lui permet<br \/>\ndonc de passer des <strong>moments privil\u00e9gi\u00e9s<\/strong> en<br \/>\nfamille.<\/p>\n<p>Diaporama<br \/>\n<img decoding=\"async\" class=\"diapo_img img-responsive lazy-load\" loading=\"lazy\" src=\"https:\/\/www.europesays.com\/fr\/wp-content\/uploads\/2025\/07\/carole-bouquet.jpg\"\/><\/p>\n<p>YouTube Le Figaro Vin<\/p>\n<p>1\/6 Carole Bouquet poss\u00e8de une r\u00e9sidence<br \/>\nsecondaire<\/p>\n<p>Depuis la fin des ann\u00e9es 1990, Carole Bouquet<br \/>\nposs\u00e8de une r\u00e9sidence secondaire sur l\u2019\u00eele volcanique de<br \/>\nPantelleria, entre la Sicile et la Tunisie. Trois \u00e0 quatre mois par<br \/>\nan, elle quitte ainsi la France pour retrouver son domaine italien,<br \/>\nsitu\u00e9 entre mer, vignes et montagne.<\/p>\n<p><img decoding=\"async\" class=\"diapo_img img-responsive lazy-load\" loading=\"lazy\" src=\"https:\/\/www.europesays.com\/fr\/wp-content\/uploads\/2025\/07\/carole-bouquet-3.png\"\/><\/p>\n<p>JACOVIDES-MOREAU \/ BESTIMAGE<\/p>\n<p>2\/6 Carole Bouquet aime vivre en Italie<\/p>\n<p>Dans un entretien accord\u00e9 en d\u00e9cembre 2024 au<br \/>\nFigaro, l\u2019actrice s\u2019est confi\u00e9e sur son amour pour l\u2019Italie.<br \/>\n\u201cL\u2019histoire a commenc\u00e9 parce que je suis tomb\u00e9e amoureuse de cet<br \/>\nendroit. Je suis all\u00e9e l\u2019acheter, mais sans le dire, en cachette.<br \/>\nC\u2019\u00e9tait pour moi, ma fa\u00e7on de dire que j\u2019\u00e9tais<br \/>\nitalienne\u201d.<\/p>\n<p><img decoding=\"async\" class=\"diapo_img img-responsive lazy-load\" loading=\"lazy\" src=\"https:\/\/www.europesays.com\/fr\/wp-content\/uploads\/2025\/07\/carole-bouquet-2.png\"\/><\/p>\n<p>YouTube Le Figaro Vin<\/p>\n<p>3\/6 L&rsquo;actrice a achet\u00e9 une maison de<br \/>\npierre<\/p>\n<p>Lorsqu\u2019elle s\u2019est install\u00e9e \u00e0 Pantelleria,<br \/>\nCarole Bouquet a acquis une maison de \u201cquatre murs\u201d, avant d\u2019en<br \/>\nfaire son jardin secret. Avec le temps, la maison de pierre a \u00e9t\u00e9<br \/>\nr\u00e9nov\u00e9e et elle lui permet d\u00e9sormais de recevoir.<\/p>\n<p><img decoding=\"async\" class=\"diapo_img img-responsive lazy-load\" loading=\"lazy\" src=\"https:\/\/www.europesays.com\/fr\/wp-content\/uploads\/2025\/07\/carole-bouquet-5.png\"\/><\/p>\n<p>YouTube Le Figaro Vin<\/p>\n<p>4\/6 Carole Bouquet s&rsquo;est lanc\u00e9e dans la<br \/>\nviticulture<\/p>\n<p>Son domaine s\u2019\u00e9tend d\u2019ailleurs sur plusieurs<br \/>\nhectares puisqu\u2019elle s\u2019est lanc\u00e9e dans la production de vin. Avec<br \/>\nl\u2019aide de locaux, l\u2019ancienne compagne de G\u00e9rard Depardieu a \u201cremis<br \/>\nles vignes en l\u2019\u00e9tat\u201d et a relanc\u00e9 la production de passito, un vin<br \/>\ndoux.<\/p>\n<p><img decoding=\"async\" class=\"diapo_img img-responsive lazy-load\" loading=\"lazy\" src=\"https:\/\/www.europesays.com\/fr\/wp-content\/uploads\/2025\/07\/carole-bouquet-4.png\"\/><\/p>\n<p>YouTube Le Figaro Vin<\/p>\n<p>5\/6 Le vin de Carole Bouquet est produit sur<br \/>\nson domaine<\/p>\n<p>Chaque ann\u00e9e, son vignoble produit ainsi 14.000<br \/>\nbouteilles sous la marque \u201cSangue d\u2019Oro\u201d. Un produit qui fait<br \/>\nd\u2019ailleurs sa fiert\u00e9 alors que \u201c80\u00a0% du travail se fait \u00e0 la<br \/>\nmain\u201d. En plus de produire du vin \u00e0 Pantelleria, Carole Bouquet<br \/>\naime recevoir ses proches.<\/p>\n<p><img decoding=\"async\" class=\"diapo_img img-responsive lazy-load\" loading=\"lazy\" src=\"https:\/\/www.europesays.com\/fr\/wp-content\/uploads\/2025\/07\/carole-bouquet-1.png\"\/><\/p>\n<p>YouTube Le Figaro Vin<\/p>\n<p>6\/6 Carole Bouquet est proche de sa<br \/>\nfamille<\/p>\n<p>Chaque ann\u00e9e, sa petite maison lui permet<br \/>\nd\u2019accueillir ses enfants, mais aussi ses petits-enfants, Dasha,<br \/>\nBalthazar, Gaia et Paloma. Ceux-ci passent \u201cun mois par an\u201d avec<br \/>\nelle, en Italie. Un refuge qui lui permet donc de passer des<br \/>\nmoments privil\u00e9gi\u00e9s en famille.<\/p>\n","protected":false},"excerpt":{"rendered":"C&rsquo;est un endroit o\u00f9 elle aime se ressourcer. Depuis la fin des ann\u00e9es 1990, Carole Bouquet a une&hellip;\n","protected":false},"author":2,"featured_media":286943,"comment_status":"","ping_status":"","sticky":false,"template":"","format":"standard","meta":{"footnotes":""},"categories":[1359],"tags":[42573,58,59,1011,27,1638,973,6055],"class_list":{"0":"post-286942","1":"post","2":"type-post","3":"status-publish","4":"format-standard","5":"has-post-thumbnail","7":"category-people","8":"tag-carole-bouquet","9":"tag-divertissement","10":"tag-entertainment","11":"tag-fr","12":"tag-france","13":"tag-has_diapo","14":"tag-people","15":"tag-republishing"},"share_on_mastodon":{"url":"https:\/\/pubeurope.com\/@fr\/114948460428339920","error":""},"_links":{"self":[{"href":"https:\/\/www.europesays.com\/fr\/wp-json\/wp\/v2\/posts\/286942","targetHints":{"allow":["GET"]}}],"collection":[{"href":"https:\/\/www.europesays.com\/fr\/wp-json\/wp\/v2\/posts"}],"about":[{"href":"https:\/\/www.europesays.com\/fr\/wp-json\/wp\/v2\/types\/post"}],"author":[{"embeddable":true,"href":"https:\/\/www.europesays.com\/fr\/wp-json\/wp\/v2\/users\/2"}],"replies":[{"embeddable":true,"href":"https:\/\/www.europesays.com\/fr\/wp-json\/wp\/v2\/comments?post=286942"}],"version-history":[{"count":0,"href":"https:\/\/www.europesays.com\/fr\/wp-json\/wp\/v2\/posts\/286942\/revisions"}],"wp:featuredmedia":[{"embeddable":true,"href":"https:\/\/www.europesays.com\/fr\/wp-json\/wp\/v2\/media\/286943"}],"wp:attachment":[{"href":"https:\/\/www.europesays.com\/fr\/wp-json\/wp\/v2\/media?parent=286942"}],"wp:term":[{"taxonomy":"category","embeddable":true,"href":"https:\/\/www.europesays.com\/fr\/wp-json\/wp\/v2\/categories?post=286942"},{"taxonomy":"post_tag","embeddable":true,"href":"https:\/\/www.europesays.com\/fr\/wp-json\/wp\/v2\/tags?post=286942"}],"curies":[{"name":"wp","href":"https:\/\/api.w.org\/{rel}","templated":true}]}}