{"id":286954,"date":"2025-07-31T15:09:09","date_gmt":"2025-07-31T15:09:09","guid":{"rendered":"https:\/\/www.europesays.com\/fr\/286954\/"},"modified":"2025-07-31T15:09:09","modified_gmt":"2025-07-31T15:09:09","slug":"un-cas-autochtone-de-chikungunya-detecte-dans-les-pyrenees-atlantiques-ce-quil-faut-savoir","status":"publish","type":"post","link":"https:\/\/www.europesays.com\/fr\/286954\/","title":{"rendered":"Un cas autochtone de chikungunya d\u00e9tect\u00e9 dans les Pyr\u00e9n\u00e9es-Atlantiques\u00a0: ce qu\u2019il faut savoir"},"content":{"rendered":"<p>Ce premier cas a \u00e9t\u00e9 confirm\u00e9 par <a href=\"https:\/\/cnr-arbovirus.fr\/public\/\" target=\"_blank\" rel=\"nofollow noopener\">le laboratoire sp\u00e9cialis\u00e9 CNR arbovirose<\/a> le 29\u00a0juillet. La personne infect\u00e9e a sa r\u00e9sidence \u00e0 Hendaye, mais a circul\u00e9, pour ses activit\u00e9s professionnelles, dans la r\u00e9gion de Saint-S\u00e9bastien. <\/p>\n<p>Son \u00e9tat de sant\u00e9 n\u2019inspire pas d\u2019inqui\u00e9tudes, indiquent les autorit\u00e9s sanitaires.<\/p>\n<p>Qu\u2019est-ce qu\u2019un cas autochtone\u00a0?<\/p>\n<p>\u00ab\u00a0Des mesures imm\u00e9diates ont \u00e9t\u00e9 mises en \u0153uvre pour limiter tout risque de propagation\u00a0\u00bb indique l\u2019ARS. Pour rappel, le chikungunya\u00a0se transmet de personne \u00e0 personne, uniquement par l\u2019interm\u00e9diaire de la piq\u00fbre d\u2019un moustique (moustique tigre pr\u00e9sent en m\u00e9tropole) infect\u00e9 par le virus du chikungunya.<\/p>\n<p>On parle de cas autochtone quand une personne\u00a0a contract\u00e9 la maladie sur le territoire national et n\u2019a pas voyag\u00e9 en zone contamin\u00e9e dans les 15 jours pr\u00e9c\u00e9dant l\u2019apparition des sympt\u00f4mes.<\/p>\n<p>Op\u00e9ration de d\u00e9moustication<\/p>\n<p>Pour \u00e9viter la propagation de la maladie,<a href=\"https:\/\/www.altopictus.fr\/\" target=\"_blank\" rel=\"nofollow noopener\"> Altopictus<\/a>, qui est l\u2019op\u00e9rateur de suivi entomologique du moustique tigre dans les Pyr\u00e9n\u00e9es-Atlantiques, va r\u00e9aliser des op\u00e9rations de d\u00e9moustication dans plusieurs lieux fr\u00e9quent\u00e9s par la personne \u00e0 Hendaye. \u00ab\u00a0L\u2019objectif\u00a0est d\u2019\u00e9liminer les g\u00eetes larvaires et les moustiques adultes qui peuvent transmettre le virus.\u00a0\u00bb<\/p>\n<p>    La r\u00e9daction vous conseille<\/p>\n<p>De plus, une enqu\u00eate en porte \u00e0 porte sera r\u00e9alis\u00e9e par l\u2019ARS Nouvelle-Aquitaine et Sant\u00e9 publique France, en collaboration avec la mairie concern\u00e9e. <\/p>\n<p>\u00ab\u00a0L\u2019objectif est d\u2019identifier des personnes qui auraient pr\u00e9sent\u00e9 dans les semaines pr\u00e9c\u00e9dentes ou qui pr\u00e9senteraient actuellement des sympt\u00f4mes \u00e9vocateurs du chikungunya\u00a0: fi\u00e8vre sup\u00e9rieure \u00e0 38,5\u00a0\u00b0C, douleurs articulaires, \u00e9ruption cutan\u00e9e, fatigue, douleurs musculaires, et les informer sur la conduite \u00e0 tenir.\u00a0\u00bb<\/p>\n<p>Mobilisation des professionnels de sant\u00e9<\/p>\n<p>Enfin, les h\u00f4pitaux, les m\u00e9decins lib\u00e9raux, les pharmaciens et les laboratoires d\u2019analyse m\u00e9dicale du secteur se mobilisent \u00e9galement pour prendre en charge, d\u00e9pister et rappeler les mesures de pr\u00e9vention aux personnes qui pourraient pr\u00e9senter les sympt\u00f4mes du chikungunya.<\/p>\n<p>Par ailleurs, la gestion de cas transfrontaliers se fait en \u00e9troite collaboration entre les administrations fran\u00e7aises et espagnoles. Des \u00e9pid\u00e9miologistes du d\u00e9partement de sant\u00e9 de Saint-S\u00e9bastien ont ainsi men\u00e9 des enqu\u00eates de terrain afin d\u2019\u00e9valuer le risque sanitaire pour la population.<\/p>\n<p>    \u00c0 Hendaye, l\u2019application d\u2019un r\u00e9pulsif cutan\u00e9 est recommand\u00e9e<br \/>\nL\u2019ARS Nouvelle-Aquitaine assure la surveillance du moustique tigre et collabore avec les collectivit\u00e9s pour mettre en place des mesures de lutte.<br \/>Pour se prot\u00e9ger des piq\u00fbres\u00a0: installer des moustiquaires pour les nourrissons et les personnes alit\u00e9es. Porter des v\u00eatements couvrants et amples. Utiliser un ventilateur pour \u00e9loigner les moustiques. \u00c0 Hendaye, l\u2019application d\u2019un r\u00e9pulsif cutan\u00e9 est recommand\u00e9e, notamment le matin et en fin de journ\u00e9e, apr\u00e8s avis d\u2019un pharmacien.<br \/>Pour plus d\u2019informations, l\u2019ARS diffuse chaque ann\u00e9e une campagne de communication et met \u00e0 disposition des mairies une plateforme d\u00e9di\u00e9e\u00a0: <a href=\"https:\/\/www.nouvelle-aquitaine.ars.sante.fr\/moustique-tigre\" target=\"_blank\" rel=\"nofollow noopener\">Moustique Tigre \u2013 Sant\u00e9 Environnement Nouvelle-Aquitaine.<\/a><\/p>\n","protected":false},"excerpt":{"rendered":"Ce premier cas a \u00e9t\u00e9 confirm\u00e9 par le laboratoire sp\u00e9cialis\u00e9 CNR arbovirose le 29\u00a0juillet. La personne infect\u00e9e a&hellip;\n","protected":false},"author":2,"featured_media":286955,"comment_status":"","ping_status":"","sticky":false,"template":"","format":"standard","meta":{"footnotes":""},"categories":[10],"tags":[1011,27,72,71],"class_list":{"0":"post-286954","1":"post","2":"type-post","3":"status-publish","4":"format-standard","5":"has-post-thumbnail","7":"category-sante","8":"tag-fr","9":"tag-france","10":"tag-health","11":"tag-sante"},"share_on_mastodon":{"url":"https:\/\/pubeurope.com\/@fr\/114948483582893228","error":""},"_links":{"self":[{"href":"https:\/\/www.europesays.com\/fr\/wp-json\/wp\/v2\/posts\/286954","targetHints":{"allow":["GET"]}}],"collection":[{"href":"https:\/\/www.europesays.com\/fr\/wp-json\/wp\/v2\/posts"}],"about":[{"href":"https:\/\/www.europesays.com\/fr\/wp-json\/wp\/v2\/types\/post"}],"author":[{"embeddable":true,"href":"https:\/\/www.europesays.com\/fr\/wp-json\/wp\/v2\/users\/2"}],"replies":[{"embeddable":true,"href":"https:\/\/www.europesays.com\/fr\/wp-json\/wp\/v2\/comments?post=286954"}],"version-history":[{"count":0,"href":"https:\/\/www.europesays.com\/fr\/wp-json\/wp\/v2\/posts\/286954\/revisions"}],"wp:featuredmedia":[{"embeddable":true,"href":"https:\/\/www.europesays.com\/fr\/wp-json\/wp\/v2\/media\/286955"}],"wp:attachment":[{"href":"https:\/\/www.europesays.com\/fr\/wp-json\/wp\/v2\/media?parent=286954"}],"wp:term":[{"taxonomy":"category","embeddable":true,"href":"https:\/\/www.europesays.com\/fr\/wp-json\/wp\/v2\/categories?post=286954"},{"taxonomy":"post_tag","embeddable":true,"href":"https:\/\/www.europesays.com\/fr\/wp-json\/wp\/v2\/tags?post=286954"}],"curies":[{"name":"wp","href":"https:\/\/api.w.org\/{rel}","templated":true}]}}