{"id":286970,"date":"2025-07-31T15:18:13","date_gmt":"2025-07-31T15:18:13","guid":{"rendered":"https:\/\/www.europesays.com\/fr\/286970\/"},"modified":"2025-07-31T15:18:13","modified_gmt":"2025-07-31T15:18:13","slug":"fermeture-des-epiceries-de-nuit-a-22h-saint-etienne-baisse-le-rideau-trop-tot","status":"publish","type":"post","link":"https:\/\/www.europesays.com\/fr\/286970\/","title":{"rendered":"Fermeture des \u00e9piceries de nuit \u00e0 22h : Saint-\u00c9tienne baisse le rideau trop t\u00f4t ?"},"content":{"rendered":"<p>                <a href=\"https:\/\/cadenceradio.fr\" target=\"_blank\" aria-label=\"Banni\u00e8re Cadence 2025\" rel=\"noopener\"><img loading=\"lazy\" decoding=\"async\" src=\"https:\/\/www.europesays.com\/fr\/wp-content\/uploads\/2025\/07\/Banniere-Cadence-2025-scaled.jpg\" alt=\"\"   width=\"2560\" height=\"738\"\/><\/a><\/p>\n<p>\u00c0 Saint-\u00c9tienne, la nuit risque de devenir un peu plus fade, un peu plus noir. Depuis un arr\u00eat\u00e9 municipal entr\u00e9 en vigueur r\u00e9cemment, les \u00e9piceries de nuit doivent d\u00e9sormais baisser leurs rideaux \u00e0 22h \u00e0 Saint-\u00c9tienne. La mesure, prise par le maire\u00a0<strong>Ga\u00ebl Perdriau<\/strong>, est valable pour une dur\u00e9e d\u2019un an. Officiellement, il s\u2019agit de lutter contre les nuisances nocturnes.<\/p>\n<p>Les \u00e9piciers, boucs \u00e9missaires de la nuit ?<\/p>\n<p>Pour de nombreux St\u00e9phanois, \u00e9tudiants, travailleurs de nuit, couche-tard ou simples oubli\u00e9s de la liste de courses, ces commerces \u00e9taient une bou\u00e9e de sauvetage apr\u00e8s 22h. Une bouteille d\u2019eau, un paquet de p\u00e2tes, ou un d\u00e9pannage en urgence : ces petites \u00e9piceries tenaient un r\u00f4le bien plus essentiel qu\u2019on ne veut le croire.<\/p>\n<p>Amine, g\u00e9rant d\u2019une sup\u00e9rette dans le centre-ville, ne cache pas sa frustration :<\/p>\n<blockquote class=\"wp-block-quote is-layout-flow wp-block-quote-is-layout-flow\">\n<p>\u00ab On nous traite comme des fauteurs de trouble, alors qu\u2019on est souvent les seuls \u00e0 ramener un peu de vie dans certains quartiers le soir. \u00bb<\/p>\n<\/blockquote>\n<p>Le calme ou le vide ?<\/p>\n<p>C\u00f4t\u00e9 mairie, l\u2019argument principal repose sur les\u00a0<strong>troubles \u00e0 l\u2019ordre public<\/strong>\u00a0: attroupements, nuisances sonores, voire trafics en p\u00e9riph\u00e9rie des commerces nocturnes. Sauf que pour beaucoup, cette mesure\u00a0<strong>p\u00e9nalise les honn\u00eates commer\u00e7ants<\/strong>, sans s\u2019attaquer aux vraies causes des incivilit\u00e9s.<\/p>\n<p>Laura, habitante du Cr\u00eat-de-Roc, nuance :<\/p>\n<blockquote class=\"wp-block-quote is-layout-flow wp-block-quote-is-layout-flow\">\n<p>\u00ab Ce n\u2019est pas la petite \u00e9picerie qui fout le bazar. Ce sont les gens qui n\u2019ont rien \u00e0 faire de leur soir\u00e9e, et qui tra\u00eenent. Les fermer \u00e0 22h, c\u2019est juste d\u00e9placer le probl\u00e8me ailleurs. \u00bb<\/p>\n<\/blockquote>\n<p>Au-del\u00e0 de l\u2019impact social, c\u2019est l\u2019\u00e9conomie locale qui prend un coup. Ces \u00e9piceries g\u00e9n\u00e8rent une activit\u00e9 pr\u00e9cieuse, souvent tenue par des ind\u00e9pendants ou des familles immigr\u00e9es, qui travaillent dur pour tirer leur \u00e9pingle du jeu.<\/p>\n<p>Un commer\u00e7ant du quartier Jacquard soupire :<\/p>\n<blockquote class=\"wp-block-quote is-layout-flow wp-block-quote-is-layout-flow\">\n<p>\u00ab Le soir, c\u2019est 40 % de mon chiffre d\u2019affaires. L\u00e0, on me coupe les ailes. \u00bb<\/p>\n<\/blockquote>\n<p>\ud83e\uddc3 Une ville qui s\u2019\u00e9teint trop t\u00f4t ?<\/p>\n<p>Dans une ville qui cherche \u00e0 retenir ses jeunes, dynamiser son centre et soutenir son commerce de proximit\u00e9, la mesure fait grincer des dents. Beaucoup y voient une\u00a0<strong>politique de repli<\/strong>, une r\u00e9ponse simpliste \u00e0 une probl\u00e9matique bien plus complexe.<\/p>\n<p>Et si au lieu de fermer, on r\u00e9gulait ? Cam\u00e9ras, m\u00e9diation de rue, meilleur accompagnement des commer\u00e7ants\u2026 D\u2019autres villes, comme Toulouse ou Lyon, ont mis\u00e9 sur des solutions mixtes. Et si Saint-\u00c9tienne s\u2019inspirait des bonnes pratiques plut\u00f4t que d\u2019abattre le rideau \u00e0 22h pr\u00e9cises ? Fermer les \u00e9piceries de nuit, c\u2019est peut-\u00eatre faire taire le bruit. Mais c\u2019est aussi faire taire une part de la vie urbaine et de s\u00e9curit\u00e9 la nuit. Dans une ville qui veut rester vivante, inclusive et dynamique, est-ce vraiment la bonne partition ?<\/p>\n","protected":false},"excerpt":{"rendered":"\u00c0 Saint-\u00c9tienne, la nuit risque de devenir un peu plus fade, un peu plus noir. Depuis un arr\u00eat\u00e9&hellip;\n","protected":false},"author":2,"featured_media":286971,"comment_status":"","ping_status":"","sticky":false,"template":"","format":"standard","meta":{"footnotes":""},"categories":[9653],"tags":[1111,11,2430,12821,1777,674,1011,27,3367,12,25,4001],"class_list":{"0":"post-286970","1":"post","2":"type-post","3":"status-publish","4":"format-standard","5":"has-post-thumbnail","7":"category-saint-etienne","8":"tag-actu","9":"tag-actualites","10":"tag-auvergne-rhone-alpes","11":"tag-epicerie","12":"tag-eu","13":"tag-europe","14":"tag-fr","15":"tag-france","16":"tag-loire","17":"tag-news","18":"tag-republique-francaise","19":"tag-saint-etienne"},"share_on_mastodon":{"url":"https:\/\/pubeurope.com\/@fr\/114948519112802371","error":""},"_links":{"self":[{"href":"https:\/\/www.europesays.com\/fr\/wp-json\/wp\/v2\/posts\/286970","targetHints":{"allow":["GET"]}}],"collection":[{"href":"https:\/\/www.europesays.com\/fr\/wp-json\/wp\/v2\/posts"}],"about":[{"href":"https:\/\/www.europesays.com\/fr\/wp-json\/wp\/v2\/types\/post"}],"author":[{"embeddable":true,"href":"https:\/\/www.europesays.com\/fr\/wp-json\/wp\/v2\/users\/2"}],"replies":[{"embeddable":true,"href":"https:\/\/www.europesays.com\/fr\/wp-json\/wp\/v2\/comments?post=286970"}],"version-history":[{"count":0,"href":"https:\/\/www.europesays.com\/fr\/wp-json\/wp\/v2\/posts\/286970\/revisions"}],"wp:featuredmedia":[{"embeddable":true,"href":"https:\/\/www.europesays.com\/fr\/wp-json\/wp\/v2\/media\/286971"}],"wp:attachment":[{"href":"https:\/\/www.europesays.com\/fr\/wp-json\/wp\/v2\/media?parent=286970"}],"wp:term":[{"taxonomy":"category","embeddable":true,"href":"https:\/\/www.europesays.com\/fr\/wp-json\/wp\/v2\/categories?post=286970"},{"taxonomy":"post_tag","embeddable":true,"href":"https:\/\/www.europesays.com\/fr\/wp-json\/wp\/v2\/tags?post=286970"}],"curies":[{"name":"wp","href":"https:\/\/api.w.org\/{rel}","templated":true}]}}