{"id":286974,"date":"2025-07-31T15:20:22","date_gmt":"2025-07-31T15:20:22","guid":{"rendered":"https:\/\/www.europesays.com\/fr\/286974\/"},"modified":"2025-07-31T15:20:22","modified_gmt":"2025-07-31T15:20:22","slug":"nancy-tout-doux-une-expo-pour-les-0-3-ans-au-museum-aquarium","status":"publish","type":"post","link":"https:\/\/www.europesays.com\/fr\/286974\/","title":{"rendered":"Nancy. Tout Doux, une expo pour les 0-3 ans au Mus\u00e9um Aquarium"},"content":{"rendered":"<p>C\u2019est une premi\u00e8re probablement \u00e0 l\u2019\u00e9chelle nationale\u00a0: une exposition con\u00e7ue pour un public de 0-3 ans dans les murs d\u2019un mus\u00e9e d\u2019histoire naturelle.<\/p>\n<p>Une premi\u00e8re imagin\u00e9e par le Mus\u00e9um Aquarium de Nancy (MAN) autour du th\u00e8me de la biodiversit\u00e9, qui a m\u00eame d\u00e9cid\u00e9 de la scinder en deux volets\u00a0: 0-17 mois et 18 mois \u2013 3 ans. Pour s\u2019adapter au mieux aux grandes diff\u00e9rences de d\u00e9veloppement entre ces deux \u00e2ges.<\/p>\n<p>  Une logistique adapt\u00e9e au public<\/p>\n<p>L\u2019\u00e9quipe du MAN a d\u00fb faire assaut d\u2019inventivit\u00e9, que ce soit d\u2019un point de vue p\u00e9dagogique, esth\u00e9tique et logistique.<\/p>\n<p>On s\u2019y d\u00e9place en surchaussures pour que les b\u00e9b\u00e9s puissent gambader \u00e0 quatre pattes sans souci des microbes\u00a0; des casiers poussettes et sacs b\u00e9b\u00e9s sont int\u00e9gr\u00e9s\u00a0; une jauge est m\u00eame limit\u00e9e \u00e0 19 personnes pour l\u2019espace des vraiment tout-petits de sorte d\u2019assurer la totale s\u00e9r\u00e9nit\u00e9 des visiteurs et de leurs parents.<\/p>\n<p>Apr\u00e8s tout, l\u2019exposition doit m\u00e9riter son titre g\u00e9n\u00e9rique de Tout Doux. La visite dure 45 minutes.<\/p>\n<p class=\"note\">Mus\u00e9um Aquarium de Nancy, jusqu\u2019au 23\u00a0novembre\u00a02025.<\/p>\n","protected":false},"excerpt":{"rendered":"C\u2019est une premi\u00e8re probablement \u00e0 l\u2019\u00e9chelle nationale\u00a0: une exposition con\u00e7ue pour un public de 0-3 ans dans les&hellip;\n","protected":false},"author":2,"featured_media":286975,"comment_status":"","ping_status":"","sticky":false,"template":"","format":"standard","meta":{"footnotes":""},"categories":[9635],"tags":[1111,11,1687,1704,1777,674,2271,1011,27,775,1702,1703,12,25],"class_list":{"0":"post-286974","1":"post","2":"type-post","3":"status-publish","4":"format-standard","5":"has-post-thumbnail","7":"category-nancy","8":"tag-actu","9":"tag-actualites","10":"tag-culture-loisirs","11":"tag-edition-nancy-et-agglomeration","12":"tag-eu","13":"tag-europe","14":"tag-exposition-arts-plastiques","15":"tag-fr","16":"tag-france","17":"tag-grand-est","18":"tag-nancy","19":"tag-nancy-ville-54b","20":"tag-news","21":"tag-republique-francaise"},"share_on_mastodon":{"url":"https:\/\/pubeurope.com\/@fr\/114948526831200900","error":""},"_links":{"self":[{"href":"https:\/\/www.europesays.com\/fr\/wp-json\/wp\/v2\/posts\/286974","targetHints":{"allow":["GET"]}}],"collection":[{"href":"https:\/\/www.europesays.com\/fr\/wp-json\/wp\/v2\/posts"}],"about":[{"href":"https:\/\/www.europesays.com\/fr\/wp-json\/wp\/v2\/types\/post"}],"author":[{"embeddable":true,"href":"https:\/\/www.europesays.com\/fr\/wp-json\/wp\/v2\/users\/2"}],"replies":[{"embeddable":true,"href":"https:\/\/www.europesays.com\/fr\/wp-json\/wp\/v2\/comments?post=286974"}],"version-history":[{"count":0,"href":"https:\/\/www.europesays.com\/fr\/wp-json\/wp\/v2\/posts\/286974\/revisions"}],"wp:featuredmedia":[{"embeddable":true,"href":"https:\/\/www.europesays.com\/fr\/wp-json\/wp\/v2\/media\/286975"}],"wp:attachment":[{"href":"https:\/\/www.europesays.com\/fr\/wp-json\/wp\/v2\/media?parent=286974"}],"wp:term":[{"taxonomy":"category","embeddable":true,"href":"https:\/\/www.europesays.com\/fr\/wp-json\/wp\/v2\/categories?post=286974"},{"taxonomy":"post_tag","embeddable":true,"href":"https:\/\/www.europesays.com\/fr\/wp-json\/wp\/v2\/tags?post=286974"}],"curies":[{"name":"wp","href":"https:\/\/api.w.org\/{rel}","templated":true}]}}