{"id":286999,"date":"2025-07-31T15:36:12","date_gmt":"2025-07-31T15:36:12","guid":{"rendered":"https:\/\/www.europesays.com\/fr\/286999\/"},"modified":"2025-07-31T15:36:12","modified_gmt":"2025-07-31T15:36:12","slug":"un-reseau-demantele-en-loire-atlantique","status":"publish","type":"post","link":"https:\/\/www.europesays.com\/fr\/286999\/","title":{"rendered":"un r\u00e9seau d\u00e9mantel\u00e9 en Loire-Atlantique"},"content":{"rendered":"<p>            Par<br \/>\n        <strong><br \/>\n            <a href=\"https:\/\/actu.fr\/auteur\/redaction-nantes\" title=\"Consulter tous les articles de R\u00e9daction Nantes\" rel=\"nofollow noopener\" target=\"_blank\">R\u00e9daction Nantes<\/a><br \/>\n        <\/strong><\/p>\n<p>        Publi\u00e9 le<\/p>\n<p>            31 juil. 2025 \u00e0 17h16        <\/p>\n<p>Un <strong>r\u00e9seau \u00ab\u2009structur\u00e9\u2009\u00bb de vol de c\u00e2bles t\u00e9l\u00e9coms,<\/strong> op\u00e9rant en <a href=\"https:\/\/actu.fr\/pays-de-la-loire\/loire-atlantique_44\" rel=\"nofollow noopener\" target=\"_blank\">Loire-Atlantique<\/a> et dans le <a href=\"https:\/\/actu.fr\/pays-de-la-loire\/maine-et-loire_49\" rel=\"nofollow noopener\" target=\"_blank\">Maine-et-Loire<\/a>, a \u00e9t\u00e9 d\u00e9mantel\u00e9 et <strong>trois personnes ont \u00e9t\u00e9 interpell\u00e9es,<\/strong> a annonc\u00e9 jeudi 31\u00a0juillet 2025 la gendarmerie, qui \u00e9voque un<strong> pr\u00e9judice de plus de 700\u2009000\u00a0euros.<\/strong><\/p>\n<p class=\" wall-content\">Deux individus ont \u00e9t\u00e9 interpell\u00e9s mardi\u00a029 et mercredi 30\u00a0juillet alors qu\u2019ils venaient de d\u00e9rober pr\u00e8s de <strong>deux tonnes de c\u00e2bles,<\/strong> \u00ab\u2009soit l\u2019\u00e9quivalent de deux kilom\u00e8tres de r\u00e9seau\u2009\u00bb, a pr\u00e9cis\u00e9 la gendarmerie dans un communiqu\u00e9.<\/p>\n<p class=\" wall-content\">Les suspects, soup\u00e7onn\u00e9s de <strong>21 vols au total,<\/strong> ont \u00e9t\u00e9 d\u00e9f\u00e9r\u00e9s mercredi au tribunal de Nantes \u00e0 l\u2019issue de leur garde \u00e0 vue. L\u2019un a \u00e9t\u00e9 plac\u00e9 en <strong>d\u00e9tention provisoire<\/strong> et deux sous <strong>contr\u00f4le judiciaire.<\/strong><\/p>\n<p>Un mode op\u00e9ratoire \u00ab\u2009structur\u00e9\u2009\u00bb<\/p>\n<p class=\" wall-content\">L\u2019enqu\u00eate ouverte par le <strong>Groupe d\u2019intervention sur les ph\u00e9nom\u00e8nes s\u00e9riels<\/strong> (GIPS) de la compagnie de Nantes en coordination avec la <strong>Brigade de Recherche<\/strong> (BR) nantaise s\u2019\u00e9tait \u00ab\u2009rapidement orient\u00e9e vers une <strong>\u00e9quipe de malfaiteurs<\/strong> de nationalit\u00e9 roumaine particuli\u00e8rement organis\u00e9e\u2009\u00bb op\u00e9rant selon un <strong>\u00ab\u2009mode op\u00e9ratoire structur\u00e9\u2009\u00bb,<\/strong> selon la gendarmerie.<\/p>\n<p class=\" wall-content\">Les voleurs pr\u00e9sum\u00e9s utilisaient \u00ab\u2009au moins deux v\u00e9hicules\u2009\u00bb lors de chaque p\u00e9riple nocturne\u2009: \u00ab\u2009un<strong> \u2018ouvreur\u2019<\/strong> en \u00e9claireur et un <strong>\u2018transporteur\u2019<\/strong> charg\u00e9 d\u2019acheminer les c\u00e2bles vol\u00e9s et d\u00e9bit\u00e9s en section\u2009\u00bb, d\u00e9taille le communiqu\u00e9.<\/p>\n<p class=\" wall-content\">Une information judiciaire est ouverte des chefs de <strong>vols aggrav\u00e9s, recel de vols aggrav\u00e9s et associations de malfaiteurs.<\/strong><\/p>\n<p class=\" wall-content\"><strong>Avec AFP.<\/strong><\/p>\n<p class=\" wall-content\">Suivez toute l\u2019actualit\u00e9 de vos villes et m\u00e9dias favoris en vous inscrivant \u00e0 <a href=\"https:\/\/moncompte.actu.fr\" title=\"D\u00e9couvez Mon Actu\" rel=\"nofollow noopener\" data-trk=\"{&quot;cta&quot;:{&quot;action&quot;:&quot;https:\\\/\\\/moncompte.actu.fr&quot;,&quot;category&quot;:&quot;mon compte&quot;,&quot;from&quot;:&quot;article footer&quot;,&quot;name&quot;:&quot;Mon actu&quot;,&quot;type&quot;:&quot;cta&quot;}}\" target=\"_blank\">Mon Actu<\/a>.<\/p>\n","protected":false},"excerpt":{"rendered":"Par R\u00e9daction Nantes Publi\u00e9 le 31 juil. 2025 \u00e0 17h16 Un r\u00e9seau \u00ab\u2009structur\u00e9\u2009\u00bb de vol de c\u00e2bles t\u00e9l\u00e9coms,&hellip;\n","protected":false},"author":2,"featured_media":287000,"comment_status":"","ping_status":"","sticky":false,"template":"","format":"standard","meta":{"footnotes":""},"categories":[2818],"tags":[1111,11,1777,674,118,1011,27,3381,303,766,12,2636,25],"class_list":{"0":"post-286999","1":"post","2":"type-post","3":"status-publish","4":"format-standard","5":"has-post-thumbnail","7":"category-nantes","8":"tag-actu","9":"tag-actualites","10":"tag-eu","11":"tag-europe","12":"tag-faits-divers","13":"tag-fr","14":"tag-france","15":"tag-gendarmerie","16":"tag-justice","17":"tag-nantes","18":"tag-news","19":"tag-pays-de-la-loire","20":"tag-republique-francaise"},"share_on_mastodon":{"url":"https:\/\/pubeurope.com\/@fr\/114948589794717662","error":""},"_links":{"self":[{"href":"https:\/\/www.europesays.com\/fr\/wp-json\/wp\/v2\/posts\/286999","targetHints":{"allow":["GET"]}}],"collection":[{"href":"https:\/\/www.europesays.com\/fr\/wp-json\/wp\/v2\/posts"}],"about":[{"href":"https:\/\/www.europesays.com\/fr\/wp-json\/wp\/v2\/types\/post"}],"author":[{"embeddable":true,"href":"https:\/\/www.europesays.com\/fr\/wp-json\/wp\/v2\/users\/2"}],"replies":[{"embeddable":true,"href":"https:\/\/www.europesays.com\/fr\/wp-json\/wp\/v2\/comments?post=286999"}],"version-history":[{"count":0,"href":"https:\/\/www.europesays.com\/fr\/wp-json\/wp\/v2\/posts\/286999\/revisions"}],"wp:featuredmedia":[{"embeddable":true,"href":"https:\/\/www.europesays.com\/fr\/wp-json\/wp\/v2\/media\/287000"}],"wp:attachment":[{"href":"https:\/\/www.europesays.com\/fr\/wp-json\/wp\/v2\/media?parent=286999"}],"wp:term":[{"taxonomy":"category","embeddable":true,"href":"https:\/\/www.europesays.com\/fr\/wp-json\/wp\/v2\/categories?post=286999"},{"taxonomy":"post_tag","embeddable":true,"href":"https:\/\/www.europesays.com\/fr\/wp-json\/wp\/v2\/tags?post=286999"}],"curies":[{"name":"wp","href":"https:\/\/api.w.org\/{rel}","templated":true}]}}