{"id":287001,"date":"2025-07-31T15:37:15","date_gmt":"2025-07-31T15:37:15","guid":{"rendered":"https:\/\/www.europesays.com\/fr\/287001\/"},"modified":"2025-07-31T15:37:15","modified_gmt":"2025-07-31T15:37:15","slug":"cette-aire-de-camping-car-pres-du-canal-de-nantes-a-brest-devient-payante","status":"publish","type":"post","link":"https:\/\/www.europesays.com\/fr\/287001\/","title":{"rendered":"cette aire de camping-car pr\u00e8s du canal de Nantes \u00e0 Brest devient payante"},"content":{"rendered":"<p>            Par<br \/>\n        <strong><br \/>\n            <a href=\"https:\/\/actu.fr\/auteur\/rhoussin\" title=\"Consulter tous les articles de Ronan Houssin\" target=\"_blank\" rel=\"noopener\">Ronan Houssin<\/a><br \/>\n        <\/strong><\/p>\n<p>        Publi\u00e9 le<\/p>\n<p>            31 juil. 2025 \u00e0 17h06        <\/p>\n<p>En 2024, la commune de <a href=\"https:\/\/actu.fr\/bretagne\/montertelot_56139\" target=\"_blank\" rel=\"noopener\">Montertelot<\/a> (<b>Morbihan<\/b>) am\u00e9nageait une aire de stationnement pour les\u00a0<b>camping-cars<\/b>. Une vingtaine de v\u00e9hicules peuvent stationner sur le terrain situ\u00e9 \u00e0 proximit\u00e9 du <b>canal de Nantes \u00e0 Brest<\/b>.<\/p>\n<p class=\" wall-content\">Jusqu\u2019\u00e0 pr\u00e9sent, les camping-caristes pouvaient profiter <b>gratuitement <\/b>de l\u2019aire de situ\u00e9e rue du Casset. Mais, cela ne va plus \u00eatre le cas.<\/p>\n<p>Montertelot\u2009: l\u2019aire de camping-car devient payante<\/p>\n<p class=\" wall-content\">A compter du vendredi <b>1er\u00a0ao\u00fbt 2025<\/b>, stationner son camping-car dans la commune sur le parking pr\u00e9vu \u00e0 cet effet sera payant. En effet, lors du conseil municipal du 10\u00a0avril 2025, les \u00e9lus montertelotais se sont int\u00e9ress\u00e9s aux tarifs de la redevance de stationnement.<\/p>\n<p class=\" wall-content\">Les camping-caristes devront d\u00e9sormais d\u00e9bourser 5\u00a0\u20ac pour rester sur le parking durant 24\u2009h. \u00ab\u2009Le stationnement sera payant toute l\u2019ann\u00e9e\u2009\u00bb, informe la municipalit\u00e9. Un horodateur a \u00e9t\u00e9 install\u00e9 pour permettre aux usagers de r\u00e9gler leur stationnement<\/p>\n<p>    <img   decoding=\"async\" loading=\"lazy\" class=\"size-large\" src=\"https:\/\/www.europesays.com\/fr\/wp-content\/uploads\/2025\/07\/e07820ab6b886457820ab6b8899782v-960x640.jpeg\" alt=\"Aire camping-car Montertelot\" width=\"960\" height=\"640\"\/><br \/>\n    Un horodateur a \u00e9t\u00e9 install\u00e9 pour permettre aux usagers de r\u00e9gler le stationnement. \u00a9Le Plo\u00ebrmelais<\/p>\n<p class=\" wall-content\">R\u00e9f\u00e9renc\u00e9e sur le site <a href=\"https:\/\/park4night.com\/fr\/place\/579743\" target=\"_blank\" rel=\"noopener\">park4night<\/a>, l\u2019aire de stationnement semble particuli\u00e8rement appr\u00e9ci\u00e9e par les camping-caristes pour son calme et sa proximit\u00e9 avec le canal.<\/p>\n<p>Vid\u00e9os : en ce moment sur Actu<\/p>\n<p class=\" wall-content\">Suivez toute l\u2019actualit\u00e9 de vos villes et m\u00e9dias favoris en vous inscrivant \u00e0 <a href=\"https:\/\/moncompte.actu.fr\" title=\"D\u00e9couvez Mon Actu\" rel=\"nofollow noopener\" data-trk=\"{&quot;cta&quot;:{&quot;action&quot;:&quot;https:\\\/\\\/moncompte.actu.fr&quot;,&quot;category&quot;:&quot;mon compte&quot;,&quot;from&quot;:&quot;article footer&quot;,&quot;name&quot;:&quot;Mon actu&quot;,&quot;type&quot;:&quot;cta&quot;}}\" target=\"_blank\">Mon Actu<\/a>.<\/p>\n","protected":false},"excerpt":{"rendered":"Par Ronan Houssin Publi\u00e9 le 31 juil. 2025 \u00e0 17h06 En 2024, la commune de Montertelot (Morbihan) am\u00e9nageait&hellip;\n","protected":false},"author":2,"featured_media":287002,"comment_status":"","ping_status":"","sticky":false,"template":"","format":"standard","meta":{"footnotes":""},"categories":[2818],"tags":[1111,11,11199,8321,1777,674,1011,27,766,12,2636,25,104,6173],"class_list":{"0":"post-287001","1":"post","2":"type-post","3":"status-publish","4":"format-standard","5":"has-post-thumbnail","7":"category-nantes","8":"tag-actu","9":"tag-actualites","10":"tag-camping-car","11":"tag-canal-de-nantes-a-brest","12":"tag-eu","13":"tag-europe","14":"tag-fr","15":"tag-france","16":"tag-nantes","17":"tag-news","18":"tag-pays-de-la-loire","19":"tag-republique-francaise","20":"tag-societe","21":"tag-stationnement"},"share_on_mastodon":{"url":"https:\/\/pubeurope.com\/@fr\/114948593668296115","error":""},"_links":{"self":[{"href":"https:\/\/www.europesays.com\/fr\/wp-json\/wp\/v2\/posts\/287001","targetHints":{"allow":["GET"]}}],"collection":[{"href":"https:\/\/www.europesays.com\/fr\/wp-json\/wp\/v2\/posts"}],"about":[{"href":"https:\/\/www.europesays.com\/fr\/wp-json\/wp\/v2\/types\/post"}],"author":[{"embeddable":true,"href":"https:\/\/www.europesays.com\/fr\/wp-json\/wp\/v2\/users\/2"}],"replies":[{"embeddable":true,"href":"https:\/\/www.europesays.com\/fr\/wp-json\/wp\/v2\/comments?post=287001"}],"version-history":[{"count":0,"href":"https:\/\/www.europesays.com\/fr\/wp-json\/wp\/v2\/posts\/287001\/revisions"}],"wp:featuredmedia":[{"embeddable":true,"href":"https:\/\/www.europesays.com\/fr\/wp-json\/wp\/v2\/media\/287002"}],"wp:attachment":[{"href":"https:\/\/www.europesays.com\/fr\/wp-json\/wp\/v2\/media?parent=287001"}],"wp:term":[{"taxonomy":"category","embeddable":true,"href":"https:\/\/www.europesays.com\/fr\/wp-json\/wp\/v2\/categories?post=287001"},{"taxonomy":"post_tag","embeddable":true,"href":"https:\/\/www.europesays.com\/fr\/wp-json\/wp\/v2\/tags?post=287001"}],"curies":[{"name":"wp","href":"https:\/\/api.w.org\/{rel}","templated":true}]}}