{"id":287007,"date":"2025-07-31T15:40:16","date_gmt":"2025-07-31T15:40:16","guid":{"rendered":"https:\/\/www.europesays.com\/fr\/287007\/"},"modified":"2025-07-31T15:40:16","modified_gmt":"2025-07-31T15:40:16","slug":"cinema-plage-brocante-voici-notre-selection-de-sorties-a-toulouse-pour-ce-week-end","status":"publish","type":"post","link":"https:\/\/www.europesays.com\/fr\/287007\/","title":{"rendered":"Cin\u00e9ma, plage, brocante&#8230; Voici notre s\u00e9lection de sorties \u00e0 Toulouse pour ce week-end"},"content":{"rendered":"<p>            Par<br \/>\n        <strong><br \/>\n            <a href=\"https:\/\/actu.fr\/auteur\/lucie-2\" title=\"Consulter tous les articles de Lucie Fraisse\" target=\"_blank\" rel=\"noopener\">Lucie Fraisse<\/a><br \/>\n        <\/strong><\/p>\n<p>        Publi\u00e9 le<\/p>\n<p>            31 juil. 2025 \u00e0 17h18        <\/p>\n<p>C\u2019est un grand week-end de chass\u00e9-crois\u00e9 sur les routes de France. Mais pour ceux qui seront \u00e0 <a href=\"https:\/\/actu.fr\/toulouse\/\" target=\"_blank\" rel=\"noopener\">Toulouse<\/a> ces prochains jours, il y a de chouettes choses \u00e0 faire<strong> dans la Ville rose<\/strong>. Voici notre s\u00e9lection de sorties \u00e0 faire du vendredi 1er au dimanche 3 ao\u00fbt.<\/p>\n<p><strong>#1. Cin\u00e9ma en plein air<\/strong><br \/>\n    <img   decoding=\"async\" loading=\"lazy\" src=\"https:\/\/www.europesays.com\/fr\/wp-content\/uploads\/2025\/07\/fbe94fd10a786efe94fd10a78d3f94v-960x640.jpg\" alt=\"Plusieurs s\u00e9ances de cin\u00e9ma en plein air ce week-end \u00e0 Toulouse.\" width=\"960\" height=\"640\"\/><br \/>\n    Plusieurs s\u00e9ances de cin\u00e9ma en plein air ce week-end \u00e0 Toulouse. (\u00a9Illustration Adobe Stock)<\/p>\n<p class=\" wall-content\">Cette semaine encore, l\u2019offre de cin\u00e9ma en plein air est belle \u00e0 Toulouse. Avec le documentaire Un paese di Calabria\u00a0au jardin Niel vendredi 1er ao\u00fbt, \u00e0 21h 45. Le m\u00eame soir rendez-vous \u00e0 l\u2019h\u00f4tel Saint-Jean, \u00e0 22 heures, pour la diffusion du film\u00a0Le r\u00e8gne animal. Le <strong>mus\u00e9e Aeroscopia<\/strong> diffusera un film bien dans la lign\u00e9e de sa direction artistique, avec<a href=\"https:\/\/actu.fr\/occitanie\/montauban_82121\/au-cinema-top-gun-maverick-de-l-adrenaline-a-haute-dose-pour-la-suite-de-ce-film-de-legende_51392809.html\" target=\"_blank\" rel=\"noopener\"> Top gun\u00a0Maverick<\/a>, \u00e0 22 heures, le vendredi 1er ao\u00fbt.<\/p>\n<p class=\" wall-content\">Samedi 2 ao\u00fbt, c\u2019est un classique de l\u2019animation qui vous attend avec\u00a0Princesse Mononok\u00e9, \u00e0 22 heures, \u00e0 l\u2019h\u00f4tel Saint-Jean. Dimanche 3 ao\u00fbt, au m\u00eame endroit, c\u2019est\u00a0<a href=\"https:\/\/actu.fr\/bretagne\/quimper_29232\/cinema-civil-war-un-film-dont-les-images-nont-pas-fini-de-nous-hanter_60987838.html\" target=\"_blank\" rel=\"noopener\">Civil Wa<\/a>r qui sera diffus\u00e9, au m\u00eame horaire.<\/p>\n<p>#2. Brocante sur les all\u00e9es<br \/>\n    <img   decoding=\"async\" loading=\"lazy\" src=\"https:\/\/www.europesays.com\/fr\/wp-content\/uploads\/2025\/07\/brocante-les-allees-toulouse-960x640.jpg\" alt=\"C'est le retour de la brocante sur les all\u00e9es Fran\u00e7ois Verdier \u00e0 Toulouse.\" width=\"960\" height=\"640\"\/><br \/>\n    C\u2019est le retour de la brocante sur les all\u00e9es Fran\u00e7ois Verdier \u00e0 Toulouse. (\u00a9Brocante Les All\u00e9es)<\/p>\n<p class=\" wall-content\">Pas de vacances pour la <strong>chine de qualit\u00e9<\/strong> ! La brocante sur les all\u00e9es, c\u2019est tous les premiers week-ends du mois, m\u00eame pendant l\u2019\u00e9t\u00e9. De vendredi \u00e0 dimanche, les exposants proposeront des objets pour tous les budgets. Tableau, d\u00e9co, mobilier et m\u00eame fripes haut de gamme sont \u00e0 d\u00e9couvrir <strong>sur les all\u00e9es Fran\u00e7ois-Verdier<\/strong>.<\/p>\n<p class=\" wall-content\">Deux camions de restauration, grillades, snack, cr\u00eapes, plats maisons et buvette sur place.<\/p>\n<p>#3. Mus\u00e9es gratuits<br \/>\n    <img   decoding=\"async\" loading=\"lazy\" src=\"https:\/\/www.europesays.com\/fr\/wp-content\/uploads\/2025\/07\/7bf9a16cb9b76dff9a16cb9b7840aav-960x640.jpg\" alt=\"Les mus\u00e9es municipaux sont gratuits ce dimanche \u00e0 Toulouse.\" width=\"960\" height=\"640\"\/><br \/>\n    Les mus\u00e9es municipaux sont gratuits ce dimanche \u00e0 Toulouse. (\u00a9L.J.)<\/p>\n<p class=\" wall-content\">La gratuit\u00e9 des mus\u00e9es, c\u2019est aussi l\u2019\u00e9t\u00e9. Comme chaque premier week-end du mois, l\u2019acc\u00e8s aux expositions permanentes des mus\u00e9es municipaux de Toulouse est gratuit.\u00a0<\/p>\n<p class=\" wall-content\">Voici la liste des mus\u00e9es et monuments concern\u00e9s : le Clo\u00eetre des Jacobins ; <a href=\"https:\/\/actu.fr\/occitanie\/toulouse_31555\/anecdotes-et-lieux-secrets-a-toulouse-les-bonnes-adresses-de-laure-barthet-conservatrice-de-musee_62749924.html\" target=\"_blank\" rel=\"noopener\">le mus\u00e9e Saint-Raymond<\/a> ; le mus\u00e9e des Abattoirs ; la Chapelle Saint-Joseph de la Grave ; la galerie du Ch\u00e2teau d\u2019Eau (temporairement install\u00e9e all\u00e9e Charles de Fitte); le Mus\u00e9um d\u2019Histoire Naturelle; le Quai des Savoirs et le mus\u00e9e Paul Dupuy<\/p>\n<p>#4. La Ram\u00e9e plage<br \/>\n    <img   decoding=\"async\" loading=\"lazy\" src=\"https:\/\/www.europesays.com\/fr\/wp-content\/uploads\/2025\/07\/img-6598-960x640.jpg\" alt=\"La Ram\u00e9e plage, le spot de baignade surveill\u00e9e le plus proche du Capitole.\" width=\"960\" height=\"640\"\/><br \/>\n    La Ram\u00e9e plage, le spot de baignade surveill\u00e9e le plus proche du Capitole. (\u00a9actu.fr\/M.L)<\/p>\n<p class=\" wall-content\">La Ram\u00e9e plage, c\u2019est l\u2019autre spot de Toulouse plages, avec la prairie des filtres et le port Viguerie. C\u2019est aussi, pendant l\u2019\u00e9t\u00e9, le lieu de baignade surveill\u00e9e le plus proche du Capitole ! L\u2019occasion de faire trempette mais aussi de d\u00e9couvrir de nombreuses activit\u00e9s sur le site : parcours forme, voile, kayak, p\u00eache\u2026<\/p>\n<p>#5. La grande roue<\/p>\n<p class=\" wall-content\">Elle n\u2019est sans doute pas aussi iconique que le London eye, sa cousine britannique, mais la <a href=\"https:\/\/actu.fr\/occitanie\/toulouse_31555\/sortir-a-toulouse-quand-la-grande-roue-sera-t-elle-de-retour_62876037.html\" target=\"_blank\" rel=\"noopener\">grande roue de Toulouse<\/a>, c\u2019est tout de m\u00eame une institution de l\u2019\u00e9t\u00e9 dans la Ville rose. Vue imprenable sur la Garonne et les toits de <strong>Toulouse garantie<\/strong>!<\/p>\n<p>Du dimanche au jeudi de 11h \u00e0 minuit.Vendredi, samedi et veille de jour f\u00e9ri\u00e9 de de 11h \u00e0 1h du matin. Tarif adulte\u00a0:\u00a07\u00a0\u20ac. Tarif enfant jusqu\u2019\u00e0 11 ans \u00a0:\u00a05\u00a0\u20ac. Les enfants doivent \u00eatre accompagn\u00e9s d\u2019un adulte.<\/p>\n<p>#6. Nuit des \u00e9toiles<br \/>\n    <img   decoding=\"async\" loading=\"lazy\" src=\"https:\/\/www.europesays.com\/fr\/wp-content\/uploads\/2025\/07\/observatoire-jolimont-960x640.jpg\" alt=\"L'observatoire de Jolimont ouvre ses portes pour la nuit des \u00e9toiles.\" width=\"960\" height=\"640\"\/><br \/>\n    L\u2019observatoire de Jolimont ouvre ses portes pour la nuit des \u00e9toiles. (\u00a9Nina Hossein-Zadeh)<\/p>\n<p class=\" wall-content\">L\u2019observatoire de Jolimont ouvre ses portes au grand public, \u00e0 l\u2019occasion de la nuit des \u00e9toiles, ce vendredi 1er ao\u00fbt. Au programme : visite de la coupole, d\u00e9couverte des instruments, observation du ciel et d\u00e9monstrations du pendule de Foucault.<\/p>\n<p>L\u2019entr\u00e9e est gratuite, <a href=\"https:\/\/saptoulouse.net\/events\/nuit-des-etoiles-2025\/\" target=\"_blank\" rel=\"noopener\">sur r\u00e9servation<\/a>.#7. Dimanche des cr\u00e9ateurs<\/p>\n<p class=\" wall-content\">Une <strong>bonne id\u00e9e de promenade dominicale<\/strong> : tous les dimanches de l\u2019\u00e9t\u00e9, un march\u00e9 de cr\u00e9ateurs s\u2019installe sur la place Saint-Pierre. D\u00e9co, jouets, v\u00eatements\u2026 L\u2019occasion de s\u2019offrir un petit cadeau fait main par des cr\u00e9ateurs locaux!<\/p>\n<p>#8. Reza \u00e0 Aeroscopia<\/p>\n<p class=\" wall-content\">Le mus\u00e9e Aeroscopia accueille une exposition du photographe Reza.\u00a0Le ciel des femmes rend hommage en photos aux femmes dans l\u2019univers a\u00e9ronautique.\u00a0<\/p>\n<p>Toutes les infos sur le <a href=\"https:\/\/manatour-toulouse.recreatex.be\/Exhibitions\/register?id=a20434fc-95ea-ee11-9597-f404a74d0f39\" target=\"_blank\" rel=\"noopener\">site d\u2019Aeroscopia<\/a>.<\/p>\n<p class=\" wall-content\">Suivez toute l\u2019actualit\u00e9 de vos villes et m\u00e9dias favoris en vous inscrivant \u00e0 <a href=\"https:\/\/moncompte.actu.fr\" title=\"D\u00e9couvez Mon Actu\" rel=\"nofollow noopener\" data-trk=\"{&quot;cta&quot;:{&quot;action&quot;:&quot;https:\\\/\\\/moncompte.actu.fr&quot;,&quot;category&quot;:&quot;mon compte&quot;,&quot;from&quot;:&quot;article footer&quot;,&quot;name&quot;:&quot;Mon actu&quot;,&quot;type&quot;:&quot;cta&quot;}}\" target=\"_blank\">Mon Actu<\/a>.<\/p>\n","protected":false},"excerpt":{"rendered":"Par Lucie Fraisse Publi\u00e9 le 31 juil. 2025 \u00e0 17h18 C\u2019est un grand week-end de chass\u00e9-crois\u00e9 sur les&hellip;\n","protected":false},"author":2,"featured_media":287008,"comment_status":"","ping_status":"","sticky":false,"template":"","format":"standard","meta":{"footnotes":""},"categories":[2816],"tags":[1111,11,1777,674,1011,27,1652,12,2680,25,1341,2312],"class_list":{"0":"post-287007","1":"post","2":"type-post","3":"status-publish","4":"format-standard","5":"has-post-thumbnail","7":"category-toulouse","8":"tag-actu","9":"tag-actualites","10":"tag-eu","11":"tag-europe","12":"tag-fr","13":"tag-france","14":"tag-loisirs-culture","15":"tag-news","16":"tag-occitanie","17":"tag-republique-francaise","18":"tag-sortir-a-toulouse","19":"tag-toulouse"},"share_on_mastodon":{"url":"https:\/\/pubeurope.com\/@fr\/114948605592803673","error":""},"_links":{"self":[{"href":"https:\/\/www.europesays.com\/fr\/wp-json\/wp\/v2\/posts\/287007","targetHints":{"allow":["GET"]}}],"collection":[{"href":"https:\/\/www.europesays.com\/fr\/wp-json\/wp\/v2\/posts"}],"about":[{"href":"https:\/\/www.europesays.com\/fr\/wp-json\/wp\/v2\/types\/post"}],"author":[{"embeddable":true,"href":"https:\/\/www.europesays.com\/fr\/wp-json\/wp\/v2\/users\/2"}],"replies":[{"embeddable":true,"href":"https:\/\/www.europesays.com\/fr\/wp-json\/wp\/v2\/comments?post=287007"}],"version-history":[{"count":0,"href":"https:\/\/www.europesays.com\/fr\/wp-json\/wp\/v2\/posts\/287007\/revisions"}],"wp:featuredmedia":[{"embeddable":true,"href":"https:\/\/www.europesays.com\/fr\/wp-json\/wp\/v2\/media\/287008"}],"wp:attachment":[{"href":"https:\/\/www.europesays.com\/fr\/wp-json\/wp\/v2\/media?parent=287007"}],"wp:term":[{"taxonomy":"category","embeddable":true,"href":"https:\/\/www.europesays.com\/fr\/wp-json\/wp\/v2\/categories?post=287007"},{"taxonomy":"post_tag","embeddable":true,"href":"https:\/\/www.europesays.com\/fr\/wp-json\/wp\/v2\/tags?post=287007"}],"curies":[{"name":"wp","href":"https:\/\/api.w.org\/{rel}","templated":true}]}}