{"id":287011,"date":"2025-07-31T15:42:11","date_gmt":"2025-07-31T15:42:11","guid":{"rendered":"https:\/\/www.europesays.com\/fr\/287011\/"},"modified":"2025-07-31T15:42:11","modified_gmt":"2025-07-31T15:42:11","slug":"fete-du-cheval-enigmes-yoga-etoiles-que-faire-le-premier-week-end-daout-a-lille-et-autour","status":"publish","type":"post","link":"https:\/\/www.europesays.com\/fr\/287011\/","title":{"rendered":"F\u00eate du cheval, \u00e9nigmes, yoga, \u00e9toiles&#8230; Que faire le premier week-end d&rsquo;ao\u00fbt \u00e0 Lille et autour\u00a0?"},"content":{"rendered":"<p>            Par<br \/>\n        <strong><br \/>\n            <a href=\"https:\/\/actu.fr\/auteur\/amandine-vachez\" title=\"Consulter tous les articles de Amandine Vachez\" rel=\"nofollow noopener\" target=\"_blank\">Amandine Vachez<\/a><br \/>\n        <\/strong><\/p>\n<p>        Publi\u00e9 le<\/p>\n<p>            31 juil. 2025 \u00e0 16h46        <\/p>\n<p>Vous avez envie de <b>sortir <\/b>cette fin de semaine\u00a0mais ne savez pas quoi faire ? Voici un aper\u00e7u de ce qui vous attend, \u00e0 <a href=\"https:\/\/actu.fr\/lille\/\" rel=\"nofollow noopener\" target=\"_blank\">Lille<\/a> (Nord) et autour, pour le<b> premier week-end du mois. <\/b>Notre s\u00e9lection pour les<b> samedi 2 et dimanche 3 ao\u00fbt 2025.<\/b><\/p>\n<p>Nos id\u00e9es de sorties \u00e0 Lille et autour<\/p>\n<ul class=\" wall-content\">\n<li><b>D\u00e9couvrir les expos de lille3000<\/b><br \/>Si certaines sont d\u00e9j\u00e0 cl\u00f4tur\u00e9es, d\u2019autres restent visibles. Des expositions de lille3000 vous emm\u00e8ne au coeur de la f\u00eate (la th\u00e9matique de l\u2019ann\u00e9e c\u2019est <a href=\"https:\/\/actu.fr\/hauts-de-france\/lille_59350\/ni-grisatre-ni-ennuyeuse-quand-le-media-espagnol-el-pais-honore-lille-et-son-festival-fiesta_62973248.html\" rel=\"nofollow noopener\" target=\"_blank\">\u00ab\u00a0Fiesta\u00a0\u00bb<\/a>), sous diff\u00e9rents angles. Hospice Comtesse, Beaux-arts, Tripostal\u2026 On vous en parle plus en d\u00e9tail <a href=\"https:\/\/actu.fr\/hauts-de-france\/lille_59350\/les-expositions-de-lille3000-poursuivent-lesprit-fiesta-a-lille_62683032.html\" rel=\"nofollow noopener\" target=\"_blank\">dans un article cibl\u00e9<\/a>.<\/li>\n<li><b>Profiter de l\u2019acc\u00e8s gratuit aux mus\u00e9es<\/b><br \/>Le premier dimanche du mois, l\u2019acc\u00e8s aux mus\u00e9es, du moins aux collections permanentes, est gratuit. C\u2019est l\u2019occasion de se rendre dans un des nombreux b\u00e2timents de la m\u00e9tropole ! Pour savoir lesquels sont concern\u00e9s, <a href=\"https:\/\/actu.fr\/hauts-de-france\/lille_59350\/bon-plan-les-musees-gratuits-a-lille-le-premier-dimanche-du-mois_60915664.html\" rel=\"nofollow noopener\" target=\"_blank\">consultez notre article consacr\u00e9 au sujet<\/a>.<\/li>\n<li><b>Passer un moment en famille \u00e0 Lille Aventure Nature<\/b><br \/>L\u2019\u00e9t\u00e9, la Ville installe un grand village d\u2019activit\u00e9s gratuites, \u00e0 Bois-Blancs. Tyrolienne, piste de luge, tyrolienne, cage de grimpe, accrolud\u2026 Un espace d\u00e9tente pour les parents y est aussi install\u00e9. De quoi passer un agr\u00e9able moment en famille ! Les infos pratiques sont r\u00e9unies <a href=\"https:\/\/www.lille.fr\/Actualites\/Lille-Aventure-Nature-2025\" rel=\"nofollow noopener\" target=\"_blank\">sur le site de la municipalit\u00e9<\/a>.\u00a0<\/li>\n<li><b>Assister \u00e0 la f\u00eate du cheval \u00e0 Villeneuve-d\u2019Ascq<\/b><br \/>Dimanche, le\u00a0mus\u00e9e de Plein Air de Villeneuve d\u2019Ascq\u00a0vous invite \u00e0 vivre une journ\u00e9e\u2026 au triple galop\u2009! Entre\u00a0promenades en cal\u00e8che,\u00a0d\u00e9monstrations spectaculaires,\u00a0ateliers pour petits et grands\u00a0et ambiance d\u2019antan, cette\u00a0f\u00eate du cheval s\u2019annonce riche en \u00e9motions et en d\u00e9couvertes pour toute la famille. L\u2019essentiel des infos <a href=\"https:\/\/actu.fr\/hauts-de-france\/villeneuve-d-ascq_59009\/promenades-en-caleche-spectacles-la-fete-du-cheval-cest-ce-dimanche-a-villeneuve-dascq_62965301.html\" rel=\"nofollow noopener\" target=\"_blank\">\u00e0 retrouver par l\u00e0<\/a>.<\/li>\n<li><b>March\u00e9 de producteurs et animaux de la ferme au Mus\u00e9e de Plein air<\/b><br \/>Le jour d\u2019avant au m\u00eame endroit se tiendra un march\u00e9 de producteurs. Il sera aussi possible de faire des balades \u00e0 poney et de rencontrer des animaux de la ferme. <a href=\"https:\/\/actu.fr\/hauts-de-france\/villeneuve-d-ascq_59009\/pres-de-lille-marche-de-producteurs-balades-a-poney-et-animaux-de-la-ferme-ce-samedi_62972728.html\" rel=\"nofollow noopener\" target=\"_blank\">Infos sur le programme<\/a>.<\/li>\n<\/ul>\n<ul class=\" wall-content\">\n<li><b>Fl\u00e2ner au mus\u00e9e de La Piscine<\/b><br \/>Ses collections, et surtout sa b\u00e2tisse, sont exceptionnels, et connus bien au-del\u00e0 de nos fronti\u00e8res : le mus\u00e9e de La Piscine vous r\u00e9serve de belles surprises, cet \u00e9t\u00e9. Et si vous y alliez ce week-end ? En savoir plus <a href=\"https:\/\/actu.fr\/hauts-de-france\/roubaix_59512\/roubaix-le-magnifique-musee-de-la-piscine-profite-de-lete-pour-enrichir-ses-espaces-permanents_62957594.html\" rel=\"nofollow noopener\" target=\"_blank\">sur l\u2019actu du mus\u00e9e<\/a>.<\/li>\n<li><b>Yoga et pilates \u00e0 Saint-Andr\u00e9 cet \u00e9t\u00e9<\/b><br \/>La saison estivale est propice \u00e0 la d\u00e9tente. \u00c0 Saint-Andr\u00e9-lez-Lille, on l\u2019a bien compris ! Des cours de yoga et pilates sont propos\u00e9s gratuitement chaque dimanche. Pour en savoir plus, c\u2019est <a href=\"https:\/\/actu.fr\/hauts-de-france\/saint-andre-lez-lille_59527\/yoga-pilates-des-seances-zen-gratuites-proposees-chaque-dimanche-a-saint-andre-lez-lille_62955876.html\" rel=\"nofollow noopener\" target=\"_blank\">par ici<\/a>.<\/li>\n<li><b>Chiller dans les guinguettes de la MEL<\/b><br \/>Qui dit \u00e9t\u00e9, dit guinguettes. Et de nombreuses vous attendent dans la m\u00e9tropole lilloise ! Que vous vouliez \u00eatre au bord de l\u2019eau, dans un corps de ferme ou ailleurs, avec des animations ou juste un espace d\u00e9tente, vous trouverez votre bonheur. On vous liste les guinguettes saisonni\u00e8res <a href=\"https:\/\/actu.fr\/hauts-de-france\/lille_59350\/lambersart-tourcoing-wambrechies-les-guinguettes-de-lete-dans-la-metropole-de-lille_62883231.html\" rel=\"nofollow noopener\" target=\"_blank\">dans un article consacr\u00e9 au sujet<\/a>.<\/li>\n<li><b>Chiner dans les brocantes<\/b><br \/>Y a-t-il des ventes pr\u00e9vues en ao\u00fbt sur le secteur ? La r\u00e9ponse est oui ! Pour savoir o\u00f9 et quand en profiter ce week-end, <a href=\"https:\/\/actu.fr\/loisirs-culture\/les-brocantes-vide-greniers-et-braderies-organises-dans-le-nord-pas-de-calais-le-week-end-des-2-et-3-aout_62976243.html\" rel=\"nofollow noopener\" target=\"_blank\">consultez l\u2019agenda, avec les infos pratiques<\/a>.<\/li>\n<li><b>(Re)d\u00e9couvrez les rues de Lille avec des \u00e9nigmes<\/b><br \/>Connaissez-vous bien la ville ? Si vous voulez vous tester dans une exp\u00e9rience ludique en plein air, on sait ce qu\u2019il vous faut ! Hunting Town, <a href=\"https:\/\/actu.fr\/hauts-de-france\/lille_59350\/connaissez-vous-bien-lille-testez-lescape-game-en-exterieur-hunting-town-pour-le-savoir_59894148.html\" rel=\"nofollow noopener\" target=\"_blank\">qu\u2019on avait test\u00e9 il y a quelque temps<\/a>, vous emm\u00e8ne sur un parcours d\u2019\u00e9nigmes. Mieux vaut vous pr\u00e9venir, il faut chausser ses baskets !<\/li>\n<li><b>Naviguer sur la De\u00fble<\/b><br \/>Cette saison, des croisi\u00e8res sont propos\u00e9es sur la De\u00fble, \u00e0 bord du Moussaillon ! Une mani\u00e8re de profiter d\u2019un moment suspendu, tout apprenant des choses sur notre patrimoine fluvial. Pour en savoir plus, consultez <a href=\"https:\/\/actu.fr\/hauts-de-france\/lille_59350\/lille-profitez-dune-croisiere-sur-la-deule-en-embarquant-a-bord-de-ce-bateau_62860205.html\" rel=\"nofollow noopener\" target=\"_blank\">notre article d\u00e9di\u00e9 au sujet<\/a>.<\/li>\n<li><b>Admirer le ciel pour les Nuits des \u00e9toiles<\/b><br \/>Cette ann\u00e9e, les Nuits des \u00e9toiles se tiennent t\u00f4t, d\u00e8s ce vendredi et tout le week-end. Des clubs d\u2019astronomie organisent des soir\u00e9es d\u2019observation. Pour conna\u00eetre celles pr\u00e9vues \u00e0 Lille et dans le Nord, <a href=\"https:\/\/actu.fr\/hauts-de-france\/lille_59350\/nuits-des-etoiles-2025-les-meilleurs-spots-dobservation-pres-de-lille-et-dans-le-nord_62975132.html\" rel=\"nofollow noopener\" target=\"_blank\">c\u2019est par ici<\/a>.<\/li>\n<li><b>Profiter des animations d\u2019\u00e9t\u00e9 \u00e0 Promenade de Flandre<\/b><br \/>La zone commerciale situ\u00e9e \u00e0 Roncq propose des animations estivales pour toute la famille ! Ch\u00e2teaux gonflables, sports et d\u00e9tente\u2026 Plein d\u2019activit\u00e9s gratuites vous y attendent. On vous en dit plus <a href=\"https:\/\/actu.fr\/hauts-de-france\/roncq_59508\/roncq-chateaux-gonflables-sports-et-detente-plein-danimations-gratuites-cet-ete-a-promenade-de-flandre_62965741.html\" rel=\"nofollow noopener\" target=\"_blank\">dans cet article<\/a>.<\/li>\n<li><b>Barbecue et p\u00e9tanque au Cours Saint-So<\/b><br \/>La gare Saint-Sauveur est un endroit id\u00e9al pour passer un moment tranquille. Notamment le Cours Saint-So, o\u00f9 on trouve un espace pour faire un barbecue et un terrain de p\u00e9tanque. Des concerts et DJ sets y sont aussi r\u00e9guli\u00e8rement organis\u00e9s. Pour suivre les actualit\u00e9s du lieu, c\u2019est <a href=\"https:\/\/www.instagram.com\/bb.coursstso\/?hl=fr\" rel=\"nofollow noopener\" target=\"_blank\">par ici<\/a>.<\/li>\n<\/ul>\n<p class=\" wall-content\">\u00c9videmment, cette liste est loin d\u2019\u00eatre exhaustive, tant l\u2019offre de loisirs est riche sur le secteur. Mais \u00e7a vous donne des id\u00e9es !<\/p>\n<p class=\" wall-content\">Suivez-nous aussi sur <a href=\"https:\/\/www.instagram.com\/lilleactu\/?hl=fr\" rel=\"nofollow noopener\" target=\"_blank\">Instagram<\/a>, <a href=\"https:\/\/www.tiktok.com\/@lilleactu?lang=fr\" rel=\"nofollow noopener\" target=\"_blank\">TikTok<\/a>, <a href=\"https:\/\/www.facebook.com\/actufr.lille\/?locale=fr_FR\" rel=\"nofollow noopener\" target=\"_blank\">Facebook<\/a> et <a href=\"https:\/\/x.com\/Lille_actu\" rel=\"nofollow\">X<\/a>.<\/p>\n<p class=\" wall-content\">Suivez toute l\u2019actualit\u00e9 de vos villes et m\u00e9dias favoris en vous inscrivant \u00e0 <a href=\"https:\/\/moncompte.actu.fr\" title=\"D\u00e9couvez Mon Actu\" rel=\"nofollow noopener\" data-trk=\"{&quot;cta&quot;:{&quot;action&quot;:&quot;https:\\\/\\\/moncompte.actu.fr&quot;,&quot;category&quot;:&quot;mon compte&quot;,&quot;from&quot;:&quot;article footer&quot;,&quot;name&quot;:&quot;Mon actu&quot;,&quot;type&quot;:&quot;cta&quot;}}\" target=\"_blank\">Mon Actu<\/a>.<\/p>\n<ul class=\"ac-article-tag wall-content\">\n<li><a href=\"https:\/\/actu.fr\/tag\/bon-plan-a-lille\" data-trk=\"{&quot;cta&quot;:{&quot;action&quot;:&quot;Bon plan \\u00e0 Lille&quot;,&quot;category&quot;:&quot;tag&quot;,&quot;from&quot;:&quot;article footer&quot;,&quot;name&quot;:&quot;Bon plan \\u00e0 Lille&quot;,&quot;type&quot;:&quot;cta&quot;}}\" rel=\"nofollow noopener\" target=\"_blank\">#Bon plan \u00e0 Lille<\/a><\/li>\n<li><a href=\"https:\/\/actu.fr\/tag\/famille\" data-trk=\"{&quot;cta&quot;:{&quot;action&quot;:&quot;Famille&quot;,&quot;category&quot;:&quot;tag&quot;,&quot;from&quot;:&quot;article footer&quot;,&quot;name&quot;:&quot;Famille&quot;,&quot;type&quot;:&quot;cta&quot;}}\" rel=\"nofollow noopener\" target=\"_blank\">#Famille<\/a><\/li>\n<\/ul>\n<p>                    <script async src=\"\/\/www.instagram.com\/embed.js\"><\/script><script async src=\"\/\/www.tiktok.com\/embed.js\"><\/script><\/p>\n","protected":false},"excerpt":{"rendered":"Par Amandine Vachez Publi\u00e9 le 31 juil. 2025 \u00e0 16h46 Vous avez envie de sortir cette fin de&hellip;\n","protected":false},"author":2,"featured_media":287012,"comment_status":"","ping_status":"","sticky":false,"template":"","format":"standard","meta":{"footnotes":""},"categories":[2815],"tags":[1111,11,6557,1777,674,652,1011,27,811,1307,1652,12,25],"class_list":{"0":"post-287011","1":"post","2":"type-post","3":"status-publish","4":"format-standard","5":"has-post-thumbnail","7":"category-lille","8":"tag-actu","9":"tag-actualites","10":"tag-bon-plan-a-lille","11":"tag-eu","12":"tag-europe","13":"tag-famille","14":"tag-fr","15":"tag-france","16":"tag-hauts-de-france","17":"tag-lille","18":"tag-loisirs-culture","19":"tag-news","20":"tag-republique-francaise"},"share_on_mastodon":{"url":"https:\/\/pubeurope.com\/@fr\/114948613340426434","error":""},"_links":{"self":[{"href":"https:\/\/www.europesays.com\/fr\/wp-json\/wp\/v2\/posts\/287011","targetHints":{"allow":["GET"]}}],"collection":[{"href":"https:\/\/www.europesays.com\/fr\/wp-json\/wp\/v2\/posts"}],"about":[{"href":"https:\/\/www.europesays.com\/fr\/wp-json\/wp\/v2\/types\/post"}],"author":[{"embeddable":true,"href":"https:\/\/www.europesays.com\/fr\/wp-json\/wp\/v2\/users\/2"}],"replies":[{"embeddable":true,"href":"https:\/\/www.europesays.com\/fr\/wp-json\/wp\/v2\/comments?post=287011"}],"version-history":[{"count":0,"href":"https:\/\/www.europesays.com\/fr\/wp-json\/wp\/v2\/posts\/287011\/revisions"}],"wp:featuredmedia":[{"embeddable":true,"href":"https:\/\/www.europesays.com\/fr\/wp-json\/wp\/v2\/media\/287012"}],"wp:attachment":[{"href":"https:\/\/www.europesays.com\/fr\/wp-json\/wp\/v2\/media?parent=287011"}],"wp:term":[{"taxonomy":"category","embeddable":true,"href":"https:\/\/www.europesays.com\/fr\/wp-json\/wp\/v2\/categories?post=287011"},{"taxonomy":"post_tag","embeddable":true,"href":"https:\/\/www.europesays.com\/fr\/wp-json\/wp\/v2\/tags?post=287011"}],"curies":[{"name":"wp","href":"https:\/\/api.w.org\/{rel}","templated":true}]}}