{"id":287029,"date":"2025-07-31T15:52:20","date_gmt":"2025-07-31T15:52:20","guid":{"rendered":"https:\/\/www.europesays.com\/fr\/287029\/"},"modified":"2025-07-31T15:52:20","modified_gmt":"2025-07-31T15:52:20","slug":"les-spectacles-et-pieces-de-theatre-a-ne-pas-manquer-ce-week-end-du-1er-au-3-aout-2025","status":"publish","type":"post","link":"https:\/\/www.europesays.com\/fr\/287029\/","title":{"rendered":"Les spectacles et pi\u00e8ces de th\u00e9\u00e2tre \u00e0 ne pas manquer ce week-end du 1er au 3 ao\u00fbt 2025"},"content":{"rendered":"<p><strong>Id\u00e9es de sorties &#8211; Envie de vous divertir ce week-end \u00e0 Paris\u00a0? Que vous aimiez le th\u00e9\u00e2tre, la danse ou le stand-up, voici une s\u00e9lection de spectacles incontournables \u00e0 ne pas manquer. D\u00e9couvrez notre top pour le week-end du 1er au 3\u00a0ao\u00fbt 2025<\/strong><\/p>\n<p>Un week-end de spectacles \u00e0 petit prix\u00a0! Th\u00e9\u00e2tre, danse, stand-up\u2026 Ce week-end ily en a pour tous les go\u00fbts, et gr\u00e2ce \u00e0 <a href=\"https:\/\/www.ticketnunc.com\/?utm_source=article&amp;utm_medium=20_minutes&amp;utm_campaign=article_20minutes&amp;at_medium=RSS%20feed&amp;at_campaign=ynews&amp;utm_source=yahoo&amp;utm_medium=rss&amp;utm_campaign=news_feed&amp;utm_content=in_article_link\" rel=\"nofollow noopener\" target=\"_blank\" data-ylk=\"slk:TicketNunc;elm:context_link;itc:0;sec:content-canvas\" class=\"link \">TicketNunc<\/a>, profitez d\u2019offres de derni\u00e8re minute, entre 24 et 72 heures avant avant la repr\u00e9sentation.<\/p>\n<p>Du th\u00e9\u00e2tre contemporain au stand-up, en passant par des shows de danse ou des spectacles immersifs, ne manquez pas notre s\u00e9lection des meilleurs spectacles pour un week-end culturel sans vous ruiner\u00a0!<\/p>\n<p>Mais attention, les places partent vite, les quantit\u00e9s sont limit\u00e9es.<\/p>\n<p>Oublie-moi<img decoding=\"async\" class=\"caas-img caas-lazy has-preview\" alt=\"[object Object]\" src=\"https:\/\/www.europesays.com\/fr\/wp-content\/uploads\/2025\/05\/6090bf88bcb7aa286e0cf26a2eee3bec.jpeg\"\/><\/p>\n<p>[object Object]<\/p>\n<p>Jeanne et Arthur. Une histoire d\u2019amour. Une belle. Jusqu\u2019au jour o\u00f9 Jeanne demande \u00e0 Arthur\u2026 d\u2019aller chercher du lait et un timbre. Et l\u00e0, tout bascule. \u00ab\u00a0Une histoire d\u2019amour\u00a0\u00bb, c\u2019est un bijou de pi\u00e8ce, aussi dr\u00f4le que bouleversante, multi-prim\u00e9e aux Moli\u00e8res. Port\u00e9e par Marie-Julie Baup et Thierry Lopez, elle a d\u00e9j\u00e0 conquis plus de 150 000 spectateurs. Une p\u00e9pite \u00e0 voir, et \u00e0 ne surtout pas oublier.<\/p>\n<p><a href=\"https:\/\/www.ticketnunc.com\/spectacles\/oublie-moi?utm_source=20_minutes&amp;utm_medium=article&amp;utm_campaign=article_20_minutes\" rel=\"nofollow noopener\" target=\"_blank\" data-ylk=\"slk:Je prends ma place;elm:context_link;itc:0;sec:content-canvas\" class=\"link \">Je prends ma place<\/a>Le Mythe de Sisyphe<img decoding=\"async\" class=\"caas-img caas-lazy has-preview\" alt=\"[object Object]\" src=\"https:\/\/www.europesays.com\/fr\/wp-content\/uploads\/2025\/07\/d5f672cf5858f00e9911618b14cd4111.jpeg\"\/><\/p>\n<p>[object Object]<\/p>\n<p>Sisyphe, le rocher, l\u2019\u00e9ternel recommencement. On conna\u00eet. Mais quand Camus s\u2019en empare, \u00e7a devient une r\u00e9flexion mordante sur l\u2019absurde et la condition humaine. Sur sc\u00e8ne, Pierre Martot donne corps \u00e0 ce texte culte avec une sobri\u00e9t\u00e9 pleine de force. C\u2019est du th\u00e9\u00e2tre classique, oui. Mais de celui qui vous laisse secou\u00e9.<\/p>\n<p><a href=\"https:\/\/www.ticketnunc.com\/spectacles\/le-mythe-de-sisyphe?utm_source=20_minutes&amp;utm_medium=articles&amp;utm_campaign=article_20_minutes\" rel=\"nofollow noopener\" target=\"_blank\" data-ylk=\"slk:Je prends ma place;elm:context_link;itc:0;sec:content-canvas\" class=\"link \">Je prends ma place<\/a>Soleil<img decoding=\"async\" class=\"caas-img caas-lazy has-preview\" alt=\"[object Object]\" src=\"https:\/\/www.europesays.com\/fr\/wp-content\/uploads\/2025\/07\/afafc53639e342b97206cddd5d459537.jpeg\"\/><\/p>\n<p>[object Object]<\/p>\n<p>Raymond Carver, c\u2019est la classe moyenne am\u00e9ricaine, ses drames du quotidien, ses silences lourds et ses instan(&#8230;)<\/p>\n<p><a href=\"https:\/\/www.20minutes.fr\/arts-stars\/loisirs\/4166056-20250731-paris-spectacles-pieces-theatre-manquer-week-end-1er-3-aout-2025?at_medium=RSS%20feed&amp;at_campaign=ynews&amp;utm_source=yahoo&amp;utm_medium=rss&amp;utm_campaign=news_feed&amp;utm_content=read_more_link&quot;\" rel=\"nofollow noopener\" target=\"_blank\" data-ylk=\"slk:Lire la suite sur 20minutes;elm:context_link;itc:0;sec:content-canvas\" class=\"link \">Lire la suite sur 20minutes<\/a><\/p>\n<p>\u00c0 lire aussi :<br \/><a href=\"https:\/\/www.20minutes.fr\/arts-stars\/culture\/musique\/4165944-20250730-comment-expliquer-engouement-mondial-autour-aya-nakamura?at_medium=RSS%20feed&amp;at_campaign=ynews&amp;utm_source=yahoo&amp;utm_medium=rss&amp;utm_campaign=news_feed&amp;utm_content=related_content_link\" rel=\"nofollow noopener\" target=\"_blank\" data-ylk=\"slk:Comment expliquer l\u2019engouement mondial autour d\u2019Aya Nakamura\u00a0?;elm:context_link;itc:0;sec:content-canvas\" class=\"link \">Comment expliquer l\u2019engouement mondial autour d\u2019Aya Nakamura\u00a0?<\/a><br \/><a href=\"https:\/\/www.20minutes.fr\/arts-stars\/culture\/4165742-20250729-quoi-polemique-autour-actrice-sydney-sweeney-publicite-marque-jeans?at_medium=RSS%20feed&amp;at_campaign=ynews&amp;utm_source=yahoo&amp;utm_medium=rss&amp;utm_campaign=news_feed&amp;utm_content=related_content_link\" rel=\"nofollow noopener\" target=\"_blank\" data-ylk=\"slk:C\u2019est quoi cette pol\u00e9mique autour de l\u2019actrice Sydney Sweeney et d\u2019une publicit\u00e9 pour une marque de jeans\u00a0?;elm:context_link;itc:0;sec:content-canvas\" class=\"link \">C\u2019est quoi cette pol\u00e9mique autour de l\u2019actrice Sydney Sweeney et d\u2019une publicit\u00e9 pour une marque de jeans\u00a0?<\/a><\/p>\n","protected":false},"excerpt":{"rendered":"Id\u00e9es de sorties &#8211; Envie de vous divertir ce week-end \u00e0 Paris\u00a0? Que vous aimiez le th\u00e9\u00e2tre, la&hellip;\n","protected":false},"author":2,"featured_media":268343,"comment_status":"","ping_status":"","sticky":false,"template":"","format":"standard","meta":{"footnotes":""},"categories":[1888],"tags":[1111,1928,11,1927,1777,674,1011,27,26316,12,1926,626,1925,25,41092,853,1347,42577,6966],"class_list":{"0":"post-287029","1":"post","2":"type-post","3":"status-publish","4":"format-standard","5":"has-post-thumbnail","7":"category-paris","8":"tag-actu","9":"tag-actu-paris","10":"tag-actualites","11":"tag-actualites-paris","12":"tag-eu","13":"tag-europe","14":"tag-fr","15":"tag-france","16":"tag-idees-de-sorties","17":"tag-news","18":"tag-news-paris","19":"tag-paris","20":"tag-paris-news","21":"tag-republique-francaise","22":"tag-rue-louis-le-grand","23":"tag-spectacles","24":"tag-theatre","25":"tag-theatre-essaion","26":"tag-une-histoire-damour"},"share_on_mastodon":{"url":"https:\/\/pubeurope.com\/@fr\/114948652926611550","error":""},"_links":{"self":[{"href":"https:\/\/www.europesays.com\/fr\/wp-json\/wp\/v2\/posts\/287029","targetHints":{"allow":["GET"]}}],"collection":[{"href":"https:\/\/www.europesays.com\/fr\/wp-json\/wp\/v2\/posts"}],"about":[{"href":"https:\/\/www.europesays.com\/fr\/wp-json\/wp\/v2\/types\/post"}],"author":[{"embeddable":true,"href":"https:\/\/www.europesays.com\/fr\/wp-json\/wp\/v2\/users\/2"}],"replies":[{"embeddable":true,"href":"https:\/\/www.europesays.com\/fr\/wp-json\/wp\/v2\/comments?post=287029"}],"version-history":[{"count":0,"href":"https:\/\/www.europesays.com\/fr\/wp-json\/wp\/v2\/posts\/287029\/revisions"}],"wp:featuredmedia":[{"embeddable":true,"href":"https:\/\/www.europesays.com\/fr\/wp-json\/wp\/v2\/media\/268343"}],"wp:attachment":[{"href":"https:\/\/www.europesays.com\/fr\/wp-json\/wp\/v2\/media?parent=287029"}],"wp:term":[{"taxonomy":"category","embeddable":true,"href":"https:\/\/www.europesays.com\/fr\/wp-json\/wp\/v2\/categories?post=287029"},{"taxonomy":"post_tag","embeddable":true,"href":"https:\/\/www.europesays.com\/fr\/wp-json\/wp\/v2\/tags?post=287029"}],"curies":[{"name":"wp","href":"https:\/\/api.w.org\/{rel}","templated":true}]}}