{"id":28703,"date":"2025-04-16T07:17:09","date_gmt":"2025-04-16T07:17:09","guid":{"rendered":"https:\/\/www.europesays.com\/fr\/28703\/"},"modified":"2025-04-16T07:17:09","modified_gmt":"2025-04-16T07:17:09","slug":"accident-pres-de-toulouse-une-voiture-percute-la-terrasse-dune-pizzeria-les-images","status":"publish","type":"post","link":"https:\/\/www.europesays.com\/fr\/28703\/","title":{"rendered":"Accident pr\u00e8s de Toulouse. Une voiture percute la terrasse d&rsquo;une pizzeria : les images"},"content":{"rendered":"<p>            Par<br \/>\n        <strong><br \/>\n            <a href=\"https:\/\/actu.fr\/auteur\/marie-lamarque\" title=\"Consulter tous les articles de Marie Lamarque\" rel=\"nofollow noopener\" target=\"_blank\">Marie Lamarque<\/a><br \/>\n        <\/strong><\/p>\n<p>        Publi\u00e9 le<\/p>\n<p>            15 avr. 2025 \u00e0 16h37        <\/p>\n<p>La sc\u00e8ne avait de quoi interpeller les habitants de Blagnac, pr\u00e8s de <a href=\"https:\/\/actu.fr\/toulouse\/\" rel=\"nofollow noopener\" target=\"_blank\">Toulouse<\/a>, au lever du jour ce lundi 14\u00a0avril 2025. Dans le c\u0153ur de ville de la Cit\u00e9 des Caouecs, en face de la place de l\u2019\u00e9glise, la terrasse de la <strong>pizzeria Mongelli<\/strong> \u00e9tait sens dessus dessous. La faute \u00e0 un v\u00e9hicule qui est venu percuter l\u2019entr\u00e9e du commerce, situ\u00e9 au carrefour de la rue Lavigne et des boulevards Firmin-Pons et Jean-Rivet.<\/p>\n<p>    <a href=\"https:\/\/www.google.com\/maps\/embed?pb=!1m18!1m12!1m3!1d721.9168302855238!2d1.3979293695613522!3d43.63428266883095!2m3!1f0!2f0!3f0!3m2!1i1024!2i768!4f13.1!3m3!1m2!1s0x12aea52c1f649083%3A0x1564a4f81342e453!2sPizza%20Mongelli%20Blagnac!5e0!3m2!1sfr!2sfr!4v1744725808974!5m2!1sfr!2sfr\" title=\"Ouvrie le lien\" rel=\"nofollow noopener\" target=\"_blank\">Cliquez ici pour visualiser le contenu<\/a><\/p>\n<p>Pas de victime<\/p>\n<p class=\" wall-content\">S\u2019agissait-il d\u2019un chauffard\u2009? D\u2019un conducteur qui aurait simplement perdu le contr\u00f4le de son v\u00e9hicule\u2009? Une source polici\u00e8re d\u2019Actu Toulouse n\u2019avait, pour l\u2019heure, pas d\u2019\u00e9l\u00e9ments \u00e0 communiquer.<\/p>\n<p class=\" wall-content\">Heureusement, l\u2019accident n\u2019aura fait <strong>aucune victime<\/strong>. Mais les images des dommages t\u00e9moignent du choc survenu en pleine nuit.<\/p>\n<p>      <img   decoding=\"async\" loading=\"lazy\" src=\"https:\/\/www.europesays.com\/fr\/wp-content\/uploads\/2025\/04\/terrasse-blagnac-pizzeria-accident-960x640.jpg\" alt=\"La sc\u00e8ne avait de quoi surprendre ce lundi.\" width=\"960\" height=\"640\"\/><br \/>\n    La sc\u00e8ne avait de quoi surprendre ce lundi. (\u00a9Internaute d\u2019Actu Toulouse)Vid\u00e9os : en ce moment sur Actu<\/p>\n<p class=\" wall-content\">Sur les r\u00e9seaux sociaux, l\u2019\u00e9v\u00e8nement a cr\u00e9\u00e9 le d\u00e9bat entre les Blagnacais. Certains d\u00e9noncent \u00ab\u2009une terrasse mal plac\u00e9e\u2009\u00bb, tandis que d\u2019autres soulignent que le boulevard est suffisamment large et en sens unique.<\/p>\n<p>Une Maison championne du monde<\/p>\n<p class=\" wall-content\">\u00ab\u2009Bon courage Pinin pour la remise en \u00e9tat\u2009\u00bb, \u00e9crit une cliente en s\u2019adressant au g\u00e9rant de la pizzeria. Un message qui n\u2019est pas pass\u00e9 inaper\u00e7u puisque le commer\u00e7ant a indiqu\u00e9 que la terrasse avait \u00e9t\u00e9 remise en place, \u00ab\u2009le temps de la r\u00e9parer compl\u00e8tement\u2009\u00bb.<\/p>\n<p class=\" wall-content\">De quoi ravir les habitu\u00e9s de l\u2019adresse qui se distingue <a href=\"https:\/\/actu.fr\/occitanie\/toulouse_31555\/ou-manger-les-meilleures-pizzas-a-toulouse-decouvrez-notre-top-10-dans-la-ville-rose_62049655.html\" rel=\"nofollow noopener\" target=\"_blank\">parmi toutes les pizzerias de la Ville rose<\/a>. La maison Mongelli est aussi l\u2019une des plus anciennes de Toulouse. Elle a \u00e9t\u00e9 sacr\u00e9e <strong>championne de monde de la pizza<\/strong> classique et alternative par la Ville de Rimini en Italie en\u00a02010 et\u00a02012. En plus de l\u2019adresse blagnacaise, huit autres restaurants sont franchis\u00e9s dans la r\u00e9gion toulousaine.<\/p>\n<p class=\" wall-content\">Suivez toute l\u2019actualit\u00e9 de vos villes et m\u00e9dias favoris en vous inscrivant \u00e0 <a href=\"https:\/\/moncompte.actu.fr\" title=\"D\u00e9couvez Mon Actu\" rel=\"nofollow noopener\" data-trk=\"{&quot;cta&quot;:{&quot;action&quot;:&quot;https:\\\/\\\/moncompte.actu.fr&quot;,&quot;category&quot;:&quot;mon compte&quot;,&quot;from&quot;:&quot;article footer&quot;,&quot;name&quot;:&quot;Mon actu&quot;,&quot;type&quot;:&quot;cta&quot;}}\" target=\"_blank\">Mon Actu<\/a>.<\/p>\n","protected":false},"excerpt":{"rendered":"Par Marie Lamarque Publi\u00e9 le 15 avr. 2025 \u00e0 16h37 La sc\u00e8ne avait de quoi interpeller les habitants&hellip;\n","protected":false},"author":2,"featured_media":28704,"comment_status":"","ping_status":"","sticky":false,"template":"","format":"standard","meta":{"footnotes":""},"categories":[2816],"tags":[119,1111,11,1777,674,118,1011,27,12,2680,25,2312],"class_list":{"0":"post-28703","1":"post","2":"type-post","3":"status-publish","4":"format-standard","5":"has-post-thumbnail","7":"category-toulouse","8":"tag-accident","9":"tag-actu","10":"tag-actualites","11":"tag-eu","12":"tag-europe","13":"tag-faits-divers","14":"tag-fr","15":"tag-france","16":"tag-news","17":"tag-occitanie","18":"tag-republique-francaise","19":"tag-toulouse"},"share_on_mastodon":{"url":"https:\/\/pubeurope.com\/@fr\/114346422857750381","error":""},"_links":{"self":[{"href":"https:\/\/www.europesays.com\/fr\/wp-json\/wp\/v2\/posts\/28703","targetHints":{"allow":["GET"]}}],"collection":[{"href":"https:\/\/www.europesays.com\/fr\/wp-json\/wp\/v2\/posts"}],"about":[{"href":"https:\/\/www.europesays.com\/fr\/wp-json\/wp\/v2\/types\/post"}],"author":[{"embeddable":true,"href":"https:\/\/www.europesays.com\/fr\/wp-json\/wp\/v2\/users\/2"}],"replies":[{"embeddable":true,"href":"https:\/\/www.europesays.com\/fr\/wp-json\/wp\/v2\/comments?post=28703"}],"version-history":[{"count":0,"href":"https:\/\/www.europesays.com\/fr\/wp-json\/wp\/v2\/posts\/28703\/revisions"}],"wp:featuredmedia":[{"embeddable":true,"href":"https:\/\/www.europesays.com\/fr\/wp-json\/wp\/v2\/media\/28704"}],"wp:attachment":[{"href":"https:\/\/www.europesays.com\/fr\/wp-json\/wp\/v2\/media?parent=28703"}],"wp:term":[{"taxonomy":"category","embeddable":true,"href":"https:\/\/www.europesays.com\/fr\/wp-json\/wp\/v2\/categories?post=28703"},{"taxonomy":"post_tag","embeddable":true,"href":"https:\/\/www.europesays.com\/fr\/wp-json\/wp\/v2\/tags?post=28703"}],"curies":[{"name":"wp","href":"https:\/\/api.w.org\/{rel}","templated":true}]}}