{"id":287030,"date":"2025-07-31T15:53:14","date_gmt":"2025-07-31T15:53:14","guid":{"rendered":"https:\/\/www.europesays.com\/fr\/287030\/"},"modified":"2025-07-31T15:53:14","modified_gmt":"2025-07-31T15:53:14","slug":"rumeur-dattouchements-sur-des-bebes-noirs-lhopital-de-montreuil-dement-et-engage-des-poursuites","status":"publish","type":"post","link":"https:\/\/www.europesays.com\/fr\/287030\/","title":{"rendered":"Rumeur d\u2019attouchements sur des b\u00e9b\u00e9s noirs\u00a0: l\u2019h\u00f4pital de Montreuil d\u00e9ment et engage des poursuites"},"content":{"rendered":"<p class=\"paragraph text_align_left lp-f-body-02\">La rumeur s\u2019est propag\u00e9e si vite qu\u2019elle a contraint la direction de <a href=\"https:\/\/www.leparisien.fr\/seine-saint-denis-93\/plus-de-10-millions-deuros-pour-moderniser-et-developper-loffre-de-soins-de-lhopital-de-montreuil-20-05-2025-Z3K2M4Y5RJH4ZFFJK6RM2PES4M.php\" target=\"_self\" rel=\"nofollow noopener\">l\u2019h\u00f4pital de Montreuil<\/a> \u00e0 la d\u00e9mentir dans les heures qui ont suivi. Ce mercredi, une vid\u00e9o diffus\u00e9e sur les r\u00e9seaux sociaux Instagram et <a href=\"https:\/\/www.leparisien.fr\/high-tech\/tiktok-algorithme-formats-et-contenu-plongee-dans-les-rouages-dun-piege-presque-parfait-18-06-2025-BTM5KJAVBFHGBNB4NC7ULPC6EY.php\" target=\"_self\" rel=\"nofollow noopener\">TikTok<\/a> rapportait des faits de maltraitance et d\u2019attouchements sexuels sur des b\u00e9b\u00e9s \u00ab dans un h\u00f4pital situ\u00e9 en Seine-Saint-Denis \u00bb.<\/p>\n<p class=\"paragraph text_align_left lp-f-body-02\">Un homme et une femme, qui travailleraient dans cet \u00e9tablissement, y sont accus\u00e9s de divers abus sur des nourrissons. Certains actes auraient \u00e9t\u00e9 film\u00e9s et diffus\u00e9s sur les plateformes Snapchat et Telegram. Les images montrent les visages \u2014 tr\u00e8s \u2014 l\u00e9g\u00e8rement flout\u00e9s des deux agresseurs pr\u00e9sum\u00e9s, dont une voix off cite les suppos\u00e9s pr\u00e9noms.<\/p>\n","protected":false},"excerpt":{"rendered":"La rumeur s\u2019est propag\u00e9e si vite qu\u2019elle a contraint la direction de l\u2019h\u00f4pital de Montreuil \u00e0 la d\u00e9mentir&hellip;\n","protected":false},"author":2,"featured_media":287031,"comment_status":"","ping_status":"","sticky":false,"template":"","format":"standard","meta":{"footnotes":""},"categories":[1888],"tags":[11,1777,674,118,1011,27,1944,12,626,25,1945],"class_list":{"0":"post-287030","1":"post","2":"type-post","3":"status-publish","4":"format-standard","5":"has-post-thumbnail","7":"category-paris","8":"tag-actualites","9":"tag-eu","10":"tag-europe","11":"tag-faits-divers","12":"tag-fr","13":"tag-france","14":"tag-ma-ville","15":"tag-news","16":"tag-paris","17":"tag-republique-francaise","18":"tag-seine-saint-denis"},"share_on_mastodon":{"url":"https:\/\/pubeurope.com\/@fr\/114948656642874009","error":""},"_links":{"self":[{"href":"https:\/\/www.europesays.com\/fr\/wp-json\/wp\/v2\/posts\/287030","targetHints":{"allow":["GET"]}}],"collection":[{"href":"https:\/\/www.europesays.com\/fr\/wp-json\/wp\/v2\/posts"}],"about":[{"href":"https:\/\/www.europesays.com\/fr\/wp-json\/wp\/v2\/types\/post"}],"author":[{"embeddable":true,"href":"https:\/\/www.europesays.com\/fr\/wp-json\/wp\/v2\/users\/2"}],"replies":[{"embeddable":true,"href":"https:\/\/www.europesays.com\/fr\/wp-json\/wp\/v2\/comments?post=287030"}],"version-history":[{"count":0,"href":"https:\/\/www.europesays.com\/fr\/wp-json\/wp\/v2\/posts\/287030\/revisions"}],"wp:featuredmedia":[{"embeddable":true,"href":"https:\/\/www.europesays.com\/fr\/wp-json\/wp\/v2\/media\/287031"}],"wp:attachment":[{"href":"https:\/\/www.europesays.com\/fr\/wp-json\/wp\/v2\/media?parent=287030"}],"wp:term":[{"taxonomy":"category","embeddable":true,"href":"https:\/\/www.europesays.com\/fr\/wp-json\/wp\/v2\/categories?post=287030"},{"taxonomy":"post_tag","embeddable":true,"href":"https:\/\/www.europesays.com\/fr\/wp-json\/wp\/v2\/tags?post=287030"}],"curies":[{"name":"wp","href":"https:\/\/api.w.org\/{rel}","templated":true}]}}