{"id":287036,"date":"2025-07-31T15:56:19","date_gmt":"2025-07-31T15:56:19","guid":{"rendered":"https:\/\/www.europesays.com\/fr\/287036\/"},"modified":"2025-07-31T15:56:19","modified_gmt":"2025-07-31T15:56:19","slug":"lukraine-retropedale-et-retablit-lindependance-dinstances-anticorruption","status":"publish","type":"post","link":"https:\/\/www.europesays.com\/fr\/287036\/","title":{"rendered":"L&rsquo;Ukraine r\u00e9trop\u00e9dale et r\u00e9tablit l&rsquo;ind\u00e9pendance d&rsquo;instances anticorruption"},"content":{"rendered":"<ul class=\"jsx-862013697 ArticleChapo__List\">\n<li class=\"jsx-862013697 ArticleChapo__List_Item flex\">Le Parlement ukrainien a adopt\u00e9 jeudi une loi r\u00e9tablissant l&rsquo;ind\u00e9pendance d&rsquo;instances anticorruption.<\/li>\n<li class=\"jsx-862013697 ArticleChapo__List_Item flex\">\u00ab\u00a0Je viens de signer le document et le texte sera publi\u00e9 imm\u00e9diatement\u00a0\u00bb, s&rsquo;est f\u00e9licit\u00e9 Volodymyr Zelensky.<\/li>\n<li class=\"jsx-862013697 ArticleChapo__List_Item flex\">Ce texte revient sur un pr\u00e9c\u00e9dent document vot\u00e9 il y a quelques jours, d\u00e9cri\u00e9 par la soci\u00e9t\u00e9 civile et l&rsquo;Union europ\u00e9enne.<\/li>\n<\/ul>\n<p data-module=\"article-paragraph\" class=\"jsx-3046738180 Paragraph Paragraph__End\">Le retour en arri\u00e8re a \u00e9t\u00e9 salu\u00e9. Le pr\u00e9sident ukrainien Volodymyr Zelensky a ratifi\u00e9, jeudi 31 juillet, une loi r\u00e9tablissant l&rsquo;ind\u00e9pendance d&rsquo;instances anticorruption, revenant sur un pr\u00e9c\u00e9dent texte d\u00e9cri\u00e9 par la soci\u00e9t\u00e9 civile et l&rsquo;Union europ\u00e9enne qui a salu\u00e9 le r\u00e9tablissement de \u00ab\u00a0garde-fous\u00a0\u00bb. \u00ab\u00a0Je viens de signer le document et le texte sera publi\u00e9 imm\u00e9diatement\u00a0\u00bb, a-t-il dit dans un message publi\u00e9 sur Telegram, se f\u00e9licitant que cette l\u00e9gislation garantisse \u00ab\u00a0le travail normal et ind\u00e9pendant\u00a0\u00bb de ces instances.<\/p>\n<p data-module=\"article-paragraph\" class=\"jsx-3046738180 Paragraph Paragraph__End\">Le projet de loi, propos\u00e9 par le dirigeant ukrainien, a \u00e9t\u00e9 approuv\u00e9 un peu plus t\u00f4t par le Parlement, avec un total de 331 d\u00e9put\u00e9s pour, le minimum requis \u00e9tant de 226, au cours de la session pl\u00e9ni\u00e8re retransmise en direct. La <a href=\"https:\/\/www.tf1info.fr\/international\/guerre-ukraine-russie-volodymyr-zelensky-veut-la-nommer-premiere-ministre-qui-est-ioulia-svyrydenko-la-ministre-de-l-economie-ukrainienne-2382845.html\" target=\"_blank\" rel=\"noopener\">Premi\u00e8re ministre Ioulia Svyrydenko<\/a> a aussit\u00f4t salu\u00e9 le vote, assurant que la nouvelle loi \u00ab\u00a0\u00e9limine le risque d&rsquo;ing\u00e9rence dans le travail des organismes de lutte contre la corruption\u00a0\u00bb.\u00a0\u00ab\u00a0Il s&rsquo;agit d&rsquo;une r\u00e9ponse claire aux attentes de la soci\u00e9t\u00e9 et de nos partenaires europ\u00e9ens\u00a0\u00bb, a-t-elle ajout\u00e9 sur les r\u00e9seaux sociaux.\u00a0<\/p>\n<p>Manifestations d&rsquo;ampleur<\/p>\n<p data-module=\"article-paragraph\" class=\"jsx-3046738180 Paragraph\">Le pr\u00e9c\u00e9dent document vot\u00e9 le 22 juillet pla\u00e7ait l&rsquo;agence nationale anticorruption (le NABU) et le parquet sp\u00e9cialis\u00e9 anticorruption (le SAP) directement sous la tutelle du procureur g\u00e9n\u00e9ral, lui-m\u00eame nomm\u00e9 par le chef de l&rsquo;\u00c9tat. Tr\u00e8s critiqu\u00e9e par la soci\u00e9t\u00e9 civile ukrainienne et par l&rsquo;UE, soutien cl\u00e9 de Kiev face \u00e0 la Russie, <a href=\"https:\/\/www.tf1info.fr\/international\/loi-anticorruption-en-ukraine-fragilise-par-des-manifestations-inedites-volodymyr-zelensky-retropedale-2384882.html\" target=\"_blank\" rel=\"noopener\">la loi avait aussi provoqu\u00e9 les premi\u00e8res manifestations d&rsquo;ampleur en Ukraine<\/a> depuis le d\u00e9but de l&rsquo;invasion russe en 2022.\u00a0<\/p>\n<p data-module=\"article-paragraph\" class=\"jsx-3046738180 Paragraph Paragraph__End\">L&rsquo;initiative avait \u00e9t\u00e9 qualifi\u00e9e de \u00ab\u00a0s\u00e9rieux recul\u00a0\u00bb par l&rsquo;Union europ\u00e9enne. Apr\u00e8s le vote, Guillaume Mercier, porte-parole de la Commission europ\u00e9enne, a estim\u00e9 que le Parlement a \u00ab\u00a0r\u00e9tabli les garanties essentielles pour l&rsquo;ind\u00e9pendance des organismes de lutte contre la corruption\u00a0\u00bb.\u00a0Il a toutefois soulign\u00e9 que la Commission europ\u00e9enne devait \u00ab\u00a0examiner le texte final\u00a0\u00bb de loi. L&rsquo;adh\u00e9sion \u00e0 l&rsquo;UE \u00ab\u00a0exigera des efforts continus pour garantir une forte capacit\u00e9 \u00e0 lutter contre la corruption et \u00e0 respecter l&rsquo;\u00c9tat de droit\u00a0\u00bb, a-t-il pr\u00e9venu.\u00a0<\/p>\n<p><a href=\"https:\/\/www.tf1info.fr\/international\/guerre-ukraine-russie-donald-trump-previent-que-son-ultimatum-a-vladimir-poutine-pour-stopper-la-guerre-en-ukraine-prendra-fin-dans-10-jours-2385904.html\" rel=\"noopener\" class=\"jsx-3308031228 Link flex\" target=\"_blank\"><img decoding=\"async\" src=\"https:\/\/www.europesays.com\/fr\/wp-content\/uploads\/2025\/07\/donald-trump-maison-blanche-7-juillet-2025-74f83d-0@1x.jpeg\" alt=\"Donald Trump lors d'un d\u00eener avec Benyamin Netanyahou \u00e0 la Maison Blanche le 7 juillet 2025.\" loading=\"lazy\" importance=\"low\" fetchpriority=\"low\" class=\"\" aria-hidden=\"true\"\/><\/p>\n<p class=\"jsx-3657663356 ReadMoreArticle__Title\">Lire aussi<\/p>\n<p class=\"jsx-3657663356\">Trump pr\u00e9vient que son ultimatum \u00e0 Poutine pour stopper la guerre en Ukraine prendra fin dans 10 jours<\/p>\n<p><\/a><\/p>\n<p data-module=\"article-paragraph\" class=\"jsx-3046738180 Paragraph Paragraph__End\">Confront\u00e9 \u00e0 la premi\u00e8re crise politique grave depuis le d\u00e9but de son mandat il y a six ans, Volodymyr Zelensky a d&rsquo;abord tent\u00e9 de d\u00e9fendre le texte en accusant les structures concern\u00e9es d&rsquo;inefficacit\u00e9 et d&rsquo;\u00eatre sous \u00ab\u00a0influence russe\u00a0\u00bb. Il a fini par assurer jeudi avoir \u00ab\u00a0\u00e9cout\u00e9\u00a0\u00bb les manifestants et propos\u00e9 un nouveau texte, salu\u00e9 par le NABU et le SAP, et qui vient d&rsquo;\u00eatre vot\u00e9 par les d\u00e9put\u00e9s : cette nouvelle loi renouvelle la plupart des dispositions assurant l&rsquo;ind\u00e9pendance de ces deux instances. Elle introduit cependant des v\u00e9rifications suppl\u00e9mentaires, notamment des tests r\u00e9guliers au d\u00e9tecteur de mensonges pour leurs employ\u00e9s avec acc\u00e8s aux informations classifi\u00e9es, afin d&rsquo;\u00e9viter toute \u00ab\u00a0action au profit\u00a0\u00bb de la Russie, selon le texte publi\u00e9 sur le site du Parlement.<\/p>\n<p>J.F. avec AFP<\/p>\n","protected":false},"excerpt":{"rendered":"Le Parlement ukrainien a adopt\u00e9 jeudi une loi r\u00e9tablissant l&rsquo;ind\u00e9pendance d&rsquo;instances anticorruption. \u00ab\u00a0Je viens de signer le document&hellip;\n","protected":false},"author":2,"featured_media":287037,"comment_status":"","ping_status":"","sticky":false,"template":"","format":"standard","meta":{"footnotes":""},"categories":[1590],"tags":[1111,11,1921,1777,674,1922,12,220,364,133,1920,134],"class_list":{"0":"post-287036","1":"post","2":"type-post","3":"status-publish","4":"format-standard","5":"has-post-thumbnail","7":"category-ukraine","8":"tag-actu","9":"tag-actualites","10":"tag-article-video","11":"tag-eu","12":"tag-europe","13":"tag-info","14":"tag-news","15":"tag-ukraine","16":"tag-union-europeenne","17":"tag-video","18":"tag-video-international","19":"tag-volodymyr-zelensky"},"share_on_mastodon":{"url":"https:\/\/pubeurope.com\/@fr\/114948668516287130","error":""},"_links":{"self":[{"href":"https:\/\/www.europesays.com\/fr\/wp-json\/wp\/v2\/posts\/287036","targetHints":{"allow":["GET"]}}],"collection":[{"href":"https:\/\/www.europesays.com\/fr\/wp-json\/wp\/v2\/posts"}],"about":[{"href":"https:\/\/www.europesays.com\/fr\/wp-json\/wp\/v2\/types\/post"}],"author":[{"embeddable":true,"href":"https:\/\/www.europesays.com\/fr\/wp-json\/wp\/v2\/users\/2"}],"replies":[{"embeddable":true,"href":"https:\/\/www.europesays.com\/fr\/wp-json\/wp\/v2\/comments?post=287036"}],"version-history":[{"count":0,"href":"https:\/\/www.europesays.com\/fr\/wp-json\/wp\/v2\/posts\/287036\/revisions"}],"wp:featuredmedia":[{"embeddable":true,"href":"https:\/\/www.europesays.com\/fr\/wp-json\/wp\/v2\/media\/287037"}],"wp:attachment":[{"href":"https:\/\/www.europesays.com\/fr\/wp-json\/wp\/v2\/media?parent=287036"}],"wp:term":[{"taxonomy":"category","embeddable":true,"href":"https:\/\/www.europesays.com\/fr\/wp-json\/wp\/v2\/categories?post=287036"},{"taxonomy":"post_tag","embeddable":true,"href":"https:\/\/www.europesays.com\/fr\/wp-json\/wp\/v2\/tags?post=287036"}],"curies":[{"name":"wp","href":"https:\/\/api.w.org\/{rel}","templated":true}]}}